{"id":667615,"date":"2025-12-23T21:45:22","date_gmt":"2025-12-23T21:45:22","guid":{"rendered":"https:\/\/www.europesays.com\/de\/667615\/"},"modified":"2025-12-23T21:45:22","modified_gmt":"2025-12-23T21:45:22","slug":"europaeische-union-und-sie-bewegt-sich-doch","status":"publish","type":"post","link":"https:\/\/www.europesays.com\/de\/667615\/","title":{"rendered":"Europ\u00e4ische Union: Und sie bewegt sich doch"},"content":{"rendered":"<p class=\"paragraph\">Es ist sechs Jahre her, da trat die damals frisch gew\u00e4hlte Kommissionspr\u00e4sidentin <a class=\"rtr-entity\" href=\"https:\/\/www.zeit.de\/thema\/ursula-von-der-leyen\" target=\"_blank\" rel=\"noopener\">Ursula von der Leyen<\/a> vor die Presse <a href=\"https:\/\/www.zeit.de\/politik\/ausland\/2019-12\/eu-green-deal-klimaschutz-ursula-von-der-leyen\" class=\"\" target=\"_blank\" rel=\"noopener\">und verk\u00fcndete den Green Deal<\/a>. Klimaneutral bis 2050, f\u00fchrend bei der Entwicklung gr\u00fcner Technologien, Europa w\u00fcrde der Welt ein Beispiel geben \u2013 und die Welt w\u00fcrde folgen. Nun, es kam anders. <a href=\"https:\/\/www.zeit.de\/politik\/ausland\/2025-12\/usa-europa-nationale-sicherheitsstrategie-demokratie\" class=\"\" target=\"_blank\" rel=\"noopener\">Verlassen von den USA<\/a>, bedroht von Russland, bedr\u00e4ngt von China, k\u00e4mpft die Europ\u00e4ische Union heute um ihre Existenz.\n<\/p>\n<p class=\"paragraph\">Es stellt sich die Frage, ob die <a class=\"rtr-entity\" href=\"https:\/\/www.zeit.de\/thema\/europaeische-union\" target=\"_blank\" rel=\"noopener\">EU<\/a> \u00fcberhaupt gebaut ist f\u00fcr eine Welt geopolitischen Machtpokers, f\u00fcr eine &#8222;Wolfszeit&#8220;, wie es derzeit oft hei\u00dft. <a href=\"https:\/\/www.zeit.de\/politik\/ausland\/2022-02\/russland-ukraine-invasion-krieg-chronik\" class=\"\" target=\"_blank\" rel=\"noopener\">Der russische Gewaltherrscher Wladimir Putin \u00fcberf\u00e4llt die Ukraine<\/a>, ein gro\u00dfes europ\u00e4isches Land. US-Pr\u00e4sident Donald Trump nimmt Europa wie einen verachteten Feind ins Fadenkreuz. China \u00fcberschwemmt den europ\u00e4ischen Markt nicht mehr nur mit Billigprodukten, sondern mit Qualit\u00e4tsware. Wenn all das geschieht, kann die Union da \u00fcberhaupt noch bestehen? Etwas grunds\u00e4tzlicher gefragt: Wie soll das Friedensprojekt EU in einer Welt \u00fcberleben, in der Gewalt nicht mehr die Ultima Ratio politischen Handelns ist, sondern immer h\u00e4ufiger das erste Mittel der Wahl?<\/p>\n","protected":false},"excerpt":{"rendered":"Es ist sechs Jahre her, da trat die damals frisch gew\u00e4hlte Kommissionspr\u00e4sidentin Ursula von der Leyen vor die&hellip;\n","protected":false},"author":2,"featured_media":667616,"comment_status":"","ping_status":"","sticky":false,"template":"","format":"standard","meta":{"footnotes":""},"categories":[3933],"tags":[331,332,227,106,548,663,158,3934,3935,28553,13,1435,14,15,16,307,12,1493,64,306],"class_list":{"0":"post-667615","1":"post","2":"type-post","3":"status-publish","4":"format-standard","5":"has-post-thumbnail","7":"category-eu","8":"tag-aktuelle-nachrichten","9":"tag-aktuelle-news","10":"tag-china","11":"tag-donald-trump","12":"tag-eu","13":"tag-europa","14":"tag-europaeische-union","15":"tag-europe","16":"tag-european-union","17":"tag-greta-thunberg","18":"tag-headlines","19":"tag-krieg-in-der-ukraine","20":"tag-nachrichten","21":"tag-news","22":"tag-politik","23":"tag-russland","24":"tag-schlagzeilen","25":"tag-ursula-von-der-leyen","26":"tag-usa","27":"tag-wladimir-putin"},"share_on_mastodon":{"url":"https:\/\/pubeurope.com\/@de\/115771075709591056","error":""},"_links":{"self":[{"href":"https:\/\/www.europesays.com\/de\/wp-json\/wp\/v2\/posts\/667615","targetHints":{"allow":["GET"]}}],"collection":[{"href":"https:\/\/www.europesays.com\/de\/wp-json\/wp\/v2\/posts"}],"about":[{"href":"https:\/\/www.europesays.com\/de\/wp-json\/wp\/v2\/types\/post"}],"author":[{"embeddable":true,"href":"https:\/\/www.europesays.com\/de\/wp-json\/wp\/v2\/users\/2"}],"replies":[{"embeddable":true,"href":"https:\/\/www.europesays.com\/de\/wp-json\/wp\/v2\/comments?post=667615"}],"version-history":[{"count":0,"href":"https:\/\/www.europesays.com\/de\/wp-json\/wp\/v2\/posts\/667615\/revisions"}],"wp:featuredmedia":[{"embeddable":true,"href":"https:\/\/www.europesays.com\/de\/wp-json\/wp\/v2\/media\/667616"}],"wp:attachment":[{"href":"https:\/\/www.europesays.com\/de\/wp-json\/wp\/v2\/media?parent=667615"}],"wp:term":[{"taxonomy":"category","embeddable":true,"href":"https:\/\/www.europesays.com\/de\/wp-json\/wp\/v2\/categories?post=667615"},{"taxonomy":"post_tag","embeddable":true,"href":"https:\/\/www.europesays.com\/de\/wp-json\/wp\/v2\/tags?post=667615"}],"curies":[{"name":"wp","href":"https:\/\/api.w.org\/{rel}","templated":true}]}}