{"id":667687,"date":"2025-12-23T22:28:15","date_gmt":"2025-12-23T22:28:15","guid":{"rendered":"https:\/\/www.europesays.com\/de\/667687\/"},"modified":"2025-12-23T22:28:15","modified_gmt":"2025-12-23T22:28:15","slug":"rbb24-abendschau-vom-23-12-2025-rbb","status":"publish","type":"post","link":"https:\/\/www.europesays.com\/de\/667687\/","title":{"rendered":"rbb24 Abendschau vom 23.12.2025 | rbb"},"content":{"rendered":"<p>\tweitere Themen der Sendung<\/p>\n<p class=\"manualteaserroofline\">Musikalische Justizmitarbeiter<\/p>\n<p>\t\t<a href=\"https:\/\/www.rbb-online.de\/abendschau\/videos\/20251223_1930\/1.html\" class=\"sendeplatz\" rel=\"nofollow noopener\" target=\"_blank\"><br \/>\n\t\tSingen im Gericht<\/p>\n<p>\t\t<\/a><\/p>\n<p>Der Beruf des Richters ist dazu angetan, Angeklagten auch mal den Marsch zu blasen: Dank musikalischer Vorbildung sind Justizmitarbeiter am Moabiter Kriminalgericht dar\u00fcber &#8230;<\/p>\n<p class=\"manualteaserroofline\">Weihnachten in der Ukraine <\/p>\n<p>\t\t<a href=\"https:\/\/www.rbb-online.de\/abendschau\/videos\/20251223_1930\/2.html\" class=\"sendeplatz\" rel=\"nofollow noopener\" target=\"_blank\"><br \/>\n\t\tHeimreise trotz Krieg<\/p>\n<p>\t\t<\/a><\/p>\n<p>Weihnachten ist Reisezeit: Viele verlassen dieser Tage Berlin, um ihre Familien in der Heimat zu besuchen. Bei einigen ist die Heimat aber alles andere als friedlich. In der &#8230;<\/p>\n<p class=\"manualteaserroofline\">Bilanz<\/p>\n<p>\t\t<a href=\"https:\/\/www.rbb-online.de\/abendschau\/videos\/20251223_1930\/3.html\" class=\"sendeplatz\" rel=\"nofollow noopener\" target=\"_blank\"><br \/>\n\t\tSinnvolles Messerverbot<\/p>\n<p>\t\t<\/a><\/p>\n<p>G\u00f6rlitzer Park, Kottbusser Tor und Leopoldplatz sind seit Februar ausgewiesene  Waffenverbot szonen. Hier und im \u00d6PNV wurden seitdem 284 Messer, 7 Schusswaffen und 103 &#8230;<\/p>\n<p>  <a href=\"https:\/\/www.rbb-online.de\/abendschau\/videos\/20251223_1930\/4.html\" class=\"sendeplatz\" rel=\"nofollow noopener\" target=\"_blank\"><img decoding=\"async\" src=\"https:\/\/www.europesays.com\/de\/wp-content\/uploads\/2025\/12\/1766528895_763_size=320x180.jpg\" alt=\"Symbolbild: Eine aeltere Obdachlose sitzt mit ihren Habseligkeiten in diversen Taschen auf einer Bank. (Quelle: dpa\/Steinberg)\" title=\"Symbolbild: Eine aeltere Obdachlose sitzt mit ihren Habseligkeiten in diversen Taschen auf einer Bank. (Quelle: dpa\/Steinberg)\" id=\"untersendungsListe_manualteaser_4_1237749127\"\/><\/a><\/p>\n<p>rbb<\/p>\n<p><a href=\"https:\/\/www.rbb-online.de\/abendschau\/videos\/20251223_1930\/4.html\" class=\"sendeplatz\" rel=\"nofollow noopener\" target=\"_blank\"><\/p>\n<p class=\"manualteaserroofline\">Reinickendorf<\/p>\n<p>\t\t<a href=\"https:\/\/www.rbb-online.de\/abendschau\/videos\/20251223_1930\/4.html\" class=\"sendeplatz\" rel=\"nofollow noopener\" target=\"_blank\"><br \/>\n\t\tK\u00e4ltehilfe f\u00fcr Frauen<\/p>\n<p>\t\t<\/a><\/p>\n<p>Sch\u00e4tzungen zufolge sind etwa 20 Prozent aller Menschen, die in Berlin auf der Stra\u00dfe leben, Frauen. Sie trifft es oft besonders hart, denn viele meiden &#8230;<\/p>\n<p class=\"manualteaserroofline\">Meldungen aus der Hauptstadt <\/p>\n<p>\t\t<a href=\"https:\/\/www.rbb-online.de\/abendschau\/videos\/20251223_1930\/5.html\" class=\"sendeplatz\" rel=\"nofollow noopener\" target=\"_blank\"><br \/>\n\t\tNachrichten<\/p>\n<p>\t\t<\/a><\/p>\n<p>Berlin verfehlt erneut Wohnungsbauziel +++ Wer den Fragebogen zum Wehrdienst ignoriert, muss mit 1.000 Euro Strafe rechnen +++ Seniorenklub Hakenfelde hat zum &#8230;<\/p>\n<p class=\"manualteaserroofline\">Ehrenamt <\/p>\n<p>\t\t<a href=\"https:\/\/www.rbb-online.de\/abendschau\/videos\/20251223_1930\/6.html\" class=\"sendeplatz\" rel=\"nofollow noopener\" target=\"_blank\"><br \/>\n\t\tMit einer Patin auf Hausbesuch<\/p>\n<p>\t\t<\/a><\/p>\n<p>Familien mit kleinen Kindern kommen schnell an Ihre Belastungsgrenzen, wenn sie z.B. ohne Oma und Opa auskommen m\u00fcssen. In solch problematischen Situationen kann einer der &#8230;<\/p>\n<p class=\"manualteaserroofline\">Adventskalender der Lieblingsberliner<\/p>\n<p>\t\t<a href=\"https:\/\/www.rbb-online.de\/abendschau\/7plus\/adventskalender-2025\/defa-filme.html\" class=\"sendeplatz\" rel=\"nofollow noopener\" target=\"_blank\"><br \/>\n\t\tT\u00fcrchen 23: der DEFA-Filmvorf\u00fchrer<\/p>\n<p>\t\t<\/a><\/p>\n<p>Seit 15 Jahren bringt er DDR-Filme wieder auf die Leinwand: Alle zwei Wochen verwandelt Uwe Noske ein Kiezcaf\u00e9 im Prenzlauer Berg in ein Kino \u2013 bei freiem Eintritt. Die gro\u00dfe &#8230;<\/p>\n<p class=\"manualteaserroofline\">Fu\u00dfballbegeisterte Goldkehlchen<\/p>\n<p>\t\t<a href=\"https:\/\/www.rbb-online.de\/abendschau\/videos\/20251223_1930\/8.html\" class=\"sendeplatz\" rel=\"nofollow noopener\" target=\"_blank\"><br \/>\n\t\tOh Tannenbaum im Stadion<\/p>\n<p>\t\t<\/a><\/p>\n<p>Vor 22 Jahren entschlossen sich 89 Fans des 1. FC Union, in ihrem Stadion an der Alten F\u00f6rsterei in K\u00f6penick Weihnachtslieder zu tr\u00e4llern. Damals ging es dem Verein &#8230;<\/p>\n","protected":false},"excerpt":{"rendered":"weitere Themen der Sendung Musikalische Justizmitarbeiter Singen im Gericht Der Beruf des Richters ist dazu angetan, Angeklagten auch&hellip;\n","protected":false},"author":2,"featured_media":578511,"comment_status":"","ping_status":"","sticky":false,"template":"","format":"standard","meta":{"footnotes":""},"categories":[1773],"tags":[29,214,30,471,1780,215],"class_list":{"0":"post-667687","1":"post","2":"type-post","3":"status-publish","4":"format-standard","5":"has-post-thumbnail","7":"category-serien","8":"tag-deutschland","9":"tag-entertainment","10":"tag-germany","11":"tag-serien","12":"tag-series","13":"tag-unterhaltung"},"share_on_mastodon":{"url":"https:\/\/pubeurope.com\/@de\/115771246566207188","error":""},"_links":{"self":[{"href":"https:\/\/www.europesays.com\/de\/wp-json\/wp\/v2\/posts\/667687","targetHints":{"allow":["GET"]}}],"collection":[{"href":"https:\/\/www.europesays.com\/de\/wp-json\/wp\/v2\/posts"}],"about":[{"href":"https:\/\/www.europesays.com\/de\/wp-json\/wp\/v2\/types\/post"}],"author":[{"embeddable":true,"href":"https:\/\/www.europesays.com\/de\/wp-json\/wp\/v2\/users\/2"}],"replies":[{"embeddable":true,"href":"https:\/\/www.europesays.com\/de\/wp-json\/wp\/v2\/comments?post=667687"}],"version-history":[{"count":0,"href":"https:\/\/www.europesays.com\/de\/wp-json\/wp\/v2\/posts\/667687\/revisions"}],"wp:featuredmedia":[{"embeddable":true,"href":"https:\/\/www.europesays.com\/de\/wp-json\/wp\/v2\/media\/578511"}],"wp:attachment":[{"href":"https:\/\/www.europesays.com\/de\/wp-json\/wp\/v2\/media?parent=667687"}],"wp:term":[{"taxonomy":"category","embeddable":true,"href":"https:\/\/www.europesays.com\/de\/wp-json\/wp\/v2\/categories?post=667687"},{"taxonomy":"post_tag","embeddable":true,"href":"https:\/\/www.europesays.com\/de\/wp-json\/wp\/v2\/tags?post=667687"}],"curies":[{"name":"wp","href":"https:\/\/api.w.org\/{rel}","templated":true}]}}