{"id":667714,"date":"2025-12-23T22:46:23","date_gmt":"2025-12-23T22:46:23","guid":{"rendered":"https:\/\/www.europesays.com\/de\/667714\/"},"modified":"2025-12-23T22:46:23","modified_gmt":"2025-12-23T22:46:23","slug":"corinna-award-sucht-musiktalente-fuer-2026","status":"publish","type":"post","link":"https:\/\/www.europesays.com\/de\/667714\/","title":{"rendered":"Corinna-Award sucht Musiktalente f\u00fcr 2026"},"content":{"rendered":"<p class=\"richtext text-em-55 !leading-serif mx-6 desktop:mx-0\">Bis zum 31. Dezember 2025 k\u00f6nnen sich musikalische Talente noch bewerben. Dabei spielt es keine Rolle, ob sie als Solok\u00fcnstler, Ensemble, Band oder als Chor musizieren. Ob sie Rock, Pop oder klassische Musik machen. Entscheidend ist nur, dass die Musikerinnen und Musiker einen Bezug zu M\u00f6nchengladbach haben \u2013 hier leben oder wirken und die Kulturlandschaft der Stadt mit ihrer Musik bereichern.<\/p>\n<p class=\"richtext text-em-55 !leading-serif mx-6 desktop:mx-0\">\u201eWir laden alle ein, mitzumachen \u2013 ob als K\u00fcnstler auf der B\u00fchne oder als Unterst\u00fctzer aus dem Publikum. Der Corinna-Award ist eine Auszeichnung f\u00fcr die Musiker unserer Stadt, die Wertsch\u00e4tzung und Anerkennung definitiv verdient haben\u201c, sagt der erste Vorsitzende des Vereins \u201eCorinna\u201c, Michael Hilgers.<\/p>\n<p class=\"richtext text-em-55 !leading-serif mx-6 desktop:mx-0\">F\u00fcr die Pl\u00e4tze eins bis drei und f\u00fcr einen Sonderpreis vergibt der Verein neben der Auszeichnung selbst auch Preisgelder im Gesamtwert von 12.000 Euro. Der Gewinner des ersten Platzes kann sich \u00fcber 5000 Euro freuen, f\u00fcr den zweiten Platz gibt es 3000 Euro und f\u00fcr den dritten Platz 1500 Euro. Der Sonderpreis ist mit 2500 Euro dotiert. K\u00fcnstlerinnen und K\u00fcnstler k\u00f6nnen sich \u00fcber das Onlineformular auf <a href=\"https:\/\/corinna-mg.de\/\" target=\"_blank\" rel=\"nofollow noopener\">corinna-mg.de<\/a> bewerben oder Dritte f\u00fcr den Award nominieren.<\/p>\n<p class=\"richtext text-em-55 !leading-serif mx-6 desktop:mx-0\">Der Preis wird dann am 24. M\u00e4rz 2026 im Rahmen des Formats \u201eRising Stars 2026 meets Corinna Award\u201c verliehen, das gemeinsam mit dem Initiativkreis M\u00f6nchengladbach ausgerichtet wird. An diesem Abend werden die Preistr\u00e4ger selbst das B\u00fchnenprogramm gestalten.<\/p>\n<p class=\"richtext text-em-55 !leading-serif mx-6 desktop:mx-0\">Die Kulturinitiative \u201eCorinna\u201c wurde im Jahr 2020 w\u00e4hrend der Corona-Pandemie zur F\u00f6rderung der Kultur in M\u00f6nchengladbach gegr\u00fcndet. Seitdem richtet der Verein Veranstaltungen aus und setzt Projekte um, die K\u00fcnstler st\u00e4rken und Talente in M\u00f6nchengladbach sichtbar machen.<\/p>\n<p class=\"richtext text-em-55 !leading-serif mx-6 desktop:mx-0\">2025 hatte der Verein <a href=\"https:\/\/rp-online.de\/nrw\/staedte\/moenchengladbach\/moenchengladbach-verleihung-von-rising-star-und-corinna-award_aid-124968145\" rel=\"nofollow noopener\" target=\"_blank\">Jan Metternich<\/a> mit dem ersten Platz ausgezeichnet. Der junge M\u00f6nchengladbacher komponiert, textet und produziert Pop- und Rap-Musik und hat sich damit weit \u00fcber die Stadtgrenzen hinaus einen Namen gemacht.<\/p>\n","protected":false},"excerpt":{"rendered":"Bis zum 31. Dezember 2025 k\u00f6nnen sich musikalische Talente noch bewerben. Dabei spielt es keine Rolle, ob sie&hellip;\n","protected":false},"author":2,"featured_media":667715,"comment_status":"","ping_status":"","sticky":false,"template":"","format":"standard","meta":{"footnotes":""},"categories":[1849],"tags":[18980,48,46511,3364,29,548,663,3934,30,13,4455,9668,41070,24633,14,15,1209,22841,12,12993,20335],"class_list":{"0":"post-667714","1":"post","2":"type-post","3":"status-publish","4":"format-standard","5":"has-post-thumbnail","7":"category-moenchengladbach","8":"tag-award","9":"tag-48","10":"tag-corinna","11":"tag-de","12":"tag-deutschland","13":"tag-eu","14":"tag-europa","15":"tag-europe","16":"tag-germany","17":"tag-headlines","18":"tag-moenchengladbach","19":"tag-musiker","20":"tag-musikerinnen","21":"tag-musikszene","22":"tag-nachrichten","23":"tag-news","24":"tag-nordrhein-westfalen","25":"tag-runde","26":"tag-schlagzeilen","27":"tag-verliehen","28":"tag-zweite"},"share_on_mastodon":{"url":"https:\/\/pubeurope.com\/@de\/115771315669326198","error":""},"_links":{"self":[{"href":"https:\/\/www.europesays.com\/de\/wp-json\/wp\/v2\/posts\/667714","targetHints":{"allow":["GET"]}}],"collection":[{"href":"https:\/\/www.europesays.com\/de\/wp-json\/wp\/v2\/posts"}],"about":[{"href":"https:\/\/www.europesays.com\/de\/wp-json\/wp\/v2\/types\/post"}],"author":[{"embeddable":true,"href":"https:\/\/www.europesays.com\/de\/wp-json\/wp\/v2\/users\/2"}],"replies":[{"embeddable":true,"href":"https:\/\/www.europesays.com\/de\/wp-json\/wp\/v2\/comments?post=667714"}],"version-history":[{"count":0,"href":"https:\/\/www.europesays.com\/de\/wp-json\/wp\/v2\/posts\/667714\/revisions"}],"wp:featuredmedia":[{"embeddable":true,"href":"https:\/\/www.europesays.com\/de\/wp-json\/wp\/v2\/media\/667715"}],"wp:attachment":[{"href":"https:\/\/www.europesays.com\/de\/wp-json\/wp\/v2\/media?parent=667714"}],"wp:term":[{"taxonomy":"category","embeddable":true,"href":"https:\/\/www.europesays.com\/de\/wp-json\/wp\/v2\/categories?post=667714"},{"taxonomy":"post_tag","embeddable":true,"href":"https:\/\/www.europesays.com\/de\/wp-json\/wp\/v2\/tags?post=667714"}],"curies":[{"name":"wp","href":"https:\/\/api.w.org\/{rel}","templated":true}]}}