{"id":667812,"date":"2025-12-23T23:47:14","date_gmt":"2025-12-23T23:47:14","guid":{"rendered":"https:\/\/www.europesays.com\/de\/667812\/"},"modified":"2025-12-23T23:47:14","modified_gmt":"2025-12-23T23:47:14","slug":"usa-sanktionieren-fuehrung-von-deutscher-organisation-hateaid","status":"publish","type":"post","link":"https:\/\/www.europesays.com\/de\/667812\/","title":{"rendered":"USA sanktionieren F\u00fchrung von deutscher Organisation HateAid"},"content":{"rendered":"<p class=\"tspAGen tspAGeo\">Das von der US-Regierung verh\u00e4ngte Einreiseverbot wegen angeblicher Zensur amerikanischer Online-Plattformen betrifft auch die Leiterinnen der deutschen Organisation HateAid, die sich gegen Hass im Netz engagiert. Betroffen sind die beiden Gesch\u00e4ftsf\u00fchrerinnen Anna-Lena von Hodenberg und Josephine Ballon, wie das US-Au\u00dfenministerium auf X mitteilte.<\/p>\n<p class=\"tspAGen\">F\u00fcr ihren Einsatz gegen digitale Gewalt war von Hodenberg im Oktober mit dem Bundesverdienstorden ausgezeichnet worden. Damals hie\u00df es, von Hodenberg habe 2018 mit der Gr\u00fcndung von HateAid Pionierarbeit geleistet: Die Organisation sei die erste bundesweite Beratungsstelle, an die sich Menschen bei F\u00e4llen von Gewalt im Netz wenden k\u00f6nnen. HateAid bietet Hilfe an, wenn sich jemand im Internet mit beleidigenden und diskriminierenden Aussagen konfrontiert sieht.<\/p>\n<p> US-Sanktionen betreffen f\u00fcnf Personen <\/p>\n<p class=\"tspAGen\">Die von der US-Regierung verh\u00e4ngten Einreiseverbote betreffen auch den fr\u00fcheren franz\u00f6sischen EU-Kommissar Thierry Breton, der als Architekt des EU-Gesetzespakets Digital Services Act gilt, der Online-Plattformen reguliert. Au\u00dferdem nannte das US-Au\u00dfenministerium zwei weitere Betroffene: Den Gr\u00fcnder der Organisation Center for Countering Digital Hate, Imran Ahmed, und die Gr\u00fcnderin der Organisation Global Disinformation Index, Clare Melford &#8211; beide setzen sich gegen Hass im Netz und gegen Desinformation ein.<\/p>\n<p class=\"tspAGen\">Das Ministerium hatte die Namen der f\u00fcnf Betroffenen nicht sofort mitgeteilt. Die Rede war zun\u00e4chst blo\u00df von \u201eradikalen Aktivisten\u201c und \u201einstrumentalisierten\u201c Nichtregierungsorganisationen, die Zensurma\u00dfnahmen durch ausl\u00e4ndische Staaten vorangetrieben h\u00e4tten. Sie sollen versucht haben, US-Plattformen zu zwingen, \u201eamerikanische Standpunkte\u201c zu unterdr\u00fccken, die sie ablehnten.<\/p>\n<p class=\"tspA0hw\">Empfohlener redaktioneller Inhalt<\/p>\n<p> An dieser Stelle finden Sie einen von unseren Redakteuren ausgew\u00e4hlten, externen Inhalt, der den Artikel f\u00fcr Sie mit zus\u00e4tzlichen Informationen anreichert. Sie k\u00f6nnen sich hier den externen Inhalt mit einem Klick anzeigen lassen oder wieder ausblenden. <\/p>\n<p> Externen Inhalt anzeigen <\/p>\n<p class=\"tspA0h2\"> Ich bin damit einverstanden, dass mir der externe Inhalt angezeigt wird. Damit k\u00f6nnen personenbezogene Daten an Drittplattformen \u00fcbermittelt werden.  Mehr Informationen dazu erhalten Sie in den Datenschutz-Einstellungen. Diese finden Sie ganz unten auf unserer Seite im Footer, sodass Sie Ihre Einstellungen jederzeit verwalten oder widerrufen k\u00f6nnen. <\/p>\n<p> US-Au\u00dfenminister kritisiert \u201eIdeologen in Europa\u201c <\/p>\n<p class=\"tspAGen\">US-Au\u00dfenminister Marco Rubio hatte zuvor auf X geschrieben: \u201eViel zu lange haben Ideologen in Europa organisierte Bem\u00fchungen angef\u00fchrt, um amerikanische Plattformen dazu zu zwingen, amerikanische Standpunkte zu bestrafen, die ihnen nicht passen.\u201c Unter Pr\u00e4sident Donald Trump werde die US-Regierung \u201eexterritoriale Zensur\u201c nicht l\u00e4nger tolerieren und Einreiseverbote gegen \u201ef\u00fchrende Pers\u00f6nlichkeiten des globalen Zensur-Industrie-Komplexes\u201c ein. Man sei bereit, die Liste zu erweitern, wenn es keine Kurskorrektur gebe.<\/p>\n<p class=\"tspA0hw\">Empfohlener redaktioneller Inhalt<\/p>\n<p> An dieser Stelle finden Sie einen von unseren Redakteuren ausgew\u00e4hlten, externen Inhalt, der den Artikel f\u00fcr Sie mit zus\u00e4tzlichen Informationen anreichert. Sie k\u00f6nnen sich hier den externen Inhalt mit einem Klick anzeigen lassen oder wieder ausblenden. <\/p>\n<p> Externen Inhalt anzeigen <\/p>\n<p class=\"tspA0h2\"> Ich bin damit einverstanden, dass mir der externe Inhalt angezeigt wird. Damit k\u00f6nnen personenbezogene Daten an Drittplattformen \u00fcbermittelt werden.  Mehr Informationen dazu erhalten Sie in den Datenschutz-Einstellungen. Diese finden Sie ganz unten auf unserer Seite im Footer, sodass Sie Ihre Einstellungen jederzeit verwalten oder widerrufen k\u00f6nnen. <\/p>\n<p class=\"tspAGen\">Rubio und andere US-Regierungsvertreter hatten in der Vergangenheit schon mehrfach angebliche Internetzensur in Europa kritisiert. Hintergrund war eine Entscheidung der EU-Kommission, wonach die Plattform X des Milliard\u00e4rs Elon Musk wegen Transparenzm\u00e4ngeln eine Strafe von 120 Millionen Euro zahlen muss. Die Entscheidung l\u00f6ste in den Vereinigten Staaten heftige Reaktionen aus. Rubio sprach auf X von einer \u201eAttacke auf alle amerikanischen Tech-Plattformen und das amerikanische Volk durch ausl\u00e4ndische Regierungen\u201c. Die Tage der Online-Zensur f\u00fcr Amerikaner seien vorbei.<\/p>\n<p class=\"tspAGen\">\u00a9 dpa-infocom, dpa:251223-930-463263\/2<\/p>\n<p class=\"tspAGen\">Das ist eine Nachricht direkt aus dem dpa-Newskanal.<\/p>\n","protected":false},"excerpt":{"rendered":"Das von der US-Regierung verh\u00e4ngte Einreiseverbot wegen angeblicher Zensur amerikanischer Online-Plattformen betrifft auch die Leiterinnen der deutschen Organisation&hellip;\n","protected":false},"author":2,"featured_media":667813,"comment_status":"","ping_status":"","sticky":false,"template":"","format":"standard","meta":{"footnotes":""},"categories":[1816],"tags":[1960,1958,1959,1957,1956,1890,29,30],"class_list":{"0":"post-667812","1":"post","2":"type-post","3":"status-publish","4":"format-standard","5":"has-post-thumbnail","7":"category-brandenburg","8":"tag-aktuelle-nachrichten-aus-berlin-und-brandenburg","9":"tag-aktuelle-nachrichten-aus-brandenburg","10":"tag-aktuelle-news-aus-berlin-und-brandenburg","11":"tag-aktuelle-news-aus-brandenburg","12":"tag-berlin-und-brandenburg","13":"tag-brandenburg","14":"tag-deutschland","15":"tag-germany"},"share_on_mastodon":{"url":"https:\/\/pubeurope.com\/@de\/115771555627681209","error":""},"_links":{"self":[{"href":"https:\/\/www.europesays.com\/de\/wp-json\/wp\/v2\/posts\/667812","targetHints":{"allow":["GET"]}}],"collection":[{"href":"https:\/\/www.europesays.com\/de\/wp-json\/wp\/v2\/posts"}],"about":[{"href":"https:\/\/www.europesays.com\/de\/wp-json\/wp\/v2\/types\/post"}],"author":[{"embeddable":true,"href":"https:\/\/www.europesays.com\/de\/wp-json\/wp\/v2\/users\/2"}],"replies":[{"embeddable":true,"href":"https:\/\/www.europesays.com\/de\/wp-json\/wp\/v2\/comments?post=667812"}],"version-history":[{"count":0,"href":"https:\/\/www.europesays.com\/de\/wp-json\/wp\/v2\/posts\/667812\/revisions"}],"wp:featuredmedia":[{"embeddable":true,"href":"https:\/\/www.europesays.com\/de\/wp-json\/wp\/v2\/media\/667813"}],"wp:attachment":[{"href":"https:\/\/www.europesays.com\/de\/wp-json\/wp\/v2\/media?parent=667812"}],"wp:term":[{"taxonomy":"category","embeddable":true,"href":"https:\/\/www.europesays.com\/de\/wp-json\/wp\/v2\/categories?post=667812"},{"taxonomy":"post_tag","embeddable":true,"href":"https:\/\/www.europesays.com\/de\/wp-json\/wp\/v2\/tags?post=667812"}],"curies":[{"name":"wp","href":"https:\/\/api.w.org\/{rel}","templated":true}]}}