{"id":667826,"date":"2025-12-23T23:56:25","date_gmt":"2025-12-23T23:56:25","guid":{"rendered":"https:\/\/www.europesays.com\/de\/667826\/"},"modified":"2025-12-23T23:56:25","modified_gmt":"2025-12-23T23:56:25","slug":"san-marino-termine-fuer-halbfinals-und-finale-vorverlegt-interesse-an-der-austragung-des-junior-eurovision-song-contest","status":"publish","type":"post","link":"https:\/\/www.europesays.com\/de\/667826\/","title":{"rendered":"San Marino: Termine f\u00fcr Halbfinals und Finale vorverlegt \u2013 Interesse an der Austragung des Junior Eurovision Song Contest"},"content":{"rendered":"<p>\t\t<img decoding=\"async\" class=\"wp-worthy-pixel-img skip-lazy \" src=\"https:\/\/www.europesays.com\/de\/wp-content\/uploads\/2025\/12\/3300c76e498742cea5f61662a692a2af.gif\" loading=\"eager\" data-no-lazy=\"1\" data-skip-lazy=\"1\" height=\"1\" width=\"1\" alt=\"\"\/><a href=\"https:\/\/i0.wp.com\/esc-kompakt.de\/wp-content\/uploads\/2025\/12\/Martina-CRV-Foto-Corinne-Cumming-EBU-Gross-Q.jpg?quality=89&amp;ssl=1\" target=\"_blank\" rel=\"noopener\"><img loading=\"lazy\" data-recalc-dims=\"1\" decoding=\"async\" class=\"size-full wp-image-167236\" src=\"https:\/\/www.europesays.com\/de\/wp-content\/uploads\/2025\/12\/Martina-CRV-Foto-Corinne-Cumming-EBU-Gross-Q.jpg\" alt=\"\" width=\"723\" height=\"723\"  \/><\/a>Martina CRV \u2013 Foto: Corinne Cumming \/ EBU<\/p>\n<p>San Marino scheint gro\u00dfes im n\u00e4chsten Jahr vorzuhaben. Der Zwergstaat m\u00f6chte den Junior Eurovision Song Contest austragen. Und auch f\u00fcr den Eurovision Song Contest hat man gro\u00dfe Ambitionen und deshalb zwei Halbfinals beim Vorentscheid San Marino Song Contest eingef\u00fchrt. Diese finden genauso wie das Finale allerdings jetzt einen Tag fr\u00fcher statt <a href=\"https:\/\/esc-kompakt.de\/san-marino-song-contest-2026-weitere-informationen-und-neuer-finaltermin-bekannt-gegeben\/\" target=\"_blank\" rel=\"noopener\">als bisher angegeben<\/a>.<\/p>\n<p><a href=\"https:\/\/shop.katjes.de\/\" aria-label=\"ESC Kompakt Banner\" target=\"_blank\" rel=\"noopener\"><img loading=\"lazy\" decoding=\"async\" src=\"https:\/\/www.europesays.com\/de\/wp-content\/uploads\/2025\/12\/1766534183_513_ESC-Kompakt-Banner.jpg\" alt=\"\"   width=\"450\" height=\"450\" style=\"display: inline-block;\"\/><\/a><\/p>\n<p>In einer <a href=\"https:\/\/www.sanmarinortv.sm\/news\/attualita-c4\/san-marino-rtv-presenta-nuovi-studi-nuovo-palinsesto-piano-di-rilancio-tecnologico-e-di-risorse-umane-a284482\" target=\"_blank\" rel=\"noopener\">Pressekonferenz am Montag<\/a> wurde verk\u00fcndet, dass das Finale von San Marino Song Contest 2026 schon am 6. M\u00e4rz 2026 ausgetragen wird. Ob dies diesmal das endg\u00fcltige Datum ist, wird sich zeigen. Zuerst <a href=\"https:\/\/esc-kompakt.de\/das-finale-des-san-marino-song-contest-2026-findet-am-1-maerz-statt\/\" target=\"_blank\" rel=\"noopener\">war vom 1. M\u00e4rz 2026 die Rede<\/a>, sp\u00e4ter <a href=\"https:\/\/esc-kompakt.de\/san-marino-song-contest-2026-weitere-informationen-und-neuer-finaltermin-bekannt-gegeben\/\" target=\"_blank\" rel=\"noopener\">vom 7. M\u00e4rz 2026<\/a>. Und jetzt soll das Finale also am 6. M\u00e4rz 2026 veranstaltet werden. Auch die Halbfinals r\u00fccken einen Tag nach vorne und sollen jetzt am 2. und 3. M\u00e4rz 2026 \u00fcber die B\u00fchne gehen.<\/p>\n<p><a href=\"https:\/\/malta.reise\/?utm_source=banner+&amp;utm_medium=website+&amp;utm_campaign=raffle+doubletree+&amp;utm_id=ESC\" aria-label=\"MTA Malta Banner\" target=\"_blank\" rel=\"noopener\"><img loading=\"lazy\" decoding=\"async\" src=\"https:\/\/www.europesays.com\/de\/wp-content\/uploads\/2025\/12\/1766534184_986_MTA-Malta-Banner.jpg\" alt=\"\"   width=\"450\" height=\"349\" style=\"display: inline-block;\"\/><\/a><\/p>\n<p>In jedem Halbfinale werden 20 aufstrebende Acts antreten, die sich \u00fcber die Vorrunde Dreaming San Marino Song Contest qualifizieren. F\u00fcr diese Vorrunde sind die Castings bereits im vollen Gange. Im November gab es ein Casting, im Dezember folgten vier weitere. F\u00fcr den Januar sind dann noch einmal vier Castings angesetzt.<\/p>\n<p><a href=\"https:\/\/www.gerolsteiner.de\/wissensquellen\/ernaehrung\/rezepte\/drinks\" aria-label=\"Gerolsteiner Banner 450px\" target=\"_blank\" rel=\"noopener\"><img loading=\"lazy\" decoding=\"async\" src=\"https:\/\/www.europesays.com\/de\/wp-content\/uploads\/2025\/12\/1766534185_396_Gerolsteiner-Banner-450px.jpg\" alt=\"\"   width=\"450\" height=\"349\" style=\"display: inline-block;\"\/><\/a><\/p>\n<p>Diese Acts sind in den ersten f\u00fcnf Castings angetreten:<\/p>\n<p>20.11.25<\/p>\n<ul>\n<li>CLARICE<\/li>\n<li>Magicbenny<\/li>\n<li>Natisa<\/li>\n<li>MAR!A<\/li>\n<li>delilah earnshaw<\/li>\n<li>Andrea<\/li>\n<li>Frik n Chic<\/li>\n<li>ANNA TURREI<\/li>\n<li>Esma<\/li>\n<li>WARRIOR<\/li>\n<li>Daniel Dagrezio<\/li>\n<li>Lucia melons<\/li>\n<li>X3<\/li>\n<li>PARK<\/li>\n<li>Little Taz<\/li>\n<\/ul>\n<p>17.12.25<\/p>\n<ul>\n<li>Arsenic gecko<\/li>\n<li>San Pedro<\/li>\n<li>ORPHY<\/li>\n<li>Crisis Theory<\/li>\n<li>Star Guy<\/li>\n<li>Los Meconios<\/li>\n<li>Mayko Reina &amp; Tina Miracle<\/li>\n<li>Misha and the Kings<\/li>\n<li>ZOET<\/li>\n<li>Noa<\/li>\n<li>Manuel Castillo<\/li>\n<li>JUAN SINMIEDO<\/li>\n<li>GINAxC<\/li>\n<li>Saxxynus<\/li>\n<li>Juanfran Mu\u00f1oz<\/li>\n<li>Maya Azucena<\/li>\n<li>Ryan Song<\/li>\n<li>Rox\u00e9<\/li>\n<li>Adasat<\/li>\n<li>DALMA ALKE<\/li>\n<\/ul>\n<p>18.12.25<\/p>\n<ul>\n<li>MYKY<\/li>\n<li>Andrew Mill<\/li>\n<li>Andres<\/li>\n<li>Ransell Labata<\/li>\n<li>Hope<\/li>\n<li>ISA<\/li>\n<li>lorenzo bonfire<\/li>\n<li>Headace<\/li>\n<li>Freeeda<\/li>\n<li>Elena Cammarone<\/li>\n<li>Miriam Ayaba<\/li>\n<li>OHRO<\/li>\n<\/ul>\n<p>19.12.25<\/p>\n<ul>\n<li>SUPERGUEPARDO<\/li>\n<li>Carlo Ferrini<\/li>\n<li>ELYSA<\/li>\n<li>Marco<\/li>\n<li>Nicola Paltrinieri<\/li>\n<\/ul>\n<p>20.12.25<\/p>\n<ul>\n<li>leBlond<\/li>\n<li>Midnight Alexandr<\/li>\n<li>N\u2019ice Cream<\/li>\n<li>Car\u03b4amo<\/li>\n<li>Wishing Wells<\/li>\n<li>BUTLER<\/li>\n<li>Kuros<\/li>\n<li>Clara Corral<\/li>\n<li>REBEL ROOTZ<\/li>\n<li>Graziella Saverino<\/li>\n<li>Robyn C<\/li>\n<li>Ani Disha<\/li>\n<li>Lucrezia<\/li>\n<li>Francesco Ricci<\/li>\n<li>Dan<\/li>\n<li>Julia<\/li>\n<\/ul>\n<p>In der Liste taucht unter anderem ELYSA aus Estland auf, die bereits 2015, 2022, 2023 und 2025 an Eesti Laul teilgenommen hat.<\/p>\n<p>Aus den Halbfinals qualifizieren sich zehn Acts f\u00fcr das Finale am 6. M\u00e4rz 2026. Au\u00dferdem wird es im Finale zehn Startpl\u00e4tze f\u00fcr bekannte Acts geben. Insgesamt treten also 20 Acts im Finale an. Mit dem Halbfinals will man die Struktur des Eurovision Song Contest nachahmen und versucht \u201ewesentlich bessere Ergebnisse als in den letzten Jahren\u201c beim ESC zu erreichen.<\/p>\n<p><a href=\"https:\/\/esc-kompakt.de\/heute-1700-uhr-live-blog-junior-eurovision-song-contest-2025-in-tiflis\/\" target=\"_blank\" rel=\"noopener\">Beim JESC 2025<\/a> scheint das Erreichen von wesentlich besser Ergebnissen auf jeden Fall schon einmal funktioniert zu haben. Die san-marinesische Vertreterin Martina CRV (Aufmacherbild) erreichte mit ihrem Beitrag \u201cBeyond the stars\u201d Platz 3 im Televoting und <a href=\"https:\/\/esc-kompakt.de\/ergebnis-des-junior-eurovision-song-contest-2025-lou-deleuze-aus-frankreich-gewinnt-mit-ce-monde\/\" target=\"_blank\" rel=\"noopener\">insgesamt Platz 9<\/a>. Von dem Erfolg angespornt, hat man in der Pressekonferenz verk\u00fcndet, den JESC 2026 in San Marino austragen zu wollen, nachdem Frankreich bereits bekannt gegeben hat, <a href=\"https:\/\/esc-kompakt.de\/junior-esc-2026-frankreich-verzichtet-auf-ausrichtung-nordmazedonien-als-gastgeber-im-gespraech\/\" target=\"_blank\" rel=\"noopener\">im kommenden Jahr nicht auszurichten<\/a>.<\/p>\n<p><strong>Kannst Du Dir den Junior Eurovision Song Contest in San Marino vorstellen? Findest Du die Verschiebung der Halbfinal- und Finaldaten gut und hast Du vor die Shows zu schauen? Lass gerne einen Kommentar da.<\/strong><\/p>\n<p>Gef\u00e4llt mir:<\/p>\n<p>Gef\u00e4llt mir Wird geladen\u00a0\u2026<\/p>\n<p><a class=\"sd-link-color\"\/><\/p>\n<p>\n\t\u00c4hnliche Beitr\u00e4ge\n<\/p>\n<p><br style=\"clear: both; display: block; float: none;\"\/><\/p>\n<p>\tEntdecke mehr von ESC kompakt<\/p>\n<p class=\"has-text-align-center\" style=\"margin-top:10px;margin-bottom:10px;font-size:15px\">Melde dich f\u00fcr ein Abonnement an, um die neuesten Beitr\u00e4ge per E-Mail zu erhalten.<\/p>\n","protected":false},"excerpt":{"rendered":"Martina CRV \u2013 Foto: Corinne Cumming \/ EBU San Marino scheint gro\u00dfes im n\u00e4chsten Jahr vorzuhaben. Der Zwergstaat&hellip;\n","protected":false},"author":2,"featured_media":667827,"comment_status":"","ping_status":"","sticky":false,"template":"","format":"standard","meta":{"footnotes":""},"categories":[1773],"tags":[29,214,30,471,1780,215],"class_list":{"0":"post-667826","1":"post","2":"type-post","3":"status-publish","4":"format-standard","5":"has-post-thumbnail","7":"category-serien","8":"tag-deutschland","9":"tag-entertainment","10":"tag-germany","11":"tag-serien","12":"tag-series","13":"tag-unterhaltung"},"share_on_mastodon":{"url":"https:\/\/pubeurope.com\/@de\/115771591883883237","error":""},"_links":{"self":[{"href":"https:\/\/www.europesays.com\/de\/wp-json\/wp\/v2\/posts\/667826","targetHints":{"allow":["GET"]}}],"collection":[{"href":"https:\/\/www.europesays.com\/de\/wp-json\/wp\/v2\/posts"}],"about":[{"href":"https:\/\/www.europesays.com\/de\/wp-json\/wp\/v2\/types\/post"}],"author":[{"embeddable":true,"href":"https:\/\/www.europesays.com\/de\/wp-json\/wp\/v2\/users\/2"}],"replies":[{"embeddable":true,"href":"https:\/\/www.europesays.com\/de\/wp-json\/wp\/v2\/comments?post=667826"}],"version-history":[{"count":0,"href":"https:\/\/www.europesays.com\/de\/wp-json\/wp\/v2\/posts\/667826\/revisions"}],"wp:featuredmedia":[{"embeddable":true,"href":"https:\/\/www.europesays.com\/de\/wp-json\/wp\/v2\/media\/667827"}],"wp:attachment":[{"href":"https:\/\/www.europesays.com\/de\/wp-json\/wp\/v2\/media?parent=667826"}],"wp:term":[{"taxonomy":"category","embeddable":true,"href":"https:\/\/www.europesays.com\/de\/wp-json\/wp\/v2\/categories?post=667826"},{"taxonomy":"post_tag","embeddable":true,"href":"https:\/\/www.europesays.com\/de\/wp-json\/wp\/v2\/tags?post=667826"}],"curies":[{"name":"wp","href":"https:\/\/api.w.org\/{rel}","templated":true}]}}