{"id":667854,"date":"2025-12-24T00:13:27","date_gmt":"2025-12-24T00:13:27","guid":{"rendered":"https:\/\/www.europesays.com\/de\/667854\/"},"modified":"2025-12-24T00:13:27","modified_gmt":"2025-12-24T00:13:27","slug":"der-cdu-ortsverband-wabe-schunter-laedt-herzlich-zum-neujahrsspaziergang-ein","status":"publish","type":"post","link":"https:\/\/www.europesays.com\/de\/667854\/","title":{"rendered":"Der CDU-Ortsverband Wabe-Schunter l\u00e4dt herzlich zum Neujahrsspaziergang ein!"},"content":{"rendered":"<p><b>Pressemitteilung<\/b><\/p>\n<p><b>Braunschweig, 23.12.2025<\/b><\/p>\n<p align=\"justify\">Auf unserer Neujahrswanderung im Naturschutzgebiet Riddagshausen wollen wir die winterliche Ruhe im Naturschutzgebiet genie\u00dfen. Die Natur ist zur Ruhe gekommen und wir freuen uns \u00fcber ein paar kalte Tage in Zeiten des Klimawandels. Bald werden die Tage wieder l\u00e4nger und die Sonne l\u00e4sst sich nun besonders genie\u00dfen, wenn sie sich zeigt.<\/p>\n<p align=\"justify\">Einige Tiere sind auch im Winter aktiv. Auch wenn wir sie nicht direkt sehen, hinterlassen sie doch Spuren, die wir \u00fcberall finden k\u00f6nnen, wenn wir genau hinsehen. Wie sich Tiere und Pflanzen an die kalten Temperaturen im Winter anpassen, erfahren wir bei unserer Wanderung. Zum Abschluss w\u00e4rmen wir uns im Haus Entenfang auf. <\/p>\n<p align=\"justify\"><b>Termin: Samstag, 10.01.2026<\/b><\/p>\n<p align=\"justify\"><b>Uhrzeit: Treffen ab 14.20 Uhr am Naturerlebniszentrum Haus Entenfang, Nehrkornweg 2, 38104 Braunschweig-Riddagshausen<\/b><\/p>\n<p align=\"justify\"><b>Wir starten um <\/b><b>14.30 Uhr<\/b><b> zu unserem Spaziergang.<\/b><\/p>\n<p align=\"justify\"><b>Dauer: Ungef\u00e4hr 2 Stunden<\/b><\/p>\n<p align=\"justify\"><b>Der Spaziergang ist f\u00fcr Familien mit Kindern geeignet.<\/b><\/p>\n<p align=\"justify\">Infos zum Haus Entenfang gibt es im Netz unter dem Link:<\/p>\n<p align=\"justify\"><a href=\"https:\/\/www.braunschweig.de\/leben\/umwelt\/natur\/haus-entenfang.php\" target=\"_blank\" rel=\"noopener\">https:\/\/www.braunschweig.de\/leben\/umwelt\/natur\/haus-entenfang.php<\/a><\/p>\n<p align=\"justify\">Infos zum CDU-Ortsverband Wabe-Schunter gibt es im Netz unter dem Link:<\/p>\n<p align=\"justify\"><a href=\"https:\/\/cdu-wabe-schunter.de\/\" target=\"_blank\" rel=\"noopener\">https:\/\/cdu-wabe-schunter.de\/<\/a><\/p>\n<p align=\"justify\">Text\/Fotos: Anke K\u00e4tzel\/Thorsten Wendt<\/p>\n","protected":false},"excerpt":{"rendered":"Pressemitteilung Braunschweig, 23.12.2025 Auf unserer Neujahrswanderung im Naturschutzgebiet Riddagshausen wollen wir die winterliche Ruhe im Naturschutzgebiet genie\u00dfen. Die&hellip;\n","protected":false},"author":2,"featured_media":667855,"comment_status":"","ping_status":"","sticky":false,"template":"","format":"standard","meta":{"footnotes":""},"categories":[1850],"tags":[6429,3364,29,548,663,3934,30,13,14,15,1411,12],"class_list":{"0":"post-667854","1":"post","2":"type-post","3":"status-publish","4":"format-standard","5":"has-post-thumbnail","7":"category-braunschweig","8":"tag-braunschweig","9":"tag-de","10":"tag-deutschland","11":"tag-eu","12":"tag-europa","13":"tag-europe","14":"tag-germany","15":"tag-headlines","16":"tag-nachrichten","17":"tag-news","18":"tag-niedersachsen","19":"tag-schlagzeilen"},"share_on_mastodon":{"url":"https:\/\/pubeurope.com\/@de\/115771657770608736","error":""},"_links":{"self":[{"href":"https:\/\/www.europesays.com\/de\/wp-json\/wp\/v2\/posts\/667854","targetHints":{"allow":["GET"]}}],"collection":[{"href":"https:\/\/www.europesays.com\/de\/wp-json\/wp\/v2\/posts"}],"about":[{"href":"https:\/\/www.europesays.com\/de\/wp-json\/wp\/v2\/types\/post"}],"author":[{"embeddable":true,"href":"https:\/\/www.europesays.com\/de\/wp-json\/wp\/v2\/users\/2"}],"replies":[{"embeddable":true,"href":"https:\/\/www.europesays.com\/de\/wp-json\/wp\/v2\/comments?post=667854"}],"version-history":[{"count":0,"href":"https:\/\/www.europesays.com\/de\/wp-json\/wp\/v2\/posts\/667854\/revisions"}],"wp:featuredmedia":[{"embeddable":true,"href":"https:\/\/www.europesays.com\/de\/wp-json\/wp\/v2\/media\/667855"}],"wp:attachment":[{"href":"https:\/\/www.europesays.com\/de\/wp-json\/wp\/v2\/media?parent=667854"}],"wp:term":[{"taxonomy":"category","embeddable":true,"href":"https:\/\/www.europesays.com\/de\/wp-json\/wp\/v2\/categories?post=667854"},{"taxonomy":"post_tag","embeddable":true,"href":"https:\/\/www.europesays.com\/de\/wp-json\/wp\/v2\/tags?post=667854"}],"curies":[{"name":"wp","href":"https:\/\/api.w.org\/{rel}","templated":true}]}}