{"id":667862,"date":"2025-12-24T00:17:19","date_gmt":"2025-12-24T00:17:19","guid":{"rendered":"https:\/\/www.europesays.com\/de\/667862\/"},"modified":"2025-12-24T00:17:19","modified_gmt":"2025-12-24T00:17:19","slug":"silvester-diese-regeln-gelten-in-augsburg-fuer-feuerwerk-und-pyrotechnik","status":"publish","type":"post","link":"https:\/\/www.europesays.com\/de\/667862\/","title":{"rendered":"Silvester: Diese Regeln gelten in Augsburg f\u00fcr Feuerwerk und Pyrotechnik"},"content":{"rendered":"<p>  <a href=\"https:\/\/www.daz-augsburg.de\/silvester-diese-regeln-gelten-in-augsburg-fuer-feuerwerk-und-pyrotechnik\/\" rel=\"nofollow noopener\" target=\"_blank\">Silvester: Diese Regeln gelten in Augsburg f\u00fcr Feuerwerk und Pyrotechnik<\/a><\/p>\n<p><strong>Damit alle B\u00fcrgerinnen und B\u00fcrger sicher und friedlich ins neue Jahr starten k\u00f6nnen, erinnert die Stadt Augsburg auch in diesem Jahr an die geltenden Sicher\u00adheits\u00adbe\u00adstim\u00admungen. Besonders in der Innenstadt und in der N\u00e4he sensibler Geb\u00e4ude gelten strikte Verbote, deren Miss\u00adachtung teuer werden kann.<\/strong><\/p>\n<p>Von Bruno Stubenrauch<\/p>\n<p><img fetchpriority=\"high\" decoding=\"async\" width=\"1244\" height=\"682\" class=\"alignleft size-full wp-image-101395\" src=\"data:image\/svg+xml,%3Csvg%20xmlns=\" http:=\"\" alt=\"\" data-lazy- data-lazy- data-lazy-src=\"https:\/\/www.europesays.com\/de\/wp-content\/uploads\/2025\/12\/grok_image_x7pwvl7-1.jpg\"\/><\/p>\n<p>Um die Sicherheit bei gro\u00dfen Menschen\u00adan\u00adsamm\u00adlungen zu gew\u00e4hr\u00adleisten und historische Geb\u00e4ude zu sch\u00fctzen, ist das Stadt\u00adgebiet in verschie\u00addene Zonen unterteilt (siehe Karte):<\/p>\n<p><strong>Rote Zone<\/strong> (Innenstadt): In dem Bereich zwischen K\u00f6nigsplatz, Karlstra\u00dfe, dem Graben und der Konrad-Adenauer-Allee gilt ein striktes Pyro\u00adtechnik\u00adverbot. Hier ist es nicht nur verboten, Raketen oder B\u00f6ller zu z\u00fcnden, man darf sie nicht einmal mitf\u00fchren. Zudem sind Glasflaschen und Dosen in diesem Bereich untersagt.<\/p>\n<p><strong>Gelbe Zone<\/strong> (Schutzobjekte): Im gesamten Stadtgebiet ist das Z\u00fcnden von Feuerwerk in unmittel\u00adbarer N\u00e4he von Kirchen, Kranken\u00adh\u00e4usern, Kinder- und Alten\u00adheimen sowie brand\u00adempfind\u00adlichen Geb\u00e4uden gesetzlich verboten. Auch der Zoo und der Botanische Garten fallen unter diesen Schutz.<\/p>\n<p><img loading=\"lazy\" decoding=\"async\" width=\"1802\" height=\"2541\" class=\"alignleft size-full wp-image-101393\" style=\"border: 1px solid #aaaaaa;\" src=\"data:image\/svg+xml,%3Csvg%20xmlns=\" http:=\"\" alt=\"\" data-lazy- data-lazy- data-lazy-src=\"https:\/\/www.europesays.com\/de\/wp-content\/uploads\/2025\/12\/25_12_23_Pyrotechnikverbot_Silvester_2025_Innenstadt.jpg\"\/><\/p>\n<p>Lageplan f\u00fcr das Verbot des Mitf\u00fchrens von Pyrotechnik und Glasbeh\u00e4ltnissen in der Innenstadt (Quelle: Stadt Augsburg)<\/p>\n<p><strong>Wann und wo darf geb\u00f6llert werden?<\/strong><\/p>\n<p>Feuerwerk darf generell nur am 31.\u00a0Dezember und 1.\u00a0Januar gez\u00fcndet werden. Erlaubt ist dies in den Bereichen, die auf der Karte nicht bzw. grau markiert sind \u2013 dazu z\u00e4hlen beispiels\u00adweise das Pl\u00e4rrer-Areal, das Reese-Areal oder Fl\u00e4chen zwischen der City-Galerie und dem Glaspalast.<\/p>\n<p style=\"text-align: left;\"><strong>Wichtige Sicherheitstipps f\u00fcr die Silvesternacht<\/strong><\/p>\n<p>Ordnungsreferent Frank Pintsch bittet um gegen\u00adseitige R\u00fccksicht\u00adnahme und betont, dass Verst\u00f6\u00dfe als Ordnungs\u00adwidrigkeit mit Bu\u00dfgeldern von bis zu 50.000\u00a0Euro geahndet werden k\u00f6nnen. F\u00fcr einen sicheren Umgang empfiehlt die Stadt:<\/p>\n<ul>\n<li><strong>Gepr\u00fcfte Qualit\u00e4t<\/strong>: Nur Feuerwerk mit CE-Zeichen und Registrier\u00adnummer verwenden.<\/li>\n<li><strong>Abstand halten<\/strong>: Mindestens 8 Meter Sicher\u00adheits\u00adabstand zu Menschen, Geb\u00e4uden und Autos einhalten.<\/li>\n<li><strong>Sicherer Stand<\/strong>: Raketen aus stabilen Flaschen (in Getr\u00e4nke\u00adkisten) starten, Batterien auf ebenen Untergrund stellen.<\/li>\n<li><strong>N\u00fcchternheit<\/strong>: Viele Unf\u00e4lle passieren unter Alkohol- oder Drogen\u00adeinfluss. Wer z\u00fcndet, sollte n\u00fcchtern sein.<\/li>\n<li><strong>Tierschutz<\/strong>: Denken Sie an Haustiere und erm\u00f6g\u00adlichen Sie ihnen R\u00fcckzugs\u00adm\u00f6glich\u00adkeiten in der Wohnung.<\/li>\n<\/ul>\n<p><strong>Nach der Feier: Sauberkeit ist Pflicht<\/strong><\/p>\n<p>Wer b\u00f6llert, ist auch f\u00fcr die Reinigung verant\u00adwortlich. Ausge\u00adk\u00fchlte Reste der Pyro\u00adtechnik geh\u00f6ren in den Hausm\u00fcll, damit Stra\u00dfen und Gehwege am Neujahrs\u00admorgen wieder sauber sind.<\/p>\n<p><strong>Weiterf\u00fchrende Links:<\/strong><br \/><a href=\"https:\/\/www.augsburg.de\/silvester\" target=\"_blank\" rel=\"noopener nofollow\">augsburg.de\/silvester<\/a><\/p>\n<p>    Artikel vom<br \/>\n    <a href=\"https:\/\/www.daz-augsburg.de\/?m=20251224\" rel=\"nofollow noopener\" target=\"_blank\"><br \/>\n      24.12.2025    <\/a><br \/>\n    | Autor: Bruno Stubenrauch<br \/>Rubrik: <a href=\"https:\/\/www.daz-augsburg.de\/rubrik\/kultur\/\" rel=\"category tag nofollow noopener\" target=\"_blank\">Kultur<\/a>, <a href=\"https:\/\/www.daz-augsburg.de\/rubrik\/vermischtes\/amtliches\/\" rel=\"category tag nofollow noopener\" target=\"_blank\">Amtliches<\/a>, <a href=\"https:\/\/www.daz-augsburg.de\/rubrik\/vermischtes\/buergerinfo\/\" rel=\"category tag nofollow noopener\" target=\"_blank\">B\u00fcrgerinfo<\/a>, <a href=\"https:\/\/www.daz-augsburg.de\/rubrik\/vermischtes\/lifestyle\/\" rel=\"category tag nofollow noopener\" target=\"_blank\">Lifestyle<\/a>  <\/p>\n","protected":false},"excerpt":{"rendered":"Silvester: Diese Regeln gelten in Augsburg f\u00fcr Feuerwerk und Pyrotechnik Damit alle B\u00fcrgerinnen und B\u00fcrger sicher und friedlich&hellip;\n","protected":false},"author":2,"featured_media":667863,"comment_status":"","ping_status":"","sticky":false,"template":"","format":"standard","meta":{"footnotes":""},"categories":[1846],"tags":[680,772,3364,29,548,663,3934,30,13,14,15,12],"class_list":{"0":"post-667862","1":"post","2":"type-post","3":"status-publish","4":"format-standard","5":"has-post-thumbnail","7":"category-augsburg","8":"tag-augsburg","9":"tag-bayern","10":"tag-de","11":"tag-deutschland","12":"tag-eu","13":"tag-europa","14":"tag-europe","15":"tag-germany","16":"tag-headlines","17":"tag-nachrichten","18":"tag-news","19":"tag-schlagzeilen"},"share_on_mastodon":{"url":"https:\/\/pubeurope.com\/@de\/115771673397790305","error":""},"_links":{"self":[{"href":"https:\/\/www.europesays.com\/de\/wp-json\/wp\/v2\/posts\/667862","targetHints":{"allow":["GET"]}}],"collection":[{"href":"https:\/\/www.europesays.com\/de\/wp-json\/wp\/v2\/posts"}],"about":[{"href":"https:\/\/www.europesays.com\/de\/wp-json\/wp\/v2\/types\/post"}],"author":[{"embeddable":true,"href":"https:\/\/www.europesays.com\/de\/wp-json\/wp\/v2\/users\/2"}],"replies":[{"embeddable":true,"href":"https:\/\/www.europesays.com\/de\/wp-json\/wp\/v2\/comments?post=667862"}],"version-history":[{"count":0,"href":"https:\/\/www.europesays.com\/de\/wp-json\/wp\/v2\/posts\/667862\/revisions"}],"wp:featuredmedia":[{"embeddable":true,"href":"https:\/\/www.europesays.com\/de\/wp-json\/wp\/v2\/media\/667863"}],"wp:attachment":[{"href":"https:\/\/www.europesays.com\/de\/wp-json\/wp\/v2\/media?parent=667862"}],"wp:term":[{"taxonomy":"category","embeddable":true,"href":"https:\/\/www.europesays.com\/de\/wp-json\/wp\/v2\/categories?post=667862"},{"taxonomy":"post_tag","embeddable":true,"href":"https:\/\/www.europesays.com\/de\/wp-json\/wp\/v2\/tags?post=667862"}],"curies":[{"name":"wp","href":"https:\/\/api.w.org\/{rel}","templated":true}]}}