{"id":667895,"date":"2025-12-24T00:38:14","date_gmt":"2025-12-24T00:38:14","guid":{"rendered":"https:\/\/www.europesays.com\/de\/667895\/"},"modified":"2025-12-24T00:38:14","modified_gmt":"2025-12-24T00:38:14","slug":"mohammed-ali-ahmed-al-haddad-libyens-armeechef-bei-flugzeugabsturz-in-der-tuerkei-gestorben","status":"publish","type":"post","link":"https:\/\/www.europesays.com\/de\/667895\/","title":{"rendered":"Mohammed Ali Ahmed al-Haddad: Libyens Armeechef bei Flugzeugabsturz in der T\u00fcrkei gestorben"},"content":{"rendered":"<p class=\"paragraph article__item\">Der Generalstabschef der libyschen Armee, Mohammed Ali Ahmed al-Haddad, ist bei einem Flugzeugabsturz in der <a class=\"rtr-entity\" href=\"https:\/\/www.zeit.de\/thema\/tuerkei\" rel=\"nofollow noopener\" target=\"_blank\">T\u00fcrkei<\/a> gestorben. Das teilte der Ministerpr\u00e4sident der Regierung in Tripolis, Abdel Hamid Dbaiba, mit. Al-Haddad und vier Begleiter seien bei einem &#8222;tragischen und schmerzhaften Unfall&#8220; auf der R\u00fcckreise von einem offiziellen Besuch in der T\u00fcrkei ums Leben gekommen, sagte Dbaiba.\u00a0\n<\/p>\n<p class=\"paragraph article__item\">Zuvor hatte das t\u00fcrkische Innenministerium Berichte best\u00e4tigt, dass al-Haddad an Bord eines Flugzeuges gewesen war, das nach Abflug aus <a class=\"rtr-entity\" href=\"https:\/\/www.zeit.de\/thema\/ankara\" rel=\"nofollow noopener\" target=\"_blank\">Ankara<\/a> den Kontakt zum Flughafen Esenboga in der t\u00fcrkischen Hauptstadt verloren hatte. Wie der t\u00fcrkische Innenminister Ali Yerlikaya mitteilte, startete das Flugzeug um 20.30 Uhr (Ortszeit), 40 Minuten sp\u00e4ter sei der Kontakt\u00a0\u2060zu der<br \/>\nMaschine vom Typ Dassault Falcon 50\u00a0abgebrochen. Zuvor habe das Flugzeug noch ein Notlandesignal gesendet.\u00a0\n<\/p>\n<p class=\"paragraph article__item\">Lokale Fernsehsender zeigten Aufnahmen von Sicherheitskameras, die ein grelles Leuchten \u00fcber dem Nachthimmel s\u00fcdlich von Ankara gezeigt hatten. Einige t\u00fcrkische Medien berichteten von einer Explosion. Etwa eine halbe Stunde nach seiner ersten Mitteilung <a href=\"https:\/\/x.com\/AliYerlikaya\/status\/2003558272348180835\" class=\"\" target=\"_blank\" rel=\"nofollow\">best\u00e4tigte Innenminister Yerlikaya auf X<\/a>, dass die Flugzeugtr\u00fcmmer von t\u00fcrkischen Sicherheitskr\u00e4ften gefunden worden sind.\u00a0\n<\/p>\n<p>        Al-Haddad geh\u00f6rte von T\u00fcrkei unterst\u00fctzter Regierung an        <\/p>\n<p class=\"paragraph article__item\">Laut <a class=\"rtr-entity\" href=\"https:\/\/www.zeit.de\/thema\/libyen\" rel=\"nofollow noopener\" target=\"_blank\">Libyens<\/a> Regierungschef Dbaiba befand sich General al-Haddad auf der R\u00fcckreise von einem offiziellen Besuch in der t\u00fcrkischen Hauptstadt. Dort hatte er mit dem t\u00fcrkischen Verteidigungsminister Yasar G\u00fcler und anderen Regierungsvertretern gesprochen. Um wen es sich bei den vier Begleitern al-Haddads handelte, sagte Dbaiba nicht.\n<\/p>\n<p class=\"paragraph article__item\">Der Flugzeugabsturz ereignete sich einen Tag,<br \/>\nnachdem das t\u00fcrkische Parlament das Mandat f\u00fcr den Einsatz<br \/>\nt\u00fcrkischer Soldaten in Libyen um zwei \u2060weitere Jahre verl\u00e4ngert<br \/>\nhatte. Im<br \/>\nJahr 2020 entsandte \u2060die T\u00fcrkei Milit\u00e4rpersonal zur Ausbildung<br \/>\nund Unterst\u00fctzung der \u2060Regierung. Sp\u00e4ter schlossen die beiden<br \/>\nL\u00e4nder ein von \u00c4gypten und Griechenland \u200cangefochtenes Abkommen<br \/>\n\u00fcber die Seegrenzen. Zuletzt \u200bhaben die T\u00fcrkei und Libyens Regierung in <a class=\"rtr-entity\" href=\"https:\/\/www.zeit.de\/thema\/tripolis\" rel=\"nofollow noopener\" target=\"_blank\">Tripolis<\/a> zudem ein<br \/>\nvorl\u00e4ufiges Abkommen im Bereich Energie unterzeichnet, das<br \/>\nebenfalls \u2060auf den Widerstand der beiden Nachbarl\u00e4nder st\u00f6\u00dft.\u00a0\n<\/p>\n<p>                            \u00a9\u00a0Lea Dohle<\/p>\n<p>\n                                        Newsletter<br \/>\n                                        Was jetzt? \u2013 Der t\u00e4gliche Morgen\u00fcberblick<\/p>\n<p class=\"newsletter-signup__text\">Starten Sie mit unserem kurzen Nachrichten-Newsletter in den Tag. Erhalten Sie zudem freitags das digitale Magazin ZEIT am Wochenende.<\/p>\n<p class=\"newsletter-signup__datapolicy\" hidden=\"\">\n            Mit Ihrer Registrierung nehmen Sie die <a href=\"https:\/\/datenschutz.zeit.de\/zon#Newsletter\" target=\"_blank\" rel=\"nofollow noopener\">Datenschutzerkl\u00e4rung<\/a> zur Kenntnis.\n        <\/p>\n<p>    Vielen Dank! Wir haben Ihnen eine E-Mail geschickt.<\/p>\n<p>Pr\u00fcfen Sie Ihr Postfach und best\u00e4tigen Sie das Newsletter-Abonnement.<\/p>\n<p class=\"paragraph article__item\">Al-Haddad war Generalstabschef der<br \/>\nDbaiba-Regierung mit Sitz in der libyschen Hauptstadt Tripolis, die mit der Regierung in Ost-Libyen<br \/>\nverfeindet ist. Die T\u00fcrkei gilt als wichtigster Unterst\u00fctzer der<br \/>\nRegierung in Tripolis. Die t\u00fcrkische Regierung hatte ihr 2019 durch milit\u00e4rische<br \/>\nUnterst\u00fctzung geholfen, eine Gro\u00dfoffensive abzuwehren, bei der General<br \/>\nChalifa Haftar, der faktische Machthaber Ost-Libyens, Tripolis einnehmen wollte.\n<\/p>\n<p class=\"paragraph article__item\"><a href=\"https:\/\/www.zeit.de\/2021\/47\/libyen-buergerkrieg-miliz-diplomatie-mohammed-friwan\" class=\"\" target=\"_blank\" rel=\"nofollow noopener\">Libyen leidet seit dem Sturz des langj\u00e4hrigen<br \/>\nMachthabers Muammar al-Gaddafi im Jahr 2011 unter Instabilit\u00e4t<\/a>. Dbaibas<br \/>\n von den Vereinten Nationen anerkannte Regierung in Tripolis ringt<br \/>\n um die Macht mit einer Gegenregierung im Osten, die vom dort ans\u00e4ssigen<br \/>\n Parlament und dem General Haftar unterst\u00fctzt wird.\u00a0\n<\/p>\n<p class=\"paragraph article__item\">Die Regierungen sprechen sich gegenseitig die Legitimit\u00e4t ab und bek\u00e4mpfen sich um Einfluss und Bodensch\u00e4tze. Die Regierung in Tripolis z\u00e4hlt neben der T\u00fcrkei auch Katar und Italien zu ihren Unterst\u00fctzern. Die Gegenregierung im Osten wird von \u00c4gypten, Russland, Jordanien und den Vereinigten Arabischen Emiraten unterst\u00fctzt.<\/p>\n","protected":false},"excerpt":{"rendered":"Der Generalstabschef der libyschen Armee, Mohammed Ali Ahmed al-Haddad, ist bei einem Flugzeugabsturz in der T\u00fcrkei gestorben. Das&hellip;\n","protected":false},"author":2,"featured_media":667896,"comment_status":"","ping_status":"","sticky":false,"template":"","format":"standard","meta":{"footnotes":""},"categories":[5],"tags":[155558,331,332,155559,1207,3364,29,321,30,13,7539,37860,451,155557,14,15,16,12,91067,143],"class_list":{"0":"post-667895","1":"post","2":"type-post","3":"status-publish","4":"format-standard","5":"has-post-thumbnail","7":"category-nachrichten","8":"tag-abdel-hamid-dbaiba","9":"tag-aktuelle-nachrichten","10":"tag-aktuelle-news","11":"tag-ali-yerlikaya","12":"tag-ankara","13":"tag-de","14":"tag-deutschland","15":"tag-flugzeugabsturz","16":"tag-germany","17":"tag-headlines","18":"tag-innenministerium","19":"tag-libyen","20":"tag-militaer","21":"tag-mohammed-ali-ahmed-al-haddad","22":"tag-nachrichten","23":"tag-news","24":"tag-politik","25":"tag-schlagzeilen","26":"tag-tripolis","27":"tag-tuerkei"},"share_on_mastodon":{"url":"https:\/\/pubeurope.com\/@de\/115771755922329353","error":""},"_links":{"self":[{"href":"https:\/\/www.europesays.com\/de\/wp-json\/wp\/v2\/posts\/667895","targetHints":{"allow":["GET"]}}],"collection":[{"href":"https:\/\/www.europesays.com\/de\/wp-json\/wp\/v2\/posts"}],"about":[{"href":"https:\/\/www.europesays.com\/de\/wp-json\/wp\/v2\/types\/post"}],"author":[{"embeddable":true,"href":"https:\/\/www.europesays.com\/de\/wp-json\/wp\/v2\/users\/2"}],"replies":[{"embeddable":true,"href":"https:\/\/www.europesays.com\/de\/wp-json\/wp\/v2\/comments?post=667895"}],"version-history":[{"count":0,"href":"https:\/\/www.europesays.com\/de\/wp-json\/wp\/v2\/posts\/667895\/revisions"}],"wp:featuredmedia":[{"embeddable":true,"href":"https:\/\/www.europesays.com\/de\/wp-json\/wp\/v2\/media\/667896"}],"wp:attachment":[{"href":"https:\/\/www.europesays.com\/de\/wp-json\/wp\/v2\/media?parent=667895"}],"wp:term":[{"taxonomy":"category","embeddable":true,"href":"https:\/\/www.europesays.com\/de\/wp-json\/wp\/v2\/categories?post=667895"},{"taxonomy":"post_tag","embeddable":true,"href":"https:\/\/www.europesays.com\/de\/wp-json\/wp\/v2\/tags?post=667895"}],"curies":[{"name":"wp","href":"https:\/\/api.w.org\/{rel}","templated":true}]}}