{"id":667912,"date":"2025-12-24T00:49:22","date_gmt":"2025-12-24T00:49:22","guid":{"rendered":"https:\/\/www.europesays.com\/de\/667912\/"},"modified":"2025-12-24T00:49:22","modified_gmt":"2025-12-24T00:49:22","slug":"radebeuler-rollstuhlfahrer-jetzt-sicherer-unterwegs","status":"publish","type":"post","link":"https:\/\/www.europesays.com\/de\/667912\/","title":{"rendered":"Radebeuler Rollstuhlfahrer jetzt sicherer unterwegs"},"content":{"rendered":"<p>Die Erleichterung und Freude ist Tino Lowke anzusehen. \u201eIch bin viel mit dem Rollstuhl unterwegs, spiele Tischtennis und Basketball. Jetzt kann ich das Vorsatzrad, welches f\u00fcr mehr Stabilit\u00e4t sorgt, sogar als Gep\u00e4cktr\u00e4ger benutzen.\u201c<\/p>\n<p>Die Beratungsstelle f\u00fcr Menschen in besonderen Lebenslagen, \u00e4ltere Menschen und mit Behinderung in Radebeul konnte unb\u00fcrokratisch helfen und die ca. 2.100 Euro teure Erweiterung mit 1.500 Euro f\u00f6rdern. Silke Haferkorn, Mitarbeiterin in der Beratungsstelle, hatte \u00fcber den Initiativkreis f\u00fcr mobilit\u00e4tseingeschr\u00e4nkte Menschen Kontakt zu Herrn Lowke. \u201eUnebenheiten, wie Kopfsteinpflaster haben bei Herrn Lowke zu mehrfachen St\u00fcrzen aus dem Rollstuhl gef\u00fchrt. Der Anbau gibt ihm Sicherheit, grade auch bei der Nutzung der \u00f6ffentlichen Verkehrsmittel.\u201c<\/p>\n<p>Sachgebietsleiterin Diana Fleischer: \u201eWir sind Ansprechpartner in unserer Beratungsstelle auf der Hauptstra\u00dfe 4 und helfen auch beim Umgang mit anderen \u00c4mtern oder Beh\u00f6rden.&#8220; \u00a0Telefon: 0351 8311-820 oder -810.<\/p>\n","protected":false},"excerpt":{"rendered":"Die Erleichterung und Freude ist Tino Lowke anzusehen. \u201eIch bin viel mit dem Rollstuhl unterwegs, spiele Tischtennis und&hellip;\n","protected":false},"author":2,"featured_media":667913,"comment_status":"","ping_status":"","sticky":false,"template":"","format":"standard","meta":{"footnotes":""},"categories":[1835],"tags":[22270,15252,3364,29,2386,30,8787,43313,859,3931],"class_list":{"0":"post-667912","1":"post","2":"type-post","3":"status-publish","4":"format-standard","5":"has-post-thumbnail","7":"category-dresden","8":"tag-frderung","9":"tag-beratung","10":"tag-de","11":"tag-deutschland","12":"tag-dresden","13":"tag-germany","14":"tag-mobilitt","15":"tag-rollstuhlfahrer","16":"tag-sachsen","17":"tag-sicherheit"},"share_on_mastodon":{"url":"","error":""},"_links":{"self":[{"href":"https:\/\/www.europesays.com\/de\/wp-json\/wp\/v2\/posts\/667912","targetHints":{"allow":["GET"]}}],"collection":[{"href":"https:\/\/www.europesays.com\/de\/wp-json\/wp\/v2\/posts"}],"about":[{"href":"https:\/\/www.europesays.com\/de\/wp-json\/wp\/v2\/types\/post"}],"author":[{"embeddable":true,"href":"https:\/\/www.europesays.com\/de\/wp-json\/wp\/v2\/users\/2"}],"replies":[{"embeddable":true,"href":"https:\/\/www.europesays.com\/de\/wp-json\/wp\/v2\/comments?post=667912"}],"version-history":[{"count":0,"href":"https:\/\/www.europesays.com\/de\/wp-json\/wp\/v2\/posts\/667912\/revisions"}],"wp:featuredmedia":[{"embeddable":true,"href":"https:\/\/www.europesays.com\/de\/wp-json\/wp\/v2\/media\/667913"}],"wp:attachment":[{"href":"https:\/\/www.europesays.com\/de\/wp-json\/wp\/v2\/media?parent=667912"}],"wp:term":[{"taxonomy":"category","embeddable":true,"href":"https:\/\/www.europesays.com\/de\/wp-json\/wp\/v2\/categories?post=667912"},{"taxonomy":"post_tag","embeddable":true,"href":"https:\/\/www.europesays.com\/de\/wp-json\/wp\/v2\/tags?post=667912"}],"curies":[{"name":"wp","href":"https:\/\/api.w.org\/{rel}","templated":true}]}}