{"id":667920,"date":"2025-12-24T00:53:15","date_gmt":"2025-12-24T00:53:15","guid":{"rendered":"https:\/\/www.europesays.com\/de\/667920\/"},"modified":"2025-12-24T00:53:15","modified_gmt":"2025-12-24T00:53:15","slug":"der-fc-welheim-ist-meister-2025-wir-lieben-bottrop","status":"publish","type":"post","link":"https:\/\/www.europesays.com\/de\/667920\/","title":{"rendered":"Der FC Welheim ist Meister 2025 \u2013 Wir lieben Bottrop"},"content":{"rendered":"<p>\t\t\t\t\t\t\t<img fetchpriority=\"high\" width=\"2048\" height=\"862\" src=\"https:\/\/www.europesays.com\/de\/wp-content\/uploads\/2025\/12\/Dat-neuste-ausm-Fussball.png\" class=\"attachment-full size-full wp-post-image\" alt=\"\" decoding=\"async\"  \/><\/p>\n<p>Der <strong>FC Welheim<\/strong> ist Meister des Jahres 2025 und kr\u00f6nt damit eine au\u00dfergew\u00f6hnliche Saison. Mit beeindruckenden 73 Punkten sammelte der FCW ganze 12 Z\u00e4hler mehr als der aktuelle Tabellenf\u00fchrer der Landesliga, der <strong>VfB Bottrop<\/strong>, und unterstrich damit seine sportliche Dominanz eindrucksvoll. Hinter dem souver\u00e4nen Meister rangiert der VfB Bottrop mit 61 Punkten auf dem zweiten Platz.<\/p>\n<p>Dahinter folgen mit <strong>Dostlukspor<\/strong> und dem<strong> SV Fortuna<\/strong> gleich zwei Bezirksligisten, die jeweils 59 Punkte auf dem Konto haben und ebenfalls eine ordentliche Saison spielen. Auf den weiteren Pl\u00e4tzen reihen sich <strong>Grafenwald<\/strong> mit 53 Punkten sowie <strong>Kirchhellen<\/strong> mit 51 Punkten ein und komplettieren damit das obere Mittelfeld der besten Bottroper Mannschaften.<\/p>\n<p>Etwas ern\u00fcchternd f\u00e4llt die Platzierung des <strong>SV Rhenania<\/strong> aus. Trotz eines dominanten Aufstiegs in die Landesliga belegt Rhenania lediglich den siebten Platz im Ranking der erfolgreichsten Bottroper Teams. Am Tabellenende finden sich <strong>BW Fuhlenbrock<\/strong> und <strong>FC Welheim II<\/strong>, die sich punktetechnisch die letzten beiden Pl\u00e4tze teilen.<\/p>\n<p>Die Tabelle:<\/p>\n<tr>\n<td align=\"CENTER\" width=\"43\" height=\"17\">Platz<\/td>\n<td align=\"CENTER\" width=\"116\">Team<\/td>\n<td align=\"CENTER\" width=\"86\">Punkte<\/td>\n<td align=\"CENTER\" width=\"86\">Tore<\/td>\n<td align=\"CENTER\" width=\"86\">Gegentore<\/td>\n<\/tr>\n<tr>\n<td align=\"CENTER\" height=\"17\">1<\/td>\n<td align=\"CENTER\" bgcolor=\"#FFFFFF\">FC Welheim<\/td>\n<td align=\"CENTER\" bgcolor=\"#FFFFFF\">73<\/td>\n<td align=\"CENTER\" bgcolor=\"#FFFFFF\">102<\/td>\n<td align=\"CENTER\" bgcolor=\"#FFFFFF\">43<\/td>\n<\/tr>\n<tr>\n<td align=\"CENTER\" height=\"17\">2<\/td>\n<td align=\"CENTER\" bgcolor=\"#FFFFFF\">VfB Bottrop<\/td>\n<td align=\"CENTER\" bgcolor=\"#FFFFFF\">61<\/td>\n<td align=\"CENTER\" bgcolor=\"#FFFFFF\">90<\/td>\n<td align=\"CENTER\" bgcolor=\"#FFFFFF\">60<\/td>\n<\/tr>\n<tr>\n<td align=\"CENTER\" height=\"17\">3<\/td>\n<td align=\"CENTER\">Dostlukspor<\/td>\n<td align=\"CENTER\" bgcolor=\"#FFFFFF\">59<\/td>\n<td align=\"CENTER\" bgcolor=\"#FFFFFF\">77<\/td>\n<td align=\"CENTER\" bgcolor=\"#FFFFFF\">48<\/td>\n<\/tr>\n<tr>\n<td align=\"CENTER\" height=\"17\">4<\/td>\n<td align=\"CENTER\" bgcolor=\"#FFFFFF\">SV Fortuna<\/td>\n<td align=\"CENTER\" bgcolor=\"#FFFFFF\">59<\/td>\n<td align=\"CENTER\" bgcolor=\"#FFFFFF\">76<\/td>\n<td align=\"CENTER\" bgcolor=\"#FFFFFF\">59<\/td>\n<\/tr>\n<tr>\n<td align=\"CENTER\" height=\"17\">5<\/td>\n<td align=\"CENTER\" bgcolor=\"#FFFFFF\">VfL Grafenwald<\/td>\n<td align=\"CENTER\" bgcolor=\"#FFFFFF\">53<\/td>\n<td align=\"CENTER\" bgcolor=\"#FFFFFF\">80<\/td>\n<td align=\"CENTER\" bgcolor=\"#FFFFFF\">60<\/td>\n<\/tr>\n<tr>\n<td align=\"CENTER\" height=\"17\">6<\/td>\n<td align=\"CENTER\" bgcolor=\"#FFFFFF\">VfB Kirchhellen<\/td>\n<td align=\"CENTER\" bgcolor=\"#FFFFFF\">51<\/td>\n<td align=\"CENTER\" bgcolor=\"#FFFFFF\">71<\/td>\n<td align=\"CENTER\" bgcolor=\"#FFFFFF\">55<\/td>\n<\/tr>\n<tr>\n<td align=\"CENTER\" height=\"17\">7<\/td>\n<td align=\"CENTER\" bgcolor=\"#FFFFFF\">SV Rhenania<\/td>\n<td align=\"CENTER\" bgcolor=\"#FFFFFF\">46<\/td>\n<td align=\"CENTER\" bgcolor=\"#FFFFFF\">113<\/td>\n<td align=\"CENTER\" bgcolor=\"#FFFFFF\">109<\/td>\n<\/tr>\n<tr>\n<td align=\"CENTER\" height=\"17\">8<\/td>\n<td align=\"CENTER\" bgcolor=\"#FFFFFF\">BW Fuhlenbrock<\/td>\n<td align=\"CENTER\" bgcolor=\"#FFFFFF\">45<\/td>\n<td align=\"CENTER\" bgcolor=\"#FFFFFF\">85<\/td>\n<td align=\"CENTER\" bgcolor=\"#FFFFFF\">77<\/td>\n<\/tr>\n<tr>\n<td align=\"CENTER\" height=\"17\">9<\/td>\n<td align=\"CENTER\" bgcolor=\"#FFFFFF\">FC Welheim II<\/td>\n<td align=\"CENTER\" bgcolor=\"#FFFFFF\">45<\/td>\n<td align=\"CENTER\" bgcolor=\"#FFFFFF\">87<\/td>\n<td align=\"CENTER\" bgcolor=\"#FFFFFF\">91<\/td>\n<\/tr>\n","protected":false},"excerpt":{"rendered":"Der FC Welheim ist Meister des Jahres 2025 und kr\u00f6nt damit eine au\u00dfergew\u00f6hnliche Saison. Mit beeindruckenden 73 Punkten&hellip;\n","protected":false},"author":2,"featured_media":667921,"comment_status":"","ping_status":"","sticky":false,"template":"","format":"standard","meta":{"footnotes":""},"categories":[1834],"tags":[3364,29,3688,30,1209],"class_list":{"0":"post-667920","1":"post","2":"type-post","3":"status-publish","4":"format-standard","5":"has-post-thumbnail","7":"category-essen","8":"tag-de","9":"tag-deutschland","10":"tag-essen","11":"tag-germany","12":"tag-nordrhein-westfalen"},"share_on_mastodon":{"url":"https:\/\/pubeurope.com\/@de\/115771815876143418","error":""},"_links":{"self":[{"href":"https:\/\/www.europesays.com\/de\/wp-json\/wp\/v2\/posts\/667920","targetHints":{"allow":["GET"]}}],"collection":[{"href":"https:\/\/www.europesays.com\/de\/wp-json\/wp\/v2\/posts"}],"about":[{"href":"https:\/\/www.europesays.com\/de\/wp-json\/wp\/v2\/types\/post"}],"author":[{"embeddable":true,"href":"https:\/\/www.europesays.com\/de\/wp-json\/wp\/v2\/users\/2"}],"replies":[{"embeddable":true,"href":"https:\/\/www.europesays.com\/de\/wp-json\/wp\/v2\/comments?post=667920"}],"version-history":[{"count":0,"href":"https:\/\/www.europesays.com\/de\/wp-json\/wp\/v2\/posts\/667920\/revisions"}],"wp:featuredmedia":[{"embeddable":true,"href":"https:\/\/www.europesays.com\/de\/wp-json\/wp\/v2\/media\/667921"}],"wp:attachment":[{"href":"https:\/\/www.europesays.com\/de\/wp-json\/wp\/v2\/media?parent=667920"}],"wp:term":[{"taxonomy":"category","embeddable":true,"href":"https:\/\/www.europesays.com\/de\/wp-json\/wp\/v2\/categories?post=667920"},{"taxonomy":"post_tag","embeddable":true,"href":"https:\/\/www.europesays.com\/de\/wp-json\/wp\/v2\/tags?post=667920"}],"curies":[{"name":"wp","href":"https:\/\/api.w.org\/{rel}","templated":true}]}}