{"id":667926,"date":"2025-12-24T00:56:12","date_gmt":"2025-12-24T00:56:12","guid":{"rendered":"https:\/\/www.europesays.com\/de\/667926\/"},"modified":"2025-12-24T00:56:12","modified_gmt":"2025-12-24T00:56:12","slug":"lotto-chico-kauft-rolle-im-dortmunder-tatort-fuer-stolzes-suemmchen","status":"publish","type":"post","link":"https:\/\/www.europesays.com\/de\/667926\/","title":{"rendered":"Lotto-Chico kauft Rolle im Dortmunder &#8222;Tatort&#8220; &#8211; f\u00fcr stolzes S\u00fcmmchen"},"content":{"rendered":"\n<p>Da k\u00f6nnen die Fans des Dortmunder \u201eTatorts\u201c sich aber auf einiges gefasst machen. K\u00fcrsat Yildirim, besser bekannt als Lotto-Million\u00e4r Chico, wird bald in der Ruhrpott-Version der ARD-Krimiserie zu sehen sein.<\/p>\n<p>Der Dortmunder Lotto-K\u00f6nig sicherte sich eine Komparsen-Rolle am Samstag (29. November) bei der Kinderlachen-Gala in der Westfalenhalle. In einem Casting musste Chico sich daf\u00fcr nicht beweisen \u2013 nur seine Geldb\u00f6rse \u00f6ffnen.<\/p>\n<p> Lotto-K\u00f6nig Chico bietet 15.000 Euro f\u00fcr Schuhe <\/p>\n<p>Es ist nicht das erste Mal, dass Chico bei der Charity-Veranstaltung zu Gunsten von Kindern dabei war. Vor zwei Jahren versteigerte Chico einen Besuch mit ihm im Phantasialand, wodurch eine f\u00fcnfstellige Summe zusammenkam (<a href=\"https:\/\/www.derwesten.de\/staedte\/dortmund\/lotto-chico-millionaer-geld-phantasialand-id300750832.html\" rel=\"nofollow noopener\" target=\"_blank\">wie viel zusammenkam, liest du hier &gt;&gt;&gt;<\/a>).<\/p>\n<p>Ein Jahr wollte der neureiche Dortmunder ein Barbecue bei sich versteigern und kassierte eine Breitseite von Oliver Pocher (<a href=\"https:\/\/www.derwesten.de\/staedte\/dortmund\/lotto-chico-millionaer-oliver-pocher-id301246206.html\" rel=\"nofollow noopener\" target=\"_blank\">mehr dazu hier &gt;&gt;&gt;<\/a>). Dieses Jahr posierte Chico unter anderem mit Rapper \u201eKollegah\u201c auf dem roten Teppich und schielte dann zun\u00e4chst auf ein ganz besonderes Schuhpaar. <\/p>\n<p> <img loading=\"lazy\" decoding=\"async\" height=\"682\" width=\"1024\" src=\"https:\/\/www.europesays.com\/de\/wp-content\/uploads\/2025\/12\/chico-94460c.jpg\" alt=\"\" class=\"wp-image-301920147\"  \/>Lotto-Million\u00e4r Chico posiert mit Kollegah in Dortmund. Foto: IMAGO\/BREUEL-BILD<\/p>\n<p>Er war bereit 12.000 Euro daf\u00fcr auf den Tisch zu legen. Doch am Ende wurde er \u00fcberboten. \u201eHat leider nicht gepasst, sonst h\u00e4tte ich gekauft\u201c, verr\u00e4t der ehemalige Kranfahrer mit der kriminellen Vergangenheit hinterher.<\/p>\n<p>++<a href=\"https:\/\/www.derwesten.de\/staedte\/essen\/essen-motor-show-2025-tuning-polizei-id301920049.html\" rel=\"nofollow noopener\" target=\"_blank\"> Tuning-Fans fahren zur \u201eEssen Motor Show\u201c \u2013 sie werden es f\u00fcr immer bereuen <\/a>++<\/p>\n<p> Lotto-K\u00f6nig Chico kauft sich Rolle im Dortmunder \u201eTatort\u201c <\/p>\n<p>Die Schuhe sollten letztlich f\u00fcr 15.000 Euro den Besitzer wechseln. F\u00fcr seine \u201eTatort\u201c-Rolle musste Chico deutlich weniger locker machen: 6.000 Euro legte der Dortmunder auf den Tisch, um bei den Dreharbeiten f\u00fcr \u201eBlut und Wasser\u201c zwischen dem 12. Februar und 18. M\u00e4rz 2026 dabei sein zu k\u00f6nnen. Die Episode des Dortmunder \u201eTatorts\u201c soll dann bisherigen Informationen zufolge fr\u00fchestens im Jahr 2027 ausgestrahlt werden.<\/p>\n<p>Mehr Themen:<\/p>\n<p>Seine Fans m\u00fcssen also noch etwas Geduld haben, bevor sie den Lotto-Million\u00e4r in der Krimiserie sehen k\u00f6nnen. F\u00fcr Chico war es wieder mal ein gelungenes Event: \u201eEs war ein unvergesslicher Abend\u201c, fasst er zusammen. Bei der Spendengala seien \u00fcber eine Million Euro zusammengekommen.<\/p>\n","protected":false},"excerpt":{"rendered":"Da k\u00f6nnen die Fans des Dortmunder \u201eTatorts\u201c sich aber auf einiges gefasst machen. K\u00fcrsat Yildirim, besser bekannt als&hellip;\n","protected":false},"author":2,"featured_media":667927,"comment_status":"","ping_status":"","sticky":false,"template":"","format":"standard","meta":{"footnotes":""},"categories":[1833],"tags":[68998,3364,29,217,30,6486,1209],"class_list":{"0":"post-667926","1":"post","2":"type-post","3":"status-publish","4":"format-standard","5":"has-post-thumbnail","7":"category-dortmund","8":"tag-chico","9":"tag-de","10":"tag-deutschland","11":"tag-dortmund","12":"tag-germany","13":"tag-lotto","14":"tag-nordrhein-westfalen"},"share_on_mastodon":{"url":"https:\/\/pubeurope.com\/@de\/115771826981777490","error":""},"_links":{"self":[{"href":"https:\/\/www.europesays.com\/de\/wp-json\/wp\/v2\/posts\/667926","targetHints":{"allow":["GET"]}}],"collection":[{"href":"https:\/\/www.europesays.com\/de\/wp-json\/wp\/v2\/posts"}],"about":[{"href":"https:\/\/www.europesays.com\/de\/wp-json\/wp\/v2\/types\/post"}],"author":[{"embeddable":true,"href":"https:\/\/www.europesays.com\/de\/wp-json\/wp\/v2\/users\/2"}],"replies":[{"embeddable":true,"href":"https:\/\/www.europesays.com\/de\/wp-json\/wp\/v2\/comments?post=667926"}],"version-history":[{"count":0,"href":"https:\/\/www.europesays.com\/de\/wp-json\/wp\/v2\/posts\/667926\/revisions"}],"wp:featuredmedia":[{"embeddable":true,"href":"https:\/\/www.europesays.com\/de\/wp-json\/wp\/v2\/media\/667927"}],"wp:attachment":[{"href":"https:\/\/www.europesays.com\/de\/wp-json\/wp\/v2\/media?parent=667926"}],"wp:term":[{"taxonomy":"category","embeddable":true,"href":"https:\/\/www.europesays.com\/de\/wp-json\/wp\/v2\/categories?post=667926"},{"taxonomy":"post_tag","embeddable":true,"href":"https:\/\/www.europesays.com\/de\/wp-json\/wp\/v2\/tags?post=667926"}],"curies":[{"name":"wp","href":"https:\/\/api.w.org\/{rel}","templated":true}]}}