{"id":667943,"date":"2025-12-24T01:06:16","date_gmt":"2025-12-24T01:06:16","guid":{"rendered":"https:\/\/www.europesays.com\/de\/667943\/"},"modified":"2025-12-24T01:06:16","modified_gmt":"2025-12-24T01:06:16","slug":"traditioneller-weihnachts-brunch-fuer-wohnungslose-im-haus-salierring","status":"publish","type":"post","link":"https:\/\/www.europesays.com\/de\/667943\/","title":{"rendered":"Traditioneller Weihnachts-Brunch f\u00fcr Wohnungslose im Haus Salierring"},"content":{"rendered":"<p data-start=\"486\" data-end=\"920\">Zum vierten Mal hat das Diakonische Werk K\u00f6ln und Region am 4. Advent obdachlose und von Wohnungslosigkeit bedrohte Menschen zu einem kostenlosen weihnachtlichen Brunch in das Diakoniehaus Salierring eingeladen. Dort sind verschiedene Unterst\u00fctzungen \u2013 insbesondere die Wohnungsnotfallhilfe, Fachberatung sowie weitere unterst\u00fctzende Angebote \u2013 unter einem Dach geb\u00fcndelt und miteinander vernetzt.<\/p>\n<p data-start=\"1373\" data-end=\"2146\"><strong data-start=\"1373\" data-end=\"1400\">Begegnung auf Augenh\u00f6he<\/strong><br data-start=\"1400\" data-end=\"1403\"\/>Ein leckeres Fr\u00fchst\u00fccksangebot in einer Atmosph\u00e4re gegenseitiger Wertsch\u00e4tzung erwartete die G\u00e4ste. Im Tagestreff begr\u00fc\u00dften ehren- und hauptamtliche Mitarbeitende in zwei Durchg\u00e4ngen insgesamt 75 Menschen im Alter von zwanzig bis 75 Jahren. Viele von ihnen hatten im Laufe des Jahres die Hilfsangebote des Fachdienstes \u201eWohnungslosenhilfe\u201c genutzt oder leben in einem der vom Diakoniehaus betreuten Wohnprojekte. Nun genossen sie weihnachtlich gestimmt das reichhaltige Fr\u00fchst\u00fcck und das Miteinander. \u201eIn einer Atmosph\u00e4re von gegenseitiger Wertsch\u00e4tzung bedankten sich die zufriedenen, gutgelaunten G\u00e4ste bei den Mitarbeitenden, die viel Spa\u00df bei ihrer Arbeit hatten\u201c, fasste Michael Lampa, Fachdienstleiter der Wohnungsnotfallhilfe, zusammen.<\/p>\n<p data-start=\"2148\" data-end=\"2729\"><strong data-start=\"2148\" data-end=\"2185\">W\u00e4rme, Gemeinschaft und Geschenke<\/strong><\/p>\n<p><img loading=\"lazy\" decoding=\"async\" class=\" wp-image-67365\" src=\"https:\/\/www.europesays.com\/de\/wp-content\/uploads\/2025\/12\/DSC_9095.Diakoniehaus-Salierring-in-Koeln-scaled-e1766484266697-1030x580.jpg\" alt=\"\" width=\"419\" height=\"236\"  \/>Diakoniehaus Salierring \/ Ecke Am Duffesbach<\/p>\n<p data-start=\"2148\" data-end=\"2729\">Im Diakoniehaus Salierring wird montags bis freitags von 8:30 bis 12:30 Uhr ein Fr\u00fchst\u00fcck und an festen Tagen regelm\u00e4\u00dfig ein Mittagessen angeboten. \u201eWir fr\u00fchst\u00fccken hier jeden Werktag\u201c, sagte ein Stammgast. \u201eHier herrscht immer eine gute Atmosph\u00e4re\u201c, w\u00fcrdigte er die zuvorkommenden Mitarbeitenden. \u201eWir sind froh, dass es dieses Angebot weiterhin gibt.\u201c Sein Nachbar erg\u00e4nzte, dass es ihm gar nicht so sehr um das Essen gehe. \u201eIch finde es besonders sch\u00f6n, hier Leute treffen und sprechen zu k\u00f6nnen\u201c, will er diese Anlaufstelle nicht missen.<\/p>\n<p data-start=\"2731\" data-end=\"3486\"><strong data-start=\"2731\" data-end=\"2778\">\u201eEin sch\u00f6ner Tag voller menschlicher W\u00e4rme\u201c<\/strong><br data-start=\"2778\" data-end=\"2781\"\/><img loading=\"lazy\" decoding=\"async\" class=\"wp-image-67367 alignright\" src=\"https:\/\/www.europesays.com\/de\/wp-content\/uploads\/2025\/12\/DSC_9076.Diakoniehaus-Salierring.-Weihnachtsbrunch.-Gescvhenktueten-und-Struempfe.-c-E.-Broich-scale.jpeg\" alt=\"\" width=\"423\" height=\"238\"  \/>Zum Abschluss erhielten die G\u00e4ste Geschenkt\u00fcten mit Weihnachtsgeb\u00e4ck, Schokolade, einen Supermarkt-Einkaufsgutschein \u00fcber 25 Euro und, auf Wunsch, auch Rauchwaren. Zudem konnten sie sich \u00fcber warme Socken freuen: Mitglieder der Initiative Hobbyschneiderin24 hatten im Laufe des Jahres \u00fcber 200 Paar gestrickt und gespendet. \u201eIn Zeiten von steigenden Preisen wird der Einkauf immer schwieriger und der Besuch eines Weihnachtsmarkts f\u00fcr viele zum Luxusgut\u201c, so Lampa. \u201eDarum m\u00f6chten wir mit unserer Aktion etwas weihnachtlichen Glanz in das Leben von Menschen in Armut bringen. Ganz besonders freuen wir uns aber dar\u00fcber, dass es f\u00fcr alle ein sehr sch\u00f6ner gemeinsamer Tag voller menschlicher W\u00e4rme war.\u201c<\/p>\n<p data-start=\"2731\" data-end=\"3486\"><strong data-start=\"922\" data-end=\"962\">Diakoniespende st\u00e4rkt Krankenwohnung<\/strong><br data-start=\"962\" data-end=\"965\"\/>Bis Ende September 2026 ist das Diakoniehaus Salierring Empf\u00e4nger der aktuellen Diakoniespende des Evangelischen Kirchenverbandes K\u00f6ln und Region. Jeder gespendete Cent wird vom Kirchenverband bis zu einem Gesamtbetrag von 100.000 Euro verdoppelt. Der Erl\u00f6s soll prim\u00e4r f\u00fcr die Erweiterung und Modernisierung der Krankenwohnung in der Einrichtung am Salierring \/ Ecke Am Duffesbach eingesetzt werden. Mehr Informationen zur Diakoniespende finden Sie <a href=\"https:\/\/www.diakoniespende-koeln.de\/\" rel=\"nofollow noopener\" target=\"_blank\">hier<\/a>.<\/p>\n<p><a href=\"#\" rel=\"nofollow\" onclick=\"window.print(); return false;\" title=\"Printer Friendly, PDF &amp; Email\"><img decoding=\"async\" src=\"https:\/\/www.europesays.com\/de\/wp-content\/uploads\/2025\/04\/printfriendly-icon-lg.png\" alt=\"Print Friendly, PDF &amp; Email\" class=\"pf-button-img\" style=\"width: 25px;height: 25px;\"\/>Drucken<\/a><\/p>\n<p>Text: Engelbert Broich<br \/>Foto(s): Engelbert Broich<\/p>\n","protected":false},"excerpt":{"rendered":"Zum vierten Mal hat das Diakonische Werk K\u00f6ln und Region am 4. Advent obdachlose und von Wohnungslosigkeit bedrohte&hellip;\n","protected":false},"author":2,"featured_media":667944,"comment_status":"","ping_status":"","sticky":false,"template":"","format":"standard","meta":{"footnotes":""},"categories":[1828],"tags":[29,118765,118766,5393,30,155561,1420,155562,23862,1209,11891,130304,12289,141092,68226,11030],"class_list":{"0":"post-667943","1":"post","2":"type-post","3":"status-publish","4":"format-standard","5":"has-post-thumbnail","7":"category-koeln","8":"tag-deutschland","9":"tag-diakoniehaus-salierring","10":"tag-diakoniespende","11":"tag-ehrenamt","12":"tag-germany","13":"tag-hobbyschneiderin24","14":"tag-koeln","15":"tag-koelner-kirche","16":"tag-naechstenliebe","17":"tag-nordrhein-westfalen","18":"tag-obdachlosigkeit","19":"tag-soziale-projekte","20":"tag-weihnachten","21":"tag-weihnachtsaktion","22":"tag-wohnungslosenhilfe","23":"tag-wohnungsnot"},"share_on_mastodon":{"url":"https:\/\/pubeurope.com\/@de\/115771867186190867","error":""},"_links":{"self":[{"href":"https:\/\/www.europesays.com\/de\/wp-json\/wp\/v2\/posts\/667943","targetHints":{"allow":["GET"]}}],"collection":[{"href":"https:\/\/www.europesays.com\/de\/wp-json\/wp\/v2\/posts"}],"about":[{"href":"https:\/\/www.europesays.com\/de\/wp-json\/wp\/v2\/types\/post"}],"author":[{"embeddable":true,"href":"https:\/\/www.europesays.com\/de\/wp-json\/wp\/v2\/users\/2"}],"replies":[{"embeddable":true,"href":"https:\/\/www.europesays.com\/de\/wp-json\/wp\/v2\/comments?post=667943"}],"version-history":[{"count":0,"href":"https:\/\/www.europesays.com\/de\/wp-json\/wp\/v2\/posts\/667943\/revisions"}],"wp:featuredmedia":[{"embeddable":true,"href":"https:\/\/www.europesays.com\/de\/wp-json\/wp\/v2\/media\/667944"}],"wp:attachment":[{"href":"https:\/\/www.europesays.com\/de\/wp-json\/wp\/v2\/media?parent=667943"}],"wp:term":[{"taxonomy":"category","embeddable":true,"href":"https:\/\/www.europesays.com\/de\/wp-json\/wp\/v2\/categories?post=667943"},{"taxonomy":"post_tag","embeddable":true,"href":"https:\/\/www.europesays.com\/de\/wp-json\/wp\/v2\/tags?post=667943"}],"curies":[{"name":"wp","href":"https:\/\/api.w.org\/{rel}","templated":true}]}}