{"id":668004,"date":"2025-12-24T01:43:15","date_gmt":"2025-12-24T01:43:15","guid":{"rendered":"https:\/\/www.europesays.com\/de\/668004\/"},"modified":"2025-12-24T01:43:15","modified_gmt":"2025-12-24T01:43:15","slug":"fca-manuel-baum-bleibt-trainer","status":"publish","type":"post","link":"https:\/\/www.europesays.com\/de\/668004\/","title":{"rendered":"FCA: Manuel Baum bleibt Trainer"},"content":{"rendered":"<p>  <a href=\"https:\/\/www.daz-augsburg.de\/fca-manuel-baum-bleibt-trainer\/\" rel=\"nofollow noopener\" target=\"_blank\">FCA: Manuel Baum bleibt Trainer<\/a><\/p>\n<p><strong>Der FC Augsburg setzt bis zum Ende der laufenden Saison weiterhin auf Manuel Baum als Cheftrainer.<\/strong><\/p>\n<p><img loading=\"lazy\" decoding=\"async\" width=\"150\" height=\"150\" class=\"alignleft wp-image-57808 size-thumbnail\" src=\"data:image\/svg+xml,%3Csvg%20xmlns=\" http:=\"\" alt=\"\" data-lazy-src=\"https:\/\/www.europesays.com\/de\/wp-content\/uploads\/2025\/12\/fca_1-150x150.jpg\"\/>Das meldete der Verein am gestrigen Sp\u00e4tnachmittag auf seiner Homepage. Nachdem der 46-J\u00e4hrige das Team Anfang Dezember interimsweise \u00fcbernommen und durch eine stabile Defensive sowie wichtige Punktgewinne \u00fcberzeugt hatte, verst\u00e4ndigte sich die Vereinsf\u00fchrung nun mit ihm auf eine Zusammenarbeit bis zum Sommer 2026. Die Verantwortlichen loben dabei insbesondere Baums F\u00e4higkeit, junge Talente zu f\u00f6rdern und die Mannschaft taktisch weiterzuentwickeln. Nach Abschluss der Spielzeit soll Baum wie geplant in seine urspr\u00fcngliche Funktion als Leiter f\u00fcr Entwicklung und Fu\u00dfballinnovation zur\u00fcckkehren.<\/p>\n<p>    Artikel vom<br \/>\n    <a href=\"https:\/\/www.daz-augsburg.de\/?m=20251224\" rel=\"nofollow noopener\" target=\"_blank\"><br \/>\n      24.12.2025    <\/a><br \/>\n    | Autor: Bruno Stubenrauch<br \/>Rubrik: <a href=\"https:\/\/www.daz-augsburg.de\/rubrik\/bundesliga\/\" rel=\"category tag nofollow noopener\" target=\"_blank\">Bundesliga<\/a>, <a href=\"https:\/\/www.daz-augsburg.de\/rubrik\/fca\/\" rel=\"category tag nofollow noopener\" target=\"_blank\">FCA<\/a>, <a href=\"https:\/\/www.daz-augsburg.de\/rubrik\/kurznachrichten\/\" rel=\"category tag nofollow noopener\" target=\"_blank\">Kurznachrichten<\/a>, <a href=\"https:\/\/www.daz-augsburg.de\/rubrik\/sport\/\" rel=\"category tag nofollow noopener\" target=\"_blank\">Sport<\/a>  <\/p>\n","protected":false},"excerpt":{"rendered":"FCA: Manuel Baum bleibt Trainer Der FC Augsburg setzt bis zum Ende der laufenden Saison weiterhin auf Manuel&hellip;\n","protected":false},"author":2,"featured_media":508674,"comment_status":"","ping_status":"","sticky":false,"template":"","format":"standard","meta":{"footnotes":""},"categories":[1846],"tags":[680,772,3364,29,548,663,3934,30,13,14,15,12],"class_list":{"0":"post-668004","1":"post","2":"type-post","3":"status-publish","4":"format-standard","5":"has-post-thumbnail","7":"category-augsburg","8":"tag-augsburg","9":"tag-bayern","10":"tag-de","11":"tag-deutschland","12":"tag-eu","13":"tag-europa","14":"tag-europe","15":"tag-germany","16":"tag-headlines","17":"tag-nachrichten","18":"tag-news","19":"tag-schlagzeilen"},"share_on_mastodon":{"url":"https:\/\/pubeurope.com\/@de\/115772011590885860","error":""},"_links":{"self":[{"href":"https:\/\/www.europesays.com\/de\/wp-json\/wp\/v2\/posts\/668004","targetHints":{"allow":["GET"]}}],"collection":[{"href":"https:\/\/www.europesays.com\/de\/wp-json\/wp\/v2\/posts"}],"about":[{"href":"https:\/\/www.europesays.com\/de\/wp-json\/wp\/v2\/types\/post"}],"author":[{"embeddable":true,"href":"https:\/\/www.europesays.com\/de\/wp-json\/wp\/v2\/users\/2"}],"replies":[{"embeddable":true,"href":"https:\/\/www.europesays.com\/de\/wp-json\/wp\/v2\/comments?post=668004"}],"version-history":[{"count":0,"href":"https:\/\/www.europesays.com\/de\/wp-json\/wp\/v2\/posts\/668004\/revisions"}],"wp:featuredmedia":[{"embeddable":true,"href":"https:\/\/www.europesays.com\/de\/wp-json\/wp\/v2\/media\/508674"}],"wp:attachment":[{"href":"https:\/\/www.europesays.com\/de\/wp-json\/wp\/v2\/media?parent=668004"}],"wp:term":[{"taxonomy":"category","embeddable":true,"href":"https:\/\/www.europesays.com\/de\/wp-json\/wp\/v2\/categories?post=668004"},{"taxonomy":"post_tag","embeddable":true,"href":"https:\/\/www.europesays.com\/de\/wp-json\/wp\/v2\/tags?post=668004"}],"curies":[{"name":"wp","href":"https:\/\/api.w.org\/{rel}","templated":true}]}}