{"id":668005,"date":"2025-12-24T01:44:14","date_gmt":"2025-12-24T01:44:14","guid":{"rendered":"https:\/\/www.europesays.com\/de\/668005\/"},"modified":"2025-12-24T01:44:14","modified_gmt":"2025-12-24T01:44:14","slug":"weihnachtsklaenge-musikalischer-gottesdienst-nach-britischer-tradition-ludwigshafen","status":"publish","type":"post","link":"https:\/\/www.europesays.com\/de\/668005\/","title":{"rendered":"Weihnachtskl\u00e4nge: Musikalischer Gottesdienst nach britischer Tradition &#8211; Ludwigshafen"},"content":{"rendered":"<p><b\/>Der Protestantische Kirchenbezirk <a class=\"rtr-entity\" data-rtr-entity=\"Ludwigshafen\" data-rtr-id=\"26b4406521e36b503c690e53e1b9dec3bdb26dfe\" data-rtr-score=\"28.82183908045977\" data-rtr-etype=\"location\" data-rtr-index=\"8\" href=\"https:\/\/www.rheinpfalz.de\/lokal\/ludwigshafen.html?utm_source=rheinpfalz.de&amp;utm_medium=tms&amp;utm_campaign=intext\" rel=\"nofollow noopener\" target=\"_blank\">Ludwigshafen<\/a>  l\u00e4dt f\u00fcr Freitag, 26. Dezember, 11 Uhr,  zu einem besonderen Gottesdienst in die  Apostelkirche  (Rohrlachstra\u00dfe 70, <a class=\"rtr-entity\" data-rtr-entity=\"Hemshof\" data-rtr-id=\"4bae047b94810594e45fab3efb5be2505301d283\" data-rtr-score=\"6.264367816091953\" data-rtr-etype=\"location\" data-rtr-index=\"13\" href=\"https:\/\/www.rheinpfalz.de\/themen\/ludwigshafen-hemshof?utm_source=rheinpfalz.de&amp;utm_medium=tms&amp;utm_campaign=intext\" rel=\"nofollow noopener\" target=\"_blank\">Hemshof<\/a>) ein.  Unter dem Titel \u201eA Festival of Nine Lessons and Carols\u201c wird laut Ank\u00fcndigung  ein Gottesdienst gestaltet, der auf eine britische Tradition zur\u00fcckgeht. Die Kombination aus neun Bibellesungen (lessons) und Weihnachtsliedern (carols) wird bereits seit \u00fcber 140 Jahren in Gro\u00dfbritannien gefeiert. Die Lesungen, die sich von der Sch\u00f6pfungsgeschichte bis zur Geburt Jesu spannen, werden von Pfarrerin Kerstin Bartels auf Deutsch vorgetragen. Die Lieder  erklingen vornehmlich auf Englisch, viele Strophen laden zum Mitsingen ein. <\/p>\n<p>Erg\u00e4nzt wird das Programm durch die Chorst\u00fccke \u201eAngel\u2019s Carol\u201c und \u201eLove Came Down at Christmas\u201c des zeitgen\u00f6ssischen Komponisten John Rutter. Den Gesang \u00fcbernimmt ein Projektchor, Solisten sind Stefanie Freiburg (Sopran) und Thomas Herberich (Bass). Die musikalische Gesamtleitung liegt bei  Bezirkskantor Tobias Martin.<\/p>\n","protected":false},"excerpt":{"rendered":"Der Protestantische Kirchenbezirk Ludwigshafen l\u00e4dt f\u00fcr Freitag, 26. Dezember, 11 Uhr, zu einem besonderen Gottesdienst in die Apostelkirche&hellip;\n","protected":false},"author":2,"featured_media":668006,"comment_status":"","ping_status":"","sticky":false,"template":"","format":"standard","meta":{"footnotes":""},"categories":[1845],"tags":[155570,1634,3364,29,548,663,3934,30,13,31251,4060,25476,2096,14,15,12],"class_list":{"0":"post-668005","1":"post","2":"type-post","3":"status-publish","4":"format-standard","5":"has-post-thumbnail","7":"category-mannheim","8":"tag-angels-carol","9":"tag-baden-wuerttemberg","10":"tag-de","11":"tag-deutschland","12":"tag-eu","13":"tag-europa","14":"tag-europe","15":"tag-germany","16":"tag-headlines","17":"tag-hemshof","18":"tag-lokal","19":"tag-ludwigshafen","20":"tag-mannheim","21":"tag-nachrichten","22":"tag-news","23":"tag-schlagzeilen"},"share_on_mastodon":{"url":"https:\/\/pubeurope.com\/@de\/115772015551629307","error":""},"_links":{"self":[{"href":"https:\/\/www.europesays.com\/de\/wp-json\/wp\/v2\/posts\/668005","targetHints":{"allow":["GET"]}}],"collection":[{"href":"https:\/\/www.europesays.com\/de\/wp-json\/wp\/v2\/posts"}],"about":[{"href":"https:\/\/www.europesays.com\/de\/wp-json\/wp\/v2\/types\/post"}],"author":[{"embeddable":true,"href":"https:\/\/www.europesays.com\/de\/wp-json\/wp\/v2\/users\/2"}],"replies":[{"embeddable":true,"href":"https:\/\/www.europesays.com\/de\/wp-json\/wp\/v2\/comments?post=668005"}],"version-history":[{"count":0,"href":"https:\/\/www.europesays.com\/de\/wp-json\/wp\/v2\/posts\/668005\/revisions"}],"wp:featuredmedia":[{"embeddable":true,"href":"https:\/\/www.europesays.com\/de\/wp-json\/wp\/v2\/media\/668006"}],"wp:attachment":[{"href":"https:\/\/www.europesays.com\/de\/wp-json\/wp\/v2\/media?parent=668005"}],"wp:term":[{"taxonomy":"category","embeddable":true,"href":"https:\/\/www.europesays.com\/de\/wp-json\/wp\/v2\/categories?post=668005"},{"taxonomy":"post_tag","embeddable":true,"href":"https:\/\/www.europesays.com\/de\/wp-json\/wp\/v2\/tags?post=668005"}],"curies":[{"name":"wp","href":"https:\/\/api.w.org\/{rel}","templated":true}]}}