{"id":668038,"date":"2025-12-24T02:04:13","date_gmt":"2025-12-24T02:04:13","guid":{"rendered":"https:\/\/www.europesays.com\/de\/668038\/"},"modified":"2025-12-24T02:04:13","modified_gmt":"2025-12-24T02:04:13","slug":"der-sozialverband-deutschland-sovd-lehnt-die-forderungen-von-wirtschaftsministerin-katherina-reiche","status":"publish","type":"post","link":"https:\/\/www.europesays.com\/de\/668038\/","title":{"rendered":"Der Sozialverband Deutschland SoVD lehnt die Forderungen von Wirtschaftsministerin Katherina Reiche"},"content":{"rendered":"<p>&#13;<br \/>\n\t&#13;<br \/>\n\t\t<a href=\"https:\/\/www.ad-hoc-news.de\/themen\/Steuern\" class=\"keywords\" style=\"color:#9e0f15;\" rel=\"nofollow noopener\" target=\"_blank\">Steuern<\/a>, <a href=\"https:\/\/www.ad-hoc-news.de\/themen\/Gesellschaft\" class=\"keywords\" style=\"color:#9e0f15;\" rel=\"nofollow noopener\" target=\"_blank\">Gesellschaft<\/a>\t\t&#13;<br \/>\n\t\t24.12.2025 &#8211; 01:00:00&#13;<br \/>\n\t&#13;<\/p>\n<p class=\"standfirst\">Sozialverband kritisiert Forderung nach sp\u00e4terem Renteneintritt<\/p>\n<p>&#13;<br \/>\n\t\t&#13;<br \/>\n\t&#13;<br \/>\n\t&#13;<\/p>\n<p>\t\t\t\t\t\t&#8222;Ministerin Reiches Vorschl\u00e4ge k\u00e4men f\u00fcr viele Besch\u00e4ftigte einer Rentenk\u00fcrzung durch die Hintert\u00fcr gleich&#8220;, sagte die SoVD-Vorstandsvorsitzende Michaela Engelmeier den Zeitungen der Funke-Mediengruppe (Mittwochausgaben).<\/p>\n<p>&#8222;Schon heute erreichen viele Menschen das Rentenalter nicht gesund, insbesondere in k\u00f6rperlich oder psychisch belastenden Berufen&#8220;, erkl\u00e4rte sie. &#8222;Als Sozialverband k\u00f6nnen wir nicht nachvollziehen, wie man unter dem Deckmantel der Wirtschaftsst\u00e4rkung erneut an der Rente r\u00fctteln kann.&#8220;<\/p>\n<p>Kritisch \u00e4u\u00dferte sich die SoVD-Vorstandsvorsitzende zudem \u00fcber die Zusammensetzung der Rentenkommission, die bis Mitte 2026 Vorschl\u00e4ge f\u00fcr eine grundlegende Rentenreform machen soll. <\/p>\n<p>&#8222;Wissenschaftliche Expertise ist wichtig, die Praxissicht der Betroffenen darf jedoch nicht fehlen&#8220;, sagte Engelmeier. &#8222;Diese Perspektive bringen Verb\u00e4nde wie der SoVD ein und sollten daher in die Arbeit der Kommission einbezogen werden.&#8220;\t\t\t\t\t<\/p>\n<p>&#13;<\/p>\n","protected":false},"excerpt":{"rendered":"&#13; &#13; Steuern, Gesellschaft &#13; 24.12.2025 &#8211; 01:00:00&#13; &#13; Sozialverband kritisiert Forderung nach sp\u00e4terem Renteneintritt &#13; &#13; &#13;&hellip;\n","protected":false},"author":2,"featured_media":668039,"comment_status":"","ping_status":"","sticky":false,"template":"","format":"standard","meta":{"footnotes":""},"categories":[2],"tags":[331,3924,332,3922,3364,29,5431,30,1724,13,14,3923,15,3921,12,2149],"class_list":{"0":"post-668038","1":"post","2":"type-post","3":"status-publish","4":"format-standard","5":"has-post-thumbnail","7":"category-deutschland","8":"tag-aktuelle-nachrichten","9":"tag-aktuelle-nachrichten-aus-deutschland","10":"tag-aktuelle-news","11":"tag-aktuelle-news-aus-deutschland","12":"tag-de","13":"tag-deutschland","14":"tag-familien","15":"tag-germany","16":"tag-gesellschaft","17":"tag-headlines","18":"tag-nachrichten","19":"tag-nachrichten-aus-deutschland","20":"tag-news","21":"tag-news-aus-deutschland","22":"tag-schlagzeilen","23":"tag-steuern"},"share_on_mastodon":{"url":"https:\/\/pubeurope.com\/@de\/115772094177788814","error":""},"_links":{"self":[{"href":"https:\/\/www.europesays.com\/de\/wp-json\/wp\/v2\/posts\/668038","targetHints":{"allow":["GET"]}}],"collection":[{"href":"https:\/\/www.europesays.com\/de\/wp-json\/wp\/v2\/posts"}],"about":[{"href":"https:\/\/www.europesays.com\/de\/wp-json\/wp\/v2\/types\/post"}],"author":[{"embeddable":true,"href":"https:\/\/www.europesays.com\/de\/wp-json\/wp\/v2\/users\/2"}],"replies":[{"embeddable":true,"href":"https:\/\/www.europesays.com\/de\/wp-json\/wp\/v2\/comments?post=668038"}],"version-history":[{"count":0,"href":"https:\/\/www.europesays.com\/de\/wp-json\/wp\/v2\/posts\/668038\/revisions"}],"wp:featuredmedia":[{"embeddable":true,"href":"https:\/\/www.europesays.com\/de\/wp-json\/wp\/v2\/media\/668039"}],"wp:attachment":[{"href":"https:\/\/www.europesays.com\/de\/wp-json\/wp\/v2\/media?parent=668038"}],"wp:term":[{"taxonomy":"category","embeddable":true,"href":"https:\/\/www.europesays.com\/de\/wp-json\/wp\/v2\/categories?post=668038"},{"taxonomy":"post_tag","embeddable":true,"href":"https:\/\/www.europesays.com\/de\/wp-json\/wp\/v2\/tags?post=668038"}],"curies":[{"name":"wp","href":"https:\/\/api.w.org\/{rel}","templated":true}]}}