{"id":668040,"date":"2025-12-24T02:05:21","date_gmt":"2025-12-24T02:05:21","guid":{"rendered":"https:\/\/www.europesays.com\/de\/668040\/"},"modified":"2025-12-24T02:05:21","modified_gmt":"2025-12-24T02:05:21","slug":"ludgera-decking-verlaesst-rsag-nach-21-jahren","status":"publish","type":"post","link":"https:\/\/www.europesays.com\/de\/668040\/","title":{"rendered":"Ludgera Decking verl\u00e4sst RSAG nach 21 Jahren"},"content":{"rendered":"<p class=\"text_ohne_einzug richtext text-em-55 !leading-serif mx-6 desktop:mx-0\"> Bei der Rhein-Sieg-Abfallwirtschaftsgesellschaft (RSAG) geht mit dem alten Jahr auch eine personelle \u00c4ra zu Ende. Zum 31. Dezember gibt die Vorstandsvorsitzende <a href=\"https:\/\/ga.de\/region\/sieg-und-rhein\/siegburg\/troisdorf-rsag-will-mehr-frauen-einstellen_aid-118834383\" rel=\"nofollow noopener\" target=\"_blank\">Ludgera Decking<\/a> nach 21 Jahren ihren Posten an die n\u00e4chste Generation weiter und verabschiedet sich in den Vorruhestand \u2014 zumindest bei der RSAG. Denn Decking bleibt weiterhin Vorstandsvorsitzende des Wahnbachtalsperrenverbands (WTV). Eine Position, die sie seit 2018 zus\u00e4tzlich bekleidet.<\/p>\n<p class=\"richtext text-em-55 !leading-serif mx-6 desktop:mx-0\">\u201eDie RSAG war \u00fcber viele Jahre ein zentraler Teil meines beruflichen Wirkens\u201c, sagt Decking. \u201eGemeinsam mit engagierten Mitarbeitenden, Gremien und Partnern ist es gelungen, das Unternehmen zu stabilisieren, weiterzuentwickeln und zukunftsf\u00e4hig aufzustellen.\u201c Als sie 2004 ihr Amt als Vorstandsvorsitzende angetreten hatte, l\u00e4utete sie eine moderne Zeit im Unternehmen ein und pr\u00e4gte die RSAG mit etlichen Innovationen. Ihren Arbeitsschwerpunkt, den Betrieb konsequent wieder in kommunale Ausrichtung zu bringen, erreichte sie, indem sie zentrale Entsorgungsleistungen wieder in die \u00f6ffentliche Hand \u00fcberf\u00fchrte und Strukturen neu aufbaute.<\/p>\n<p>Decking wollte Nachfolge fr\u00fchzeitig und geplant abgeben      <\/p>\n<p class=\"richtext text-em-55 !leading-serif mx-6 desktop:mx-0\">Auf ihren eigenen Wunsch gibt Decking ihr Amt zum 31. Dezember 2025 ab. Damit wollte sie bewusst Raum f\u00fcr eine Nachfolge schaffen. Ihr Nachfolger ist mit Michael Dreschmann kein Unbekannter. Er wird ab dem 1. Januar 2026 den Vorstandsvorsitz \u00fcbernehmen und ist seit 2009 im RSAG-Unternehmensverbund t\u00e4tig, seit 2022 auch Mitglied des Vorstands. Vorher hat er Erfahrung in der Abfallindustrie gesammelt und war Gesch\u00e4ftsf\u00fchrer der ERS EntsorgungsService Rhein-Sieg GmbH. Dort verantwortete er unter anderem die Planung und Koordination der Entsorgungswege s\u00e4mtlicher Abfallfraktionen der RSAG. Zudem wird ab dem 1. Januar Sascha van Keeken den Vorstand erg\u00e4nzen, der aktuell Gesch\u00e4ftsbereichsleiter der Logistik sowie Gesch\u00e4ftsf\u00fchrer der RSAG ist. Die beiden f\u00fchren zuk\u00fcnftig die RSAG gemeinsam im Vorstand weiter.<\/p>\n","protected":false},"excerpt":{"rendered":"Bei der Rhein-Sieg-Abfallwirtschaftsgesellschaft (RSAG) geht mit dem alten Jahr auch eine personelle \u00c4ra zu Ende. Zum 31. Dezember&hellip;\n","protected":false},"author":2,"featured_media":668041,"comment_status":"","ping_status":"","sticky":false,"template":"","format":"standard","meta":{"footnotes":""},"categories":[1842],"tags":[1741,3364,29,30,1209],"class_list":{"0":"post-668040","1":"post","2":"type-post","3":"status-publish","4":"format-standard","5":"has-post-thumbnail","7":"category-bonn","8":"tag-bonn","9":"tag-de","10":"tag-deutschland","11":"tag-germany","12":"tag-nordrhein-westfalen"},"share_on_mastodon":{"url":"https:\/\/pubeurope.com\/@de\/115772098252879746","error":""},"_links":{"self":[{"href":"https:\/\/www.europesays.com\/de\/wp-json\/wp\/v2\/posts\/668040","targetHints":{"allow":["GET"]}}],"collection":[{"href":"https:\/\/www.europesays.com\/de\/wp-json\/wp\/v2\/posts"}],"about":[{"href":"https:\/\/www.europesays.com\/de\/wp-json\/wp\/v2\/types\/post"}],"author":[{"embeddable":true,"href":"https:\/\/www.europesays.com\/de\/wp-json\/wp\/v2\/users\/2"}],"replies":[{"embeddable":true,"href":"https:\/\/www.europesays.com\/de\/wp-json\/wp\/v2\/comments?post=668040"}],"version-history":[{"count":0,"href":"https:\/\/www.europesays.com\/de\/wp-json\/wp\/v2\/posts\/668040\/revisions"}],"wp:featuredmedia":[{"embeddable":true,"href":"https:\/\/www.europesays.com\/de\/wp-json\/wp\/v2\/media\/668041"}],"wp:attachment":[{"href":"https:\/\/www.europesays.com\/de\/wp-json\/wp\/v2\/media?parent=668040"}],"wp:term":[{"taxonomy":"category","embeddable":true,"href":"https:\/\/www.europesays.com\/de\/wp-json\/wp\/v2\/categories?post=668040"},{"taxonomy":"post_tag","embeddable":true,"href":"https:\/\/www.europesays.com\/de\/wp-json\/wp\/v2\/tags?post=668040"}],"curies":[{"name":"wp","href":"https:\/\/api.w.org\/{rel}","templated":true}]}}