{"id":668078,"date":"2025-12-24T02:27:25","date_gmt":"2025-12-24T02:27:25","guid":{"rendered":"https:\/\/www.europesays.com\/de\/668078\/"},"modified":"2025-12-24T02:27:25","modified_gmt":"2025-12-24T02:27:25","slug":"brandtote-in-stuttgart-west-85-jaehrige-konnte-sich-nicht-mehr-vor-toedlichem-rauch-retten","status":"publish","type":"post","link":"https:\/\/www.europesays.com\/de\/668078\/","title":{"rendered":"Brandtote in Stuttgart-West: 85-J\u00e4hrige konnte sich nicht mehr vor t\u00f6dlichem Rauch retten"},"content":{"rendered":"<p>\t\t\t\t\t\t\t\t\t\t\t\t\t\t\t\t\t\t\t\t\t\t\t\t\t\t\t\t      \t\t            \t\t             \t\t\t\t   \t\t\t\t\t   <img decoding=\"async\" id=\"article-image\" fetchpriority=\"high\" alt=\"Brandtote in Stuttgart-West: 85-J\u00e4hrige konnte sich nicht mehr vor t\u00f6dlichem Rauch retten\" title=\"Brandtote in Stuttgart-West: 85-J\u00e4hrige konnte sich nicht mehr vor t\u00f6dlichem Rauch retten\" src=\"https:\/\/www.europesays.com\/de\/wp-content\/uploads\/2025\/12\/media.media.069537a3-8c78-41a2-8659-56731ee29d3b.16x9_700.jpg\" data-linkto=\"https:\/\/www.stuttgarter-nachrichten.de\/javascript:void(0);\"\/>\t\t\t\t\t\t\t\t\t\t\t\t\t\t\t\t\t\t\t\t\t\t\t\tDie Feuerwehr konnte einer Bewohnerin bei einem Brand im Stuttgarter Westen nicht mehr helfen (Symbolbild)\u00a0Foto: Marijan Murat\/dpa\t\t\t<\/p>\n<p>Eine \u00e4ltere Bewohnerin im Stuttgarter Westen ist das vierte Opfer eines Wohnungsbrands in Stuttgart geworden. Ein Unfall, sagt die Polizei.<\/p>\n<p>Fahrl\u00e4ssiger Umgang mit offenem Feuer d\u00fcrfte die Ursache f\u00fcr den folgenschweren Brand am Montagnachmittag in einer Wohnung an der Rosenbergstra\u00dfe im Stuttgarter Westen gewesen sein. Eine 85-j\u00e4hrige Bewohnerin eines Mehrfamilienhauses konnte trotz schnellen Feuerwehreinsatzes nur noch tot geborgen werden. \u201eEs handelte sich um einen Unfall\u201c, sagt <a href=\"https:\/\/www.stuttgarter-nachrichten.de\/thema\/Polizei\" target=\"_blank\" rel=\"noopener\">Polizei<\/a>sprecherin Charlotte Weller. <\/p>\n<p>Das Feuer war am Montag in einer Einzimmerwohnung im Erdgeschoss ausgebrochen \u2013 nicht, wie urspr\u00fcnglich von der Polizei angegeben, im ersten Stock. Obwohl <a href=\"https:\/\/www.stuttgarter-nachrichten.de\/thema\/Rauchmelder\" target=\"_blank\" rel=\"noopener\">ein Rauchwarnmelder piepste<\/a>, hatte sich die \u00e4ltere Frau vor dem hochgiftigen Rauch nicht mehr nach drau\u00dfen retten k\u00f6nnen. Der Rauch zog allerdings auch in eine Wohnung im ersten Obergeschoss, wo ebenfalls ein Warnmelder ausl\u00f6ste. Der Nachbar alarmierte gegen 13.50 Uhr die Rettungskr\u00e4fte. <\/p>\n<p>Die Feuerwehr r\u00fcckte mit einem L\u00f6schzug aus und hatte das Feuer schnell unter Kontrolle. Verh\u00e4ngnisvoll war indes nicht das Ausma\u00df der Flammen \u2013 sondern das dabei entstehende Rauchgas. Die 85-J\u00e4hrige starb noch in der Wohnung. Die Feuerwehr kontrollierte die anderen Wohnungen im Haus auf m\u00f6gliche Rauchgase, konnte den Einsatz gegen 15.30 Uhr beenden. <\/p>\n<p>Was Rauchwarnmelder bewirken sollen <\/p>\n<p>\u201eMeist k\u00f6nnen <a href=\"https:\/\/www.stuttgarter-nachrichten.de\/inhalt.landkreis-ludwigsburg-rauchmelder-retten-leben.3253df14-9cb9-45c8-83b3-cd57f5424321.html\" target=\"_blank\" rel=\"noopener\">Rauchmelder Schlimmeres verhindern<\/a>\u201c, sagt Feuerwehrsprecher Daniel Anand. Die Ger\u00e4te seien vor allem zur Selbstrettung gedacht, sollen arglose Bewohner auf die drohende Gefahr aufmerksam machen, damit diese sich rechtzeitig in Sicherheit bringen k\u00f6nnen. In zweiter Linie k\u00f6nnten Rauchmelder auch die Nachbarschaft auf einen Brand aufmerksam machen. Leider seien in diesem Fall alle Hilfen zu sp\u00e4t gekommen. <\/p>\n<p>Die 85-J\u00e4hrige ist das vierte Opfer eines Wohnungsbrandes in diesem Jahr in <a href=\"https:\/\/www.stuttgarter-nachrichten.de\/thema\/Stuttgart\" title=\"Stuttgart\" class=\"art_thema\" target=\"_blank\" rel=\"noopener\">Stuttgart<\/a>. Zuletzt war am 21. M\u00e4rz ein Bewohner in der Rostocker Stra\u00dfe im Stadtteil Hallschlag ums Leben gekommen. Am 7. Januar <a href=\"https:\/\/www.stuttgarter-nachrichten.de\/inhalt.tote-bei-brand-in-stuttgart-sind-kerzen-am-christbaum-ursache-fuer-den-wohnungsbrand.1c1e42a0-7d7b-4bf1-b54d-d1114f0b1ac1.html\" target=\"_blank\" rel=\"noopener\">starben zwei Eheleute<\/a> im Alter von 84 und 85 Jahren in der Feuerbacher-Tal-Stra\u00dfe in Feuerbach. Damals soll ein Weihnachtsbaum eine verh\u00e4ngnisvolle Rolle gespielt haben. <\/p>\n","protected":false},"excerpt":{"rendered":"Die Feuerwehr konnte einer Bewohnerin bei einem Brand im Stuttgarter Westen nicht mehr helfen (Symbolbild)\u00a0Foto: Marijan Murat\/dpa Eine&hellip;\n","protected":false},"author":2,"featured_media":668079,"comment_status":"","ping_status":"","sticky":false,"template":"","format":"standard","meta":{"footnotes":""},"categories":[1830],"tags":[1634,155594,3364,29,104222,30,18072,40483,1441],"class_list":{"0":"post-668078","1":"post","2":"type-post","3":"status-publish","4":"format-standard","5":"has-post-thumbnail","7":"category-stuttgart","8":"tag-baden-wuerttemberg","9":"tag-brandtote","10":"tag-de","11":"tag-deutschland","12":"tag-feuerwehr-stuttgart","13":"tag-germany","14":"tag-polizei-stuttgart","15":"tag-rauchwarnmelder","16":"tag-stuttgart"},"share_on_mastodon":{"url":"https:\/\/pubeurope.com\/@de\/115772185766264839","error":""},"_links":{"self":[{"href":"https:\/\/www.europesays.com\/de\/wp-json\/wp\/v2\/posts\/668078","targetHints":{"allow":["GET"]}}],"collection":[{"href":"https:\/\/www.europesays.com\/de\/wp-json\/wp\/v2\/posts"}],"about":[{"href":"https:\/\/www.europesays.com\/de\/wp-json\/wp\/v2\/types\/post"}],"author":[{"embeddable":true,"href":"https:\/\/www.europesays.com\/de\/wp-json\/wp\/v2\/users\/2"}],"replies":[{"embeddable":true,"href":"https:\/\/www.europesays.com\/de\/wp-json\/wp\/v2\/comments?post=668078"}],"version-history":[{"count":0,"href":"https:\/\/www.europesays.com\/de\/wp-json\/wp\/v2\/posts\/668078\/revisions"}],"wp:featuredmedia":[{"embeddable":true,"href":"https:\/\/www.europesays.com\/de\/wp-json\/wp\/v2\/media\/668079"}],"wp:attachment":[{"href":"https:\/\/www.europesays.com\/de\/wp-json\/wp\/v2\/media?parent=668078"}],"wp:term":[{"taxonomy":"category","embeddable":true,"href":"https:\/\/www.europesays.com\/de\/wp-json\/wp\/v2\/categories?post=668078"},{"taxonomy":"post_tag","embeddable":true,"href":"https:\/\/www.europesays.com\/de\/wp-json\/wp\/v2\/tags?post=668078"}],"curies":[{"name":"wp","href":"https:\/\/api.w.org\/{rel}","templated":true}]}}