{"id":668130,"date":"2025-12-24T02:58:41","date_gmt":"2025-12-24T02:58:41","guid":{"rendered":"https:\/\/www.europesays.com\/de\/668130\/"},"modified":"2025-12-24T02:58:41","modified_gmt":"2025-12-24T02:58:41","slug":"alemannia-im-winter-trainingslager-und-rueckrundenstart","status":"publish","type":"post","link":"https:\/\/www.europesays.com\/de\/668130\/","title":{"rendered":"Alemannia im Winter: Trainingslager und R\u00fcckrundenstart"},"content":{"rendered":"<p>F\u00fcr Fu\u00dfball-Drittligist <a href=\"https:\/\/www.alemannia-aachen.de\/\" rel=\"noopener noreferrer\" target=\"_blank\"><strong>Alemannia Aachen<\/strong><\/a> stehen jetzt erstmal ein paar freie Tage an &#8211; und dann geht es am 2. Januar wieder in die T\u00fcrkei ins Trainingslager Belek.<\/p>\n<p>Bis zum 11.1. bleiben die Schwarz-Gelben da.<\/p>\n<p>Zwei Testspiele sind dort vorgesehen &#8211; eins am 6. Januar gegen Carl Zeiss Jena und noch eins am 10.1., da steht der Gegner noch nicht fest. <\/p>\n<p>Nach der R\u00fcckkehr aus dem Trainigslager folgt am 17. Januar der R\u00fcckrundenauftakt zuhause gegen den VfL Osnabr\u00fcck.<\/p>\n","protected":false},"excerpt":{"rendered":"F\u00fcr Fu\u00dfball-Drittligist Alemannia Aachen stehen jetzt erstmal ein paar freie Tage an &#8211; und dann geht es am&hellip;\n","protected":false},"author":2,"featured_media":668131,"comment_status":"","ping_status":"","sticky":false,"template":"","format":"standard","meta":{"footnotes":""},"categories":[1853],"tags":[1424,3364,29,548,663,3934,30,13,14,15,1209,12],"class_list":{"0":"post-668130","1":"post","2":"type-post","3":"status-publish","4":"format-standard","5":"has-post-thumbnail","7":"category-aachen","8":"tag-aachen","9":"tag-de","10":"tag-deutschland","11":"tag-eu","12":"tag-europa","13":"tag-europe","14":"tag-germany","15":"tag-headlines","16":"tag-nachrichten","17":"tag-news","18":"tag-nordrhein-westfalen","19":"tag-schlagzeilen"},"share_on_mastodon":{"url":"https:\/\/pubeurope.com\/@de\/115772306629623029","error":""},"_links":{"self":[{"href":"https:\/\/www.europesays.com\/de\/wp-json\/wp\/v2\/posts\/668130","targetHints":{"allow":["GET"]}}],"collection":[{"href":"https:\/\/www.europesays.com\/de\/wp-json\/wp\/v2\/posts"}],"about":[{"href":"https:\/\/www.europesays.com\/de\/wp-json\/wp\/v2\/types\/post"}],"author":[{"embeddable":true,"href":"https:\/\/www.europesays.com\/de\/wp-json\/wp\/v2\/users\/2"}],"replies":[{"embeddable":true,"href":"https:\/\/www.europesays.com\/de\/wp-json\/wp\/v2\/comments?post=668130"}],"version-history":[{"count":0,"href":"https:\/\/www.europesays.com\/de\/wp-json\/wp\/v2\/posts\/668130\/revisions"}],"wp:featuredmedia":[{"embeddable":true,"href":"https:\/\/www.europesays.com\/de\/wp-json\/wp\/v2\/media\/668131"}],"wp:attachment":[{"href":"https:\/\/www.europesays.com\/de\/wp-json\/wp\/v2\/media?parent=668130"}],"wp:term":[{"taxonomy":"category","embeddable":true,"href":"https:\/\/www.europesays.com\/de\/wp-json\/wp\/v2\/categories?post=668130"},{"taxonomy":"post_tag","embeddable":true,"href":"https:\/\/www.europesays.com\/de\/wp-json\/wp\/v2\/tags?post=668130"}],"curies":[{"name":"wp","href":"https:\/\/api.w.org\/{rel}","templated":true}]}}