{"id":668225,"date":"2025-12-24T04:02:45","date_gmt":"2025-12-24T04:02:45","guid":{"rendered":"https:\/\/www.europesays.com\/de\/668225\/"},"modified":"2025-12-24T04:02:45","modified_gmt":"2025-12-24T04:02:45","slug":"traurige-nachrichten-aus-dem-berliner-zoo-orang-utan-mano-wurde-eingeschlaefert","status":"publish","type":"post","link":"https:\/\/www.europesays.com\/de\/668225\/","title":{"rendered":"Traurige Nachrichten aus dem Berliner Zoo: Orang-Utan Mano wurde eingeschl\u00e4fert"},"content":{"rendered":"<p class=\"tspAGen tspAGeo\">Orang-Utan Mano im<a href=\"https:\/\/www.tagesspiegel.de\/berlin\/ziehen-sich-gerne-zum-kuscheln-zuruck-wickelbaren-im-berliner-zoo-haben-nachwuchs-bekommen-13242448.html?icid=in-text-link_13275931\" class=\"link link--internal\" data-gtm-class=\"article-text-link\" data-gtm-val=\"internal\" target=\"_blank\" rel=\"noopener\"> Berliner Zoo<\/a> ist eingeschl\u00e4fert worden. Der mit 47 Jahren als betagt geltende Menschenaffe litt an einer unheilbaren, fortgeschrittenen Krebserkrankung, wie der Zoo mitteilte. In den vergangenen Tagen habe er sich verlangsamt bewegt und nur unregelm\u00e4\u00dfig gefressen.\u00a0<\/p>\n<p><a href=\"https:\/\/abo.tagesspiegel.de\/tagesspiegel-app?icid=single-topic_13275931___\" data-gtm-class=\"article-mzt-link\" class=\"tspBTll\" target=\"_blank\" rel=\"noopener\">Die Tagesspiegel-App Aktuelle Nachrichten, Hintergr\u00fcnde und Analysen direkt auf Ihr Smartphone. Dazu die digitale Zeitung. Hier gratis herunterladen.  <\/a><\/p>\n<p class=\"tspAGen\">Mano wurde 1977 in Rotterdam geboren. Der Sumatra-Orang-Utan lebte seit 1981 in Berlin. Er habe Besucher und Pfleger \u00fcber Jahrzehnte mit seiner Ruhe und Souver\u00e4nit\u00e4t beeindruckt. Im Zoo gibt es nun nur noch zwei Tiere dieser Art: Manos Sohn Bulan und dessen Mutter Bini. F\u00fcr die beiden soll eine neue Heimat gesucht werden.<\/p>\n<p> Tumor am Ohr <\/p>\n<p class=\"tspAGen\">Im vergangenen Jahr war bei ihm ein b\u00f6sartiger Tumor am linken Ohr festgestellt worden, der entfernt werden konnte. Der Krebs war aber nicht verschwunden. Auch Manos Lunge war nach Angaben des Zoos inzwischen stark beeintr\u00e4chtigt, was dem Orang-Utan das Atmen erschwerte.\u00a0<\/p>\n<p class=\"tspAGen\">Er sei deshalb auch aufgrund seines sehr hohen Alters eingeschl\u00e4fert worden, um ihm unn\u00f6tiges Leid zu ersparen, erl\u00e4uterte der Leiter der Abteilung f\u00fcr Tiergesundheit der Zoologischen G\u00e4rten Berlin, Andreas Pauly. Eine Therapie wie bei menschlichen Krebspatienten sei bei einem Wildtier selbst im Zoo nicht m\u00f6glich.\u00a0<\/p>\n<p> Lesen Sie auch <a href=\"https:\/\/www.tagesspiegel.de\/berlin\/ziehen-sich-gerne-zum-kuscheln-zuruck-wickelbaren-im-berliner-zoo-haben-nachwuchs-bekommen-13242448.html?icid=topic-list_13275931___\" data-gtm-class=\"article-mzt-link\" data-hydrate-fingerprint=\"09740a54944caac75fd2c0c63fd5c5df\" data-hydrate-props=\"{&amp;escapedquot;element&amp;escapedquot;:{&amp;escapedquot;type&amp;escapedquot;:&amp;escapedquot;relatedContent&amp;escapedquot;,&amp;escapedquot;fieldMap&amp;escapedquot;:{},&amp;escapedquot;relation&amp;escapedquot;:{&amp;escapedquot;fields&amp;escapedquot;:{&amp;escapedquot;isPaid&amp;escapedquot;:null},&amp;escapedquot;href&amp;escapedquot;:&amp;escapedquot;\/berlin\/ziehen-sich-gerne-zum-kuscheln-zuruck-wickelbaren-im-berliner-zoo-haben-nachwuchs-bekommen-13242448.html&amp;escapedquot;,&amp;escapedquot;teaserTitle&amp;escapedquot;:{&amp;escapedquot;kicker&amp;escapedquot;:&amp;escapedquot;\u201eZiehen sich gerne zum Kuscheln zur\u00fcck\u201c&amp;escapedquot;,&amp;escapedquot;headline&amp;escapedquot;:&amp;escapedquot;Wickelb\u00e4ren im Berliner Zoo haben Nachwuchs bekommen&amp;escapedquot;},&amp;escapedquot;id&amp;escapedquot;:&amp;escapedquot;13242448&amp;escapedquot;,&amp;escapedquot;type&amp;escapedquot;:&amp;escapedquot;story&amp;escapedquot;},&amp;escapedquot;isPartOfList&amp;escapedquot;:true,&amp;escapedquot;topicListType&amp;escapedquot;:&amp;escapedquot;topic-list&amp;escapedquot;},&amp;escapedquot;showArrow&amp;escapedquot;:true}\" data-hydrate-slots=\"{&#039;default&#039;:[]}\" class=\"tspBTll\" target=\"_blank\" rel=\"noopener\">\u201eZiehen sich gerne zum Kuscheln zur\u00fcck\u201c Wickelb\u00e4ren im Berliner Zoo haben Nachwuchs bekommen <\/a><a href=\"https:\/\/www.tagesspiegel.de\/berlin\/wildkatzenmonitoring-nimmt-das-leben-der-ruckkehrerin-genauer-in-den-blick-13225720.html?icid=topic-list_13275931___\" data-gtm-class=\"article-mzt-link\" data-hydrate-fingerprint=\"09740a54944caac75fd2c0c63fd5c5df\" data-hydrate-props=\"{&amp;escapedquot;element&amp;escapedquot;:{&amp;escapedquot;type&amp;escapedquot;:&amp;escapedquot;relatedContent&amp;escapedquot;,&amp;escapedquot;fieldMap&amp;escapedquot;:{},&amp;escapedquot;relation&amp;escapedquot;:{&amp;escapedquot;fields&amp;escapedquot;:{&amp;escapedquot;isPaid&amp;escapedquot;:null},&amp;escapedquot;href&amp;escapedquot;:&amp;escapedquot;\/berlin\/wildkatzenmonitoring-nimmt-das-leben-der-ruckkehrerin-genauer-in-den-blick-13225720.html&amp;escapedquot;,&amp;escapedquot;teaserTitle&amp;escapedquot;:{&amp;escapedquot;kicker&amp;escapedquot;:&amp;escapedquot;Ausbreitung der Wildkatze in Brandenburg&amp;escapedquot;,&amp;escapedquot;headline&amp;escapedquot;:&amp;escapedquot;Wildkatzenmonitoring nimmt das Leben der R\u00fcckkehrerin genauer in den Blick&amp;escapedquot;},&amp;escapedquot;id&amp;escapedquot;:&amp;escapedquot;13225720&amp;escapedquot;,&amp;escapedquot;type&amp;escapedquot;:&amp;escapedquot;story&amp;escapedquot;},&amp;escapedquot;isPartOfList&amp;escapedquot;:true,&amp;escapedquot;topicListType&amp;escapedquot;:&amp;escapedquot;topic-list&amp;escapedquot;},&amp;escapedquot;showArrow&amp;escapedquot;:true}\" data-hydrate-slots=\"{&#039;default&#039;:[]}\" class=\"tspBTll\" target=\"_blank\" rel=\"noopener\">Ausbreitung der Wildkatze in Brandenburg Wildkatzenmonitoring nimmt das Leben der R\u00fcckkehrerin genauer in den Blick <\/a><a href=\"https:\/\/www.tagesspiegel.de\/berlin\/er-sturzte-beim-spielen-giraffenbulle-max-im-berliner-zoo-gestorben-13225108.html?icid=topic-list_13275931___\" data-gtm-class=\"article-mzt-link\" data-hydrate-fingerprint=\"09740a54944caac75fd2c0c63fd5c5df\" data-hydrate-props=\"{&amp;escapedquot;element&amp;escapedquot;:{&amp;escapedquot;type&amp;escapedquot;:&amp;escapedquot;relatedContent&amp;escapedquot;,&amp;escapedquot;fieldMap&amp;escapedquot;:{},&amp;escapedquot;relation&amp;escapedquot;:{&amp;escapedquot;fields&amp;escapedquot;:{&amp;escapedquot;isPaid&amp;escapedquot;:null},&amp;escapedquot;href&amp;escapedquot;:&amp;escapedquot;\/berlin\/er-sturzte-beim-spielen-giraffenbulle-max-im-berliner-zoo-gestorben-13225108.html&amp;escapedquot;,&amp;escapedquot;teaserTitle&amp;escapedquot;:{&amp;escapedquot;kicker&amp;escapedquot;:&amp;escapedquot;Er st\u00fcrzte beim Spielen&amp;escapedquot;,&amp;escapedquot;headline&amp;escapedquot;:&amp;escapedquot;Giraffenbulle Max im Berliner Zoo gestorben&amp;escapedquot;},&amp;escapedquot;id&amp;escapedquot;:&amp;escapedquot;13225108&amp;escapedquot;,&amp;escapedquot;type&amp;escapedquot;:&amp;escapedquot;story&amp;escapedquot;},&amp;escapedquot;isPartOfList&amp;escapedquot;:true,&amp;escapedquot;topicListType&amp;escapedquot;:&amp;escapedquot;topic-list&amp;escapedquot;},&amp;escapedquot;showArrow&amp;escapedquot;:true}\" data-hydrate-slots=\"{&#039;default&#039;:[]}\" class=\"tspBTll\" target=\"_blank\" rel=\"noopener\">Er st\u00fcrzte beim Spielen Giraffenbulle Max im Berliner Zoo gestorben <\/a><\/p>\n<p class=\"tspAGen\">Zoodirektor Andreas Knieriem sagte: \u201eJeder Verlust eines unserer Tiere ist f\u00fcr mich und das gesamte Team eine traurige Nachricht.\u201c<\/p>\n<p> Nur noch zwei Orang-Utans im Zoo\u00a0 <\/p>\n<p class=\"tspAGen\">Manos Sohn Bulan (15) und dessen Mutter Bini (44) sollen ein neues Zuhause bekommen. Der Zoo teilte mit, er werde sich mittelfristig von dieser Tierart verabschieden. Zusammen mit dem Europ\u00e4ischen Erhaltungszuchtprogramm f\u00fcr Sumatra-Orang-Utans werde nach einer neuen Gruppe f\u00fcr die beiden Tiere gesucht. (dpa)<\/p>\n","protected":false},"excerpt":{"rendered":"Orang-Utan Mano im Berliner Zoo ist eingeschl\u00e4fert worden. Der mit 47 Jahren als betagt geltende Menschenaffe litt an&hellip;\n","protected":false},"author":2,"featured_media":668226,"comment_status":"","ping_status":"","sticky":false,"template":"","format":"standard","meta":{"footnotes":""},"categories":[1825],"tags":[1941,1939,296,1937,40024,29,30,1080,525,1940,1938,1886,2242,3367,6500],"class_list":{"0":"post-668225","1":"post","2":"type-post","3":"status-publish","4":"format-standard","5":"has-post-thumbnail","7":"category-berlin","8":"tag-aktuelle-nachrichten-aus-berlin","9":"tag-aktuelle-news-aus-berlin","10":"tag-berlin","11":"tag-berlin-news","12":"tag-berliner-zoo","13":"tag-deutschland","14":"tag-germany","15":"tag-krebs","16":"tag-mitte","17":"tag-nachrichten-aus-berlin","18":"tag-news-aus-berlin","19":"tag-tiere","20":"tag-tierpark","21":"tag-tierschutz","22":"tag-zoo"},"share_on_mastodon":{"url":"https:\/\/pubeurope.com\/@de\/115772558253614744","error":""},"_links":{"self":[{"href":"https:\/\/www.europesays.com\/de\/wp-json\/wp\/v2\/posts\/668225","targetHints":{"allow":["GET"]}}],"collection":[{"href":"https:\/\/www.europesays.com\/de\/wp-json\/wp\/v2\/posts"}],"about":[{"href":"https:\/\/www.europesays.com\/de\/wp-json\/wp\/v2\/types\/post"}],"author":[{"embeddable":true,"href":"https:\/\/www.europesays.com\/de\/wp-json\/wp\/v2\/users\/2"}],"replies":[{"embeddable":true,"href":"https:\/\/www.europesays.com\/de\/wp-json\/wp\/v2\/comments?post=668225"}],"version-history":[{"count":0,"href":"https:\/\/www.europesays.com\/de\/wp-json\/wp\/v2\/posts\/668225\/revisions"}],"wp:featuredmedia":[{"embeddable":true,"href":"https:\/\/www.europesays.com\/de\/wp-json\/wp\/v2\/media\/668226"}],"wp:attachment":[{"href":"https:\/\/www.europesays.com\/de\/wp-json\/wp\/v2\/media?parent=668225"}],"wp:term":[{"taxonomy":"category","embeddable":true,"href":"https:\/\/www.europesays.com\/de\/wp-json\/wp\/v2\/categories?post=668225"},{"taxonomy":"post_tag","embeddable":true,"href":"https:\/\/www.europesays.com\/de\/wp-json\/wp\/v2\/tags?post=668225"}],"curies":[{"name":"wp","href":"https:\/\/api.w.org\/{rel}","templated":true}]}}