{"id":668268,"date":"2025-12-24T04:32:14","date_gmt":"2025-12-24T04:32:14","guid":{"rendered":"https:\/\/www.europesays.com\/de\/668268\/"},"modified":"2025-12-24T04:32:14","modified_gmt":"2025-12-24T04:32:14","slug":"warum-sich-der-fc-augsburg-fuer-manuel-baum-als-trainer-entschieden-hat","status":"publish","type":"post","link":"https:\/\/www.europesays.com\/de\/668268\/","title":{"rendered":"Warum sich der FC Augsburg f\u00fcr Manuel Baum als Trainer entschieden hat"},"content":{"rendered":"<p class=\"mb-6 text-xs md:text-m lg:text-l font-serif group-[.font-sans]:font-sans \">\n    Es war ein kurzes Gespr\u00e4ch. Eine halbe Stunde dauerte es, dann war alles gekl\u00e4rt. Am Sonntag hatten sich Michael Str\u00f6ll, Benjamin Weber und Manuel Baum zusammengesetzt. Das Thema war klar: Gesch\u00e4ftsf\u00fchrer und Sportdirektor des FC Augsburg wollten kl\u00e4ren, ob sich Baum ein weiteres Engagement als Cheftrainer vorstellen k\u00f6nnte. Sie waren zu der Erkenntnis gekommen, dass das eine gute L\u00f6sung f\u00fcr den Fu\u00dfball-Bundesligisten sein k\u00f6nnte.\n  <\/p>\n<p class=\"mb-6 text-xs md:text-m lg:text-l font-serif group-[.font-sans]:font-sans \">\n    Baum musste nicht lange \u00fcberlegen. Eigentlich h\u00e4tte er nur f\u00fcr drei Partien <a href=\"https:\/\/www.augsburger-allgemeine.de\/sport\/fc-augsburg\/fca-und-sandro-wagner-trennen-sich-das-spektakel-muss-warten-112908010\" target=\"_self\" class=\"underline \" rel=\"nofollow noopener\">nach der Trennung von Sandro Wagner aushelfen sollen<\/a>. So war die Absprache. In den drei Partien gegen Leverkusen, Frankfurt und Bremen hatte Baum die Augsburger stabilisiert. Vier Punkte hatte er mit seinem Team geholt und damit ein gutes Bewerbungsschreiben abgeliefert. Und h\u00e4ufig signalisiert, dass ihm die Aufgabe auch wieder Spa\u00df mache. \u201eGeil\u201c finde er das Gef\u00fchl, hatte er bereits vor seinem ersten Spiel kundgetan, als er in der Pressekonferenz auf dem Podium sa\u00df.\n  <\/p>\n<p class=\"mb-6 text-xs md:text-m lg:text-l font-serif group-[.font-sans]:font-sans \">\n    Baum also hatte wieder Freude am Trainerjob gefunden. Er wollte aber auch weiterhin Sicherheit in seinem Alltag haben. Also irgendwann in seine Position als Leiter Entwicklung und Fu\u00dfballinnovation zur\u00fcckkehren. Diese Garantie hatte er bekommen. Zun\u00e4chst als Anschluss an die eigentlich geplanten drei Partien. Jetzt aber auch f\u00fcr die neue Vertragsdauer als Cheftrainer, die im Sommer endet.\n  <\/p>\n<p>            Die Gespr\u00e4che mit Baum fanden erst nach Bremen statt<\/p>\n<p class=\"mb-6 text-xs md:text-m lg:text-l font-serif group-[.font-sans]:font-sans \">\n    Baum wird also aller Voraussicht nach bis Ende der Saison den FC Augsburg trainieren. \u201eWir sind \u00fcberzeugt davon, dass Manuel Baum in der jetzigen Situation genau der richtige Trainer f\u00fcr unseren FC Augsburg ist\u201c, sagte FCA-Gesch\u00e4ftsf\u00fchrer Michael Str\u00f6ll. <a href=\"https:\/\/www.augsburger-allgemeine.de\/sport\/fc-augsburg\/fca-trennt-sich-von-wagner-das-sagen-weber-und-stroell-112912516\" target=\"_self\" class=\"underline \" rel=\"nofollow noopener\">Vor wenigen Wochen hatte das noch anders geklungen.<\/a> Die vergangenen Partien aber haben ein Umdenken in Gang gesetzt und den Wunsch aufkommen lassen, mit Baum weiterzumachen.\n  <\/p>\n<p class=\"mb-6 text-xs md:text-m lg:text-l font-serif group-[.font-sans]:font-sans \">\n    Mit dem 46-J\u00e4hrigen selbst hatten die Augsburger Verantwortlichen erst nach dem 0:0 gegen Werder Bremen das Gespr\u00e4ch gesucht. Weil sie den Coach in Ruhe lassen wollten. Und weil sie \u00fcberhaupt das erst m\u00fchsam stabilisierte Konstrukt nicht wieder ins Wanken bringen wollten. In der Amtszeit von <a href=\"https:\/\/www.augsburger-allgemeine.de\/personen\/aa-sandro-wagner\" target=\"_self\" class=\"underline \" rel=\"nofollow noopener\">Sandro Wagner<\/a> war es zu einigen Turbulenzen samt bundesweiten Schlagzeilen gekommen. Baum hatte wieder f\u00fcr eine Beruhigung der Situation gesorgt.\n  <\/p>\n<p class=\"mb-6 text-xs md:text-m lg:text-l font-serif group-[.font-sans]:font-sans \">\n    Vor allem hatte er wieder Gefallen am Trainerjob gefunden. \u201eDie Arbeit mit unserer Mannschaft hat mir gro\u00dfe Freude bereitet. Daher freue ich mich, noch etwas l\u00e4nger Cheftrainer des FCA zu sein. F\u00fcr mich ist aber wichtig, wieder in meine urspr\u00fcngliche Position zur\u00fcckwechseln zu k\u00f6nnen\u201c, betonte der 46-J\u00e4hrige. Diese Garantie hat ihm Str\u00f6ll gegeben.\n  <\/p>\n<p>      <a href=\"https:\/\/www.augsburger-allgemeine.de\/sport\/fc-augsburg\/kommentar-manuel-baum-ist-fuer-den-fca-eine-sicherheitsloesung-113059290\" class=\"hidden  &#010;                md:block md:mr-5 md:min-w-[140px]  aspect-photo md:aspect-tv lg:aspect-tv w-fullXXX relative self-start inline overflow-hidden\" rel=\"nofollow noopener\" target=\"_blank\"><\/p>\n<p>    <img decoding=\"async\" src=\"https:\/\/www.europesays.com\/de\/wp-content\/uploads\/2025\/12\/aj7kpn2vzc-v1-ax-s2048.jpg\" alt=\"Manuel Baum wird bis zum Saisonende Trainer des FC Augsburg bleiben.\" title=\"Manuel Baum wird bis zum Saisonende Trainer des FC Augsburg bleiben.\" class=\"h-full w-full object-cover\"\/><br \/>\n   <\/a><\/p>\n<p class=\"mb-6 text-xs md:text-m lg:text-l font-serif group-[.font-sans]:font-sans \">\n    Baum kennt die Ausrichtung des FCA bestens. Er wei\u00df, was gefordert wird. Auch das war bei der Beurteilung seines Wirkens wichtig. \u201eDie Auftritte unter Manuel Baum geben uns den Glauben an einen erfolgreichen Saisonverlauf\u201c, sagt Benjamin Weber und betonte: \u201eZudem passt Manuel optimal zu unserer Ausrichtung, das Team weiterzuentwickeln und auch jungen Spielern das n\u00f6tige Vertrauen zu schenken. Das hat er in der Vergangenheit bereits erfolgreich unter Beweis gestellt.\u201c\n  <\/p>\n<p class=\"mb-6 text-xs md:text-m lg:text-l font-serif group-[.font-sans]:font-sans \">\n    Auch aus der Mannschaft seien Signale gekommen, dass eine weitere Zusammenarbeit mit Manuel Baum w\u00fcnschenswert sei. Dennoch hatten sich die FCA-Bosse zwischenzeitlich auch mit anderen Namen besch\u00e4ftigt. Hatten sich eine Liste von Trainern erstellt, die nach Augsburg passen k\u00f6nnten. Zu tieferen Gespr\u00e4chen aber soll es mit keinem Kandidaten gekommen sein. Recht schnell hatte sich nach Informationen unserer Redaktion herauskristallisiert, dass Baum die A-L\u00f6sung sein soll. Zumindest bis Saisonende.\n  <\/p>\n<p>            Der FCA hat nun Zeit, einen Nachfolger zu finden<\/p>\n<p class=\"mb-6 text-xs md:text-m lg:text-l font-serif group-[.font-sans]:font-sans \">\n    Das verschafft dem FCA Zeit, in Ruhe nach einem Nachfolger zu suchen. <a href=\"https:\/\/www.augsburger-allgemeine.de\/sport\/fc-augsburg\/sandro-wagner-und-der-fca-suche-nach-einem-erfolgreichen-neuanfang-in-der-bundesliga-111770818\" target=\"_self\" class=\"underline \" rel=\"nofollow noopener\">Im Sommer waren sie mit Sandro Wagner ein Risiko eingegangen und hatten daf\u00fcr die vermeintliche Sicherheitsl\u00f6sung Jess Thorup verabschiedet.<\/a> Nun gehen sie, wom\u00f6glich auch aus den Erfahrungen mit dem Bundesligatrainer-Neuling, einen Schritt zur\u00fcck.\n  <\/p>\n<p class=\"mb-6 text-xs md:text-m lg:text-l font-serif group-[.font-sans]:font-sans \">\n    Am 2. Januar werden die Augsburger in die Vorbereitung starten. Wom\u00f6glich schon mit einem ver\u00e4nderten Kader. Auch der war Inhalt der Gespr\u00e4che am Sonntag und Montag. Zwei Positionen wurden f\u00fcr Nachbesserungen auserkoren. Nach Informationen unserer Redaktion soll je ein Neuzugang in der Innenverteidigung und im Angriff verpflichtet werden. Auf ihrer Wunschliste hatten die Augsburger mehrere Namen stehen, mittlerweile sollen nur noch wenige Kandidaten \u00fcbrig sein.\n  <\/p>\n<p class=\"mb-6 text-xs md:text-m lg:text-l font-serif group-[.font-sans]:font-sans \">\n    Auch Abg\u00e4nge wird es in diesem Winter geben. Aber nur, sofern Ersatz vorhanden ist. Vor allem Phillip Tietz steht vor einem Wechsel, nach dem Angreifer sollen sich schon mehrere Vereine erkundigt haben. Ihm hatte Baum im Spiel gegen Bremen \u00fcberraschend Marius Wolf vorgezogen. Ein klareres Signal geht kaum.\n  <\/p>\n<ul data-module-id=\"DragDropModule\" class=\"flex flex-wrap justify-start group-[.no-bookmarks]:hidden\">\n<li class=\"mb-3 mr-3\">\n    Marco Scheinhof<\/p>\n<p>      Icon Haken im Kreis gesetzt<\/p>\n<p>      Icon Plus im Kreis<\/p>\n<\/li>\n<li class=\"mb-3 mr-3\">\n    Manuel Baum<\/p>\n<p>      Icon Haken im Kreis gesetzt<\/p>\n<p>      Icon Plus im Kreis<\/p>\n<\/li>\n<li class=\"mb-3 mr-3\">\n    FC Augsburg<\/p>\n<p>      Icon Haken im Kreis gesetzt<\/p>\n<p>      Icon Plus im Kreis<\/p>\n<\/li>\n<\/ul>\n","protected":false},"excerpt":{"rendered":"Es war ein kurzes Gespr\u00e4ch. Eine halbe Stunde dauerte es, dann war alles gekl\u00e4rt. Am Sonntag hatten sich&hellip;\n","protected":false},"author":2,"featured_media":668269,"comment_status":"","ping_status":"","sticky":false,"template":"","format":"standard","meta":{"footnotes":"","_share_on_mastodon":"0"},"categories":[1846],"tags":[680,772,2420,3364,29,548,663,3934,483,2050,30,13,34114,2375,92758,14,15,15179,12,2365,12289],"class_list":["post-668268","post","type-post","status-publish","format-standard","has-post-thumbnail","category-augsburg","tag-augsburg","tag-bayern","tag-bremen","tag-de","tag-deutschland","tag-eu","tag-europa","tag-europe","tag-fc-augsburg","tag-frankfurt","tag-germany","tag-headlines","tag-jess-thorup","tag-leverkusen","tag-manuel-baum","tag-nachrichten","tag-news","tag-sandro-wagner","tag-schlagzeilen","tag-sv-werder-bremen","tag-weihnachten"],"share_on_mastodon":{"url":"https:\/\/pubeurope.com\/@de\/115772676799493661","error":""},"_links":{"self":[{"href":"https:\/\/www.europesays.com\/de\/wp-json\/wp\/v2\/posts\/668268","targetHints":{"allow":["GET"]}}],"collection":[{"href":"https:\/\/www.europesays.com\/de\/wp-json\/wp\/v2\/posts"}],"about":[{"href":"https:\/\/www.europesays.com\/de\/wp-json\/wp\/v2\/types\/post"}],"author":[{"embeddable":true,"href":"https:\/\/www.europesays.com\/de\/wp-json\/wp\/v2\/users\/2"}],"replies":[{"embeddable":true,"href":"https:\/\/www.europesays.com\/de\/wp-json\/wp\/v2\/comments?post=668268"}],"version-history":[{"count":0,"href":"https:\/\/www.europesays.com\/de\/wp-json\/wp\/v2\/posts\/668268\/revisions"}],"wp:featuredmedia":[{"embeddable":true,"href":"https:\/\/www.europesays.com\/de\/wp-json\/wp\/v2\/media\/668269"}],"wp:attachment":[{"href":"https:\/\/www.europesays.com\/de\/wp-json\/wp\/v2\/media?parent=668268"}],"wp:term":[{"taxonomy":"category","embeddable":true,"href":"https:\/\/www.europesays.com\/de\/wp-json\/wp\/v2\/categories?post=668268"},{"taxonomy":"post_tag","embeddable":true,"href":"https:\/\/www.europesays.com\/de\/wp-json\/wp\/v2\/tags?post=668268"}],"curies":[{"name":"wp","href":"https:\/\/api.w.org\/{rel}","templated":true}]}}