{"id":668320,"date":"2025-12-24T05:06:13","date_gmt":"2025-12-24T05:06:13","guid":{"rendered":"https:\/\/www.europesays.com\/de\/668320\/"},"modified":"2025-12-24T05:06:13","modified_gmt":"2025-12-24T05:06:13","slug":"nachtbar-klax-in-dresden-feiert-35-jahre","status":"publish","type":"post","link":"https:\/\/www.europesays.com\/de\/668320\/","title":{"rendered":"Nachtbar Klax in Dresden feiert 35 Jahre"},"content":{"rendered":"<p>Ein Geburtstag. Am 20. Dezember vor genau 35 Jahren er\u00f6ffnete Wolle F\u00f6rster die Nachtbar Klax als \u00e4lteste Nachtbar in Dresden. Zahlreiche Prominente wie Olivia Jones, H.P. Baxxter und Uwe Steimle waren bereits G\u00e4ste in diesem besonderen Lokal, teilte das Unternehmen mit. \u00a0Mittlerweile besch\u00e4ftigen F\u00f6rsters jetzt bereits f\u00fcnf Unternehmen 52 Mitarbeiter. Sein Gesp\u00fcr f\u00fcr Trends und seine Kreativit\u00e4t haben ihn dazu bef\u00e4higt, in verschiedenen Bereichen wie Sushi und Gastronomie erfolgreich zu sein. &#8222;Alles steht und f\u00e4llt mit den Mitarbeitern&#8220;, betont Wolle.<\/p>\n<p>Wolle F\u00f6rster mietete das Geb\u00e4ude an der Leipziger Stra\u00dfe im Jahr 1990 f\u00fcr 500 DDR-Mark pro Monat an, generalsanierte es und kaufte es sp\u00e4ter. Urspr\u00fcnglich plante er, das Klax als Spielautomatenlokal zu f\u00fchren. Der einpr\u00e4gsame Name stammt von einem Automaten, den Wolle heute noch besitzt. Stattdessen gestaltete er das Klax zu einer gem\u00fctlichen Lounge, die als Treffpunkt f\u00fcr Nachtschw\u00e4rmer diente.<\/p>\n<p>Die goldenen 90er waren gepr\u00e4gt von ausgiebigen Feiern und G\u00e4sten, die sich in der Nachtbar zusammenfanden, um zu plaudern und zu trinken. Mit der Zeit kam die Idee auf, Striptease-Angebote anzubieten, was zu einem Wandel des Konzepts f\u00fchrte. So wurde Klax zu einem Striplokal und Wolle beantragte die Genehmigung zur \u201eZur-Schau-Stellung von Personen\u201c.\u00a0Der Klax bietet heute Platz f\u00fcr rund 70 G\u00e4ste, wobei etwa 30 Prozent weiblich sind. Ein neuer \u201eKlax-Club-Partyraum\u201c kann f\u00fcr private Feiern gemietet werden \u2013 ideal f\u00fcr Junggesellenabschiede, Geburtstagsfeiern oder Firmenfeiern.<\/p>\n<p>Das Jubil\u00e4um wird w\u00e4hrend des gesamten Jahres mit verschiedenen Aktionen gefeiert, die bis zum Jahresende andauern. Der H\u00f6hepunkt des Jubil\u00e4umsjahres ist die gro\u00dfe Silvesterparty. Die Nachtbar Klax hat t\u00e4glich ab 21 Uhr ge\u00f6ffnet, und weitere Informationen sind auf <a href=\"www.nachtbar-klax.de\" target=\"_blank\">www.nachtbar-klax.de<\/a> zu finden.<\/p>\n","protected":false},"excerpt":{"rendered":"Ein Geburtstag. Am 20. Dezember vor genau 35 Jahren er\u00f6ffnete Wolle F\u00f6rster die Nachtbar Klax als \u00e4lteste Nachtbar&hellip;\n","protected":false},"author":2,"featured_media":668321,"comment_status":"","ping_status":"","sticky":false,"template":"","format":"standard","meta":{"footnotes":""},"categories":[1835],"tags":[155668,3364,29,2386,30,155666,24401,859,155667],"class_list":{"0":"post-668320","1":"post","2":"type-post","3":"status-publish","4":"format-standard","5":"has-post-thumbnail","7":"category-dresden","8":"tag-35-jahre-jubilum","9":"tag-de","10":"tag-deutschland","11":"tag-dresden","12":"tag-germany","13":"tag-nachtbar-klax","14":"tag-nachtleben","15":"tag-sachsen","16":"tag-wolle-frster"},"share_on_mastodon":{"url":"https:\/\/pubeurope.com\/@de\/115772809788104603","error":""},"_links":{"self":[{"href":"https:\/\/www.europesays.com\/de\/wp-json\/wp\/v2\/posts\/668320","targetHints":{"allow":["GET"]}}],"collection":[{"href":"https:\/\/www.europesays.com\/de\/wp-json\/wp\/v2\/posts"}],"about":[{"href":"https:\/\/www.europesays.com\/de\/wp-json\/wp\/v2\/types\/post"}],"author":[{"embeddable":true,"href":"https:\/\/www.europesays.com\/de\/wp-json\/wp\/v2\/users\/2"}],"replies":[{"embeddable":true,"href":"https:\/\/www.europesays.com\/de\/wp-json\/wp\/v2\/comments?post=668320"}],"version-history":[{"count":0,"href":"https:\/\/www.europesays.com\/de\/wp-json\/wp\/v2\/posts\/668320\/revisions"}],"wp:featuredmedia":[{"embeddable":true,"href":"https:\/\/www.europesays.com\/de\/wp-json\/wp\/v2\/media\/668321"}],"wp:attachment":[{"href":"https:\/\/www.europesays.com\/de\/wp-json\/wp\/v2\/media?parent=668320"}],"wp:term":[{"taxonomy":"category","embeddable":true,"href":"https:\/\/www.europesays.com\/de\/wp-json\/wp\/v2\/categories?post=668320"},{"taxonomy":"post_tag","embeddable":true,"href":"https:\/\/www.europesays.com\/de\/wp-json\/wp\/v2\/tags?post=668320"}],"curies":[{"name":"wp","href":"https:\/\/api.w.org\/{rel}","templated":true}]}}