{"id":668344,"date":"2025-12-24T05:19:15","date_gmt":"2025-12-24T05:19:15","guid":{"rendered":"https:\/\/www.europesays.com\/de\/668344\/"},"modified":"2025-12-24T05:19:15","modified_gmt":"2025-12-24T05:19:15","slug":"junge-4-klemmt-mit-kopf-in-spielkueche-2","status":"publish","type":"post","link":"https:\/\/www.europesays.com\/de\/668344\/","title":{"rendered":"Junge (4) klemmt mit Kopf in Spielk\u00fcche"},"content":{"rendered":"<ol class=\"id-DonaldBreadcrumb lp_west_breadcrumb id-DonaldBreadcrumb--default\" data-k5a-pos=\"west_breadcrumb\">\n<li class=\"id-Breadcrumb-item\"><a href=\"https:\/\/www.op-online.de\/\" class=\"id-Breadcrumb-link\" data-id-ec=\"{\" shn=\"\" textlink=\"\" data-k5a-pos=\"1_startseite\" rel=\"nofollow noopener\" target=\"_blank\">Startseite<\/a><\/li>\n<li class=\"id-Breadcrumb-item\"><a href=\"https:\/\/www.op-online.de\/region\/\" class=\"id-Breadcrumb-link\" data-id-ec=\"{\" shn=\"\" textlink=\"\" data-k5a-pos=\"2_region\" rel=\"nofollow noopener\" target=\"_blank\">Region<\/a><\/li>\n<li class=\"id-Breadcrumb-item\"><a href=\"https:\/\/www.op-online.de\/region\/frankfurt\/\" class=\"id-Breadcrumb-link\" data-id-ec=\"{\" shn=\"\" textlink=\"\" data-k5a-pos=\"3_frankfurt\" rel=\"nofollow noopener\" target=\"_blank\">Frankfurt<\/a><\/li>\n<\/ol>\n<p class=\"id-Story-timestamp id-Story-timestamp--default\">Stand: 24.12.2025, 04:42 Uhr<\/p>\n<p class=\"id-Story-authors id-Story-authors--default\">Von: <a class=\"id-Story-authors-link lp_west_author\" href=\"https:\/\/www.op-online.de\/autor\/nora-kraft-qext3224.html\" title=\"Zur Autorenseite von Nora Kraft\" data-id-ec=\"{\" shn=\"\" author-link=\"\" kraft=\"\" data-k5a-pos=\"west_author\" rel=\"nofollow noopener\" target=\"_blank\">Nora Kraft<\/a><\/p>\n<p class=\"id-Story-interactionBar id-Story-interactionBar--default\">DruckenTeilen<\/p>\n<p class=\"id-StoryElement-leadText\">Beim Spielen in einer Frankfurter Kita bleibt ein Junge in einer Spielk\u00fcche stecken. Die Mitarbeiter k\u00f6nnen ihn nicht befreien und rufen die Feuerwehr.<\/p>\n<p class=\"id-StoryElement-paragraph\">Frankfurt \u2013 Ungew\u00f6hnlicher Rettungseinsatz in einer Kita im Frankfurter Westen: Die Feuerwehr hat am Mittwoch, 17. Dezember, einen Jungen aus einer misslichen Lage befreit. Er steckte in einer Spielk\u00fcche fest. <\/p>\n<p><img decoding=\"async\" class=\"id-RatioPlaceholder-element wv_story_el_image\" src=\"https:\/\/www.europesays.com\/de\/wp-content\/uploads\/2025\/12\/1766553555_326_40865771-ein-kind-steckte-in-einer-kita-in-frankfurt-den-kopf-durch-ein-loch-in-einer-spielzeugkuech.jpeg\" loading=\"lazy\"   height=\"619\" width=\"1100\" alt=\"Ein Kind steckte in einer Kita in Frankfurt den Kopf durch ein Loch in einer Spielzeugk&#xFC;che. Es konnte schlie&#xDF;lich nur von der Feuerwehr gerettet werden. (Symbolbild)\"\/>Ein Kind steckte in einer Kita in Frankfurt den Kopf durch ein Loch in einer Spielzeugk\u00fcche. Es konnte schlie\u00dflich nur von der Feuerwehr gerettet werden. (Symbolbild) \u00a9\u00a0Imago<\/p>\n<p class=\"id-StoryElement-paragraph\">Der Vierj\u00e4hrige war in ein Fach der Spielk\u00fcche geklettert und hatte seinen Kopf durch das Loch gesteckt, das eigentlich f\u00fcr das Sp\u00fclbecken vorgesehen ist, sagte ein Sprecher der Feuerwehr gegen\u00fcber der Deutschen Presse-Agentur.<\/p>\n<p>Feuerwehr befreit Jungen in Frankfurter Kita<\/p>\n<p class=\"id-StoryElement-paragraph\">Die Befreiungsversuche der Kita-Mitarbeiter blieben laut Angaben der Feuerwehr erfolglos. \u201eSchlie\u00dflich zerlegten die herbeigerufenen Feuerwehrleute die Holzk\u00fcche mit einer S\u00e4ge\u201c, schreibt die Feuerwehr auf X. Das Kind sei unverletzt befreit und den Eltern \u00fcbergeben.<\/p>\n<p class=\"id-StoryElement-paragraph\">Erst vor Kurzem <a href=\"https:\/\/www.op-online.de\/region\/waschmaschine-dann-ging-es-nicht-mehr-vor-und-zurueck-feuerwehr-befreit-maedchen-aus-zr-94060196.html\" class=\"id-import-Link\" data-id-ec=\"{&quot;sht&quot;:&quot;Container&quot;,&quot;shn&quot;:&quot;Story&quot;,&quot;p&quot;:{&quot;containerType&quot;:&quot;Paragraph&quot;,&quot;displayType&quot;:&quot;Paragraph InlineLink&quot;,&quot;type&quot;:&quot;INLINE_LINK&quot;,&quot;value&quot;:&quot;l&#xF6;ste ein Kind in S&#xFC;dhessen einen &#xE4;hnlichen Einsatz aus&quot;,&quot;variant&quot;:&quot;standardLink&quot;,&quot;sponsored&quot;:false,&quot;linkHref&quot;:&quot;https:\/\/www.op-online.de\/region\/waschmaschine-dann-ging-es-nicht-mehr-vor-und-zurueck-feuerwehr-befreit-maedchen-aus-zr-94060196.html&quot;,&quot;storyElementPosition&quot;:15,&quot;storyElementCount&quot;:15}}\" rel=\"nofollow noopener\" target=\"_blank\">l\u00f6ste ein Kind in S\u00fcdhessen einen \u00e4hnlichen Einsatz aus<\/a>. In diesem Fall musste die Feuerwehr an einer Waschmaschine Hand anlegen.<\/p>\n","protected":false},"excerpt":{"rendered":"Startseite Region Frankfurt Stand: 24.12.2025, 04:42 Uhr Von: Nora Kraft DruckenTeilen Beim Spielen in einer Frankfurter Kita bleibt&hellip;\n","protected":false},"author":2,"featured_media":668345,"comment_status":"","ping_status":"","sticky":false,"template":"","format":"standard","meta":{"footnotes":""},"categories":[1829],"tags":[29,2050,2051,30,2052],"class_list":{"0":"post-668344","1":"post","2":"type-post","3":"status-publish","4":"format-standard","5":"has-post-thumbnail","7":"category-frankfurt-am-main","8":"tag-deutschland","9":"tag-frankfurt","10":"tag-frankfurt-am-main","11":"tag-germany","12":"tag-hessen"},"share_on_mastodon":{"url":"https:\/\/pubeurope.com\/@de\/115772861746037710","error":""},"_links":{"self":[{"href":"https:\/\/www.europesays.com\/de\/wp-json\/wp\/v2\/posts\/668344","targetHints":{"allow":["GET"]}}],"collection":[{"href":"https:\/\/www.europesays.com\/de\/wp-json\/wp\/v2\/posts"}],"about":[{"href":"https:\/\/www.europesays.com\/de\/wp-json\/wp\/v2\/types\/post"}],"author":[{"embeddable":true,"href":"https:\/\/www.europesays.com\/de\/wp-json\/wp\/v2\/users\/2"}],"replies":[{"embeddable":true,"href":"https:\/\/www.europesays.com\/de\/wp-json\/wp\/v2\/comments?post=668344"}],"version-history":[{"count":0,"href":"https:\/\/www.europesays.com\/de\/wp-json\/wp\/v2\/posts\/668344\/revisions"}],"wp:featuredmedia":[{"embeddable":true,"href":"https:\/\/www.europesays.com\/de\/wp-json\/wp\/v2\/media\/668345"}],"wp:attachment":[{"href":"https:\/\/www.europesays.com\/de\/wp-json\/wp\/v2\/media?parent=668344"}],"wp:term":[{"taxonomy":"category","embeddable":true,"href":"https:\/\/www.europesays.com\/de\/wp-json\/wp\/v2\/categories?post=668344"},{"taxonomy":"post_tag","embeddable":true,"href":"https:\/\/www.europesays.com\/de\/wp-json\/wp\/v2\/tags?post=668344"}],"curies":[{"name":"wp","href":"https:\/\/api.w.org\/{rel}","templated":true}]}}