{"id":668421,"date":"2025-12-24T06:02:39","date_gmt":"2025-12-24T06:02:39","guid":{"rendered":"https:\/\/www.europesays.com\/de\/668421\/"},"modified":"2025-12-24T06:02:39","modified_gmt":"2025-12-24T06:02:39","slug":"pol-bi-uneinsichtig-van-sichergestellt-presseportal","status":"publish","type":"post","link":"https:\/\/www.europesays.com\/de\/668421\/","title":{"rendered":"POL-BI: Uneinsichtig: Van sichergestellt | Presseportal"},"content":{"rendered":"<p class=\"date\">23.12.2025 \u2013 11:10<\/p>\n<p class=\"customer\">\n                        <a class=\"story-customer\" title=\"weiter zum newsroom von Polizei Bielefeld\" href=\"https:\/\/www.presseportal.de\/blaulicht\/nr\/12522\" target=\"_blank\" rel=\"noopener\">Polizei Bielefeld<\/a>\n                    <\/p>\n<p><a class=\"glightbox event-trigger\" href=\"https:\/\/cache.pressmailing.net\/thumbnail\/story_hires\/9828f8ac-d97f-470c-b7e2-d0d4fb25faff\/VianoTiefgarageSperrfl%C3%A4che.jpg.jpg\" data-description=\"Geparkter Van auf Sperrfl\u00e4che\" data-category=\"medialightbox\" data-action=\"click\" data-label=\"single\" data-value=\"694a6a78270000fd2c4ff669\" target=\"_blank\" rel=\"noopener\"><img decoding=\"async\" height=\"540\" with=\"720\" src=\"https:\/\/www.europesays.com\/de\/wp-content\/uploads\/2025\/12\/pol-bi-uneinsichtig-van-sichergestellt.jpeg\"   alt=\"POL-BI: Uneinsichtig: Van sichergestellt\" class=\"single\"\/><\/a><\/p>\n<p><a data-category=\"citylink-story-view\" data-action=\"click\" data-label=\"Citylink in Meldungsansicht\" class=\"story-city event-trigger\" href=\"https:\/\/www.presseportal.de\/regional\/Bielefeld\" title=\"News aus Bielefeld \" target=\"_blank\" rel=\"noopener\">Bielefeld<\/a> (ots)<\/p>\n<p>FR \/ Bielefeld \/ Gadderbaum &#8211; Am Montag, 22.12.2025, wurde ein Mercedes-Benz Viano eines Bielefelders sichergestellt, nachdem er in einer Tiefgarage ein anderes Auto touchiert hatte.<\/p>\n<p>Gegen 13:30 Uhr befuhr ein 53-j\u00e4hriger Bielefelder mit seinem Auto die Tiefgarage eines Verbrauchermarktes und touchierte einen geparkten VW Caddy. Anschlie\u00dfend parkte er seinen Van auf einer Sperrfl\u00e4che, schaltete das Warnblinklicht ein und verlie\u00df das Fahrzeug. Eine unbeteiligte Person rief die Polizei. Die alarmierten Beamten kontrollierten den 53-J\u00e4hrigen, als er zur\u00fcckkam. Die Caddy-Fahrerin hat-te den Schaden an ihrem Fahrzeug nicht bemerkt und hatte die Tiefgarage bereits verlassen.<\/p>\n<p>Der 53-J\u00e4hrige gab zun\u00e4chst an, dass er seinen F\u00fchrerschein Zuhause vergessen h\u00e4tte. Tats\u00e4chlich hatte er seine Fahrerlaubnis jedoch aus medizinischen Gr\u00fcnden verloren, wie die Beamten ermittelten. Darauf angesprochen, gab er an, trotzdem zu fahren, da ihm dieser Umstand egal sei.<\/p>\n<p>Da der Bielefelder mehrfach angab, den Viano fahren zu wollen, wurde das Fahr-zeug sichergestellt und abgeschleppt. Der Bielefelder muss sich nun f\u00fcr den Unfall mit Sachschaden verantworten. Da er nicht auf die Fahrerin des besch\u00e4digten VW Caddy wartete oder die Polizei informierte, besteht zudem der Verdacht der Unfall-flucht. Zudem wurde eine Anzeige gegen die Halterin des Viano geschrieben, da sie zugelassen hat, dass der 53-J\u00e4hrige das Fahrzeug ohne Fahrerlaubnis nutzt. Die Halterin des VW Caddy konnte ermittelt werden und wurde \u00fcber den Unfall in Kenntnis gesetzt.<\/p>\n<p class=\"contact-headline\">R\u00fcckfragen von Journalisten bitte an:<\/p>\n<p class=\"contact-text\">Polizeipr\u00e4sidium Bielefeld<br \/>Leitungsstab\/ Presse- und \u00d6ffentlichkeitsarbeit<br \/>Kurt-Schumacher-Stra\u00dfe 46<br \/>33615 Bielefeld<\/p>\n<p>Sonja Rehmert (SR), Tel. 0521\/545-3020<br \/>Katja K\u00fcster (KK), Tel. 0521\/545-3195<br \/>Sarah Siedschlag (SI), Tel. 0521\/545-3021<br \/>Michael K\u00f6tter (MK), Tel. 0521\/545-3022<br \/>Hella Christoph (HC), Tel. 0521\/545-3023<br \/>Fabian Rickel (FR), Tel. 0521\/545-3024<br \/>Caroline Steffen (CS), Tel. 0521\/545-3026<br \/>Lukas Reker (LR), Tel. 0521\/545-3222<\/p>\n<p>E-Mail: <a href=\"https:\/\/www.presseportal.de\/blaulicht\/pm\/12522\/mailto: pressestelle.bielefeld@polizei.nrw.de\" class=\"uri-mailto\" target=\"_blank\" rel=\"noopener\"> pressestelle.bielefeld@polizei.nrw.de<\/a><br \/><a target=\"_blank\" class=\"uri-ext outbound\" rel=\"noopener\" href=\"https:\/\/bielefeld.polizei.nrw\/\">https:\/\/bielefeld.polizei.nrw\/<\/a><\/p>\n<p>Au\u00dferhalb der B\u00fcrodienstzeit: Leitstelle, Tel. 0521\/545-0<\/p>\n<p class=\"originator\">Original-Content von: Polizei Bielefeld, \u00fcbermittelt durch news aktuell<\/p>\n","protected":false},"excerpt":{"rendered":"23.12.2025 \u2013 11:10 Polizei Bielefeld Bielefeld (ots) FR \/ Bielefeld \/ Gadderbaum &#8211; Am Montag, 22.12.2025, wurde ein&hellip;\n","protected":false},"author":2,"featured_media":668422,"comment_status":"","ping_status":"","sticky":false,"template":"","format":"standard","meta":{"footnotes":""},"categories":[1841],"tags":[1605,3364,29,30,177,1209,176,121,178,180,179,181],"class_list":{"0":"post-668421","1":"post","2":"type-post","3":"status-publish","4":"format-standard","5":"has-post-thumbnail","7":"category-bielefeld","8":"tag-bielefeld","9":"tag-de","10":"tag-deutschland","11":"tag-germany","12":"tag-kriminalitt","13":"tag-nordrhein-westfalen","14":"tag-nrw","15":"tag-polizei","16":"tag-presse","17":"tag-pressemeldung","18":"tag-pressemitteilung","19":"tag-pressemitteilungen"},"share_on_mastodon":{"url":"https:\/\/pubeurope.com\/@de\/115773030803710072","error":""},"_links":{"self":[{"href":"https:\/\/www.europesays.com\/de\/wp-json\/wp\/v2\/posts\/668421","targetHints":{"allow":["GET"]}}],"collection":[{"href":"https:\/\/www.europesays.com\/de\/wp-json\/wp\/v2\/posts"}],"about":[{"href":"https:\/\/www.europesays.com\/de\/wp-json\/wp\/v2\/types\/post"}],"author":[{"embeddable":true,"href":"https:\/\/www.europesays.com\/de\/wp-json\/wp\/v2\/users\/2"}],"replies":[{"embeddable":true,"href":"https:\/\/www.europesays.com\/de\/wp-json\/wp\/v2\/comments?post=668421"}],"version-history":[{"count":0,"href":"https:\/\/www.europesays.com\/de\/wp-json\/wp\/v2\/posts\/668421\/revisions"}],"wp:featuredmedia":[{"embeddable":true,"href":"https:\/\/www.europesays.com\/de\/wp-json\/wp\/v2\/media\/668422"}],"wp:attachment":[{"href":"https:\/\/www.europesays.com\/de\/wp-json\/wp\/v2\/media?parent=668421"}],"wp:term":[{"taxonomy":"category","embeddable":true,"href":"https:\/\/www.europesays.com\/de\/wp-json\/wp\/v2\/categories?post=668421"},{"taxonomy":"post_tag","embeddable":true,"href":"https:\/\/www.europesays.com\/de\/wp-json\/wp\/v2\/tags?post=668421"}],"curies":[{"name":"wp","href":"https:\/\/api.w.org\/{rel}","templated":true}]}}