{"id":668468,"date":"2025-12-24T06:35:19","date_gmt":"2025-12-24T06:35:19","guid":{"rendered":"https:\/\/www.europesays.com\/de\/668468\/"},"modified":"2025-12-24T06:35:19","modified_gmt":"2025-12-24T06:35:19","slug":"st-elisabeth-aussergewoehnliche-krippen-kunstvolle-kreative-krippenausstellung-kostenfrei","status":"publish","type":"post","link":"https:\/\/www.europesays.com\/de\/668468\/","title":{"rendered":"St. Elisabeth &#8211; au\u00dfergew\u00f6hnliche Krippen: Kunstvolle, kreative Krippenausstellung &#8211; kostenfrei"},"content":{"rendered":"<p><b>Tja, leider starb vor zwei Jahren Krippengenie Pastor Bernhard Alshut, der j\u00e4hrlich seine besonderen Krippen &#8222;l\u00fcftete&#8220; in St. Elisabeth, Essen-Frohnhausen, die Besucher bass Erstaunen lie\u00df. Vorbei? Nie. Denn all seiner Helfer*innen, Mitmacher*innen, \u00a0Freunde, sind infiziert von der Krippenleidenschaft. Sein Freund und Helfer Heinz Potztal r\u00e4umt ein: &#8222;Alle Alshut-Krippen sind in Schallenberg-Holthausen Bergbau-u. Heimatmuseum &#8211; der Landesgemeinschaft gelandet.<br \/><\/b><br \/>Doch Pastor Alshut liebte seine Frohnhauser Freunde*innen. Besucher finden noch einige seiner Krippen &#8211; wie &#8222;das Porzelandorf&#8220;. und die gro\u00dfe, strahlende Kirchenkrippe &#8211; &#8222;wo Alshut wirkte- mit w\u00f6chentlich wechselnden Bildern. Sowie in Kleinformat die &#8222;Elisabethkirche&#8220; best\u00e4tigt Freund Heinz Potztal. Alle handeln weiter &#8211; bauen die sch\u00f6nsten Krippen in der Kirche auf. So \u00a0Heinz Potztal mit seiner Frau Marliese, Alfred Koch, Rita Koch und Ursula R\u00fchseler.<\/p>\n<p>Moment: Eine gro\u00dfe Krippenlandschaft f\u00e4llt auf. Uwe Engel sieht meinen Blick. Sagt: &#8222;Die Krippe kann erworben werden&#8230;&#8220;<\/p>\n<p><b>Also Kommen, Staunen. Bei freiem Eintritt.<\/b><\/p>\n<p><b>Krippenausstellung ge\u00f6ffnet am <\/b><br \/>25.12. und 26.12., von 15.OO-17.OO Uhr<br \/>27,12,-30.12., \u00a0 \u00a0 \u00a0 \u00a0 von 14.00-18.00 Uhr<br \/>31.12.-06.01 und \u00a0 von 15.OO-17.00 Uhr<\/p>\n<p>                <a id=\"like-anchor\"\/><\/p>\n<p>                    Dieser Inhalt gef\u00e4llt Ihnen?<\/p>\n<p>Melden Sie sich an, um diesen Inhalt mit \u00abGef\u00e4llt mir\u00bb zu markieren.<\/p>\n<p>            \u00d7<\/p>\n<p>        <a href=\"#\" data-trigger-click-on-space-or-enter=\"\" class=\"button ggm-like-button hollow\" title=\"Gef\u00e4llt mir\" data-open=\"like-conversion-694b89a51c458\"><\/p>\n<p>        <\/a><\/p>\n<p>\n        Gef\u00e4llt <strong>2<\/strong> mal<br \/>\n        2\n    <\/p>\n<p>            <a href=\"https:\/\/www.lokalkompass.de\/essen-west\/profile-8502\/ingrid-schattberg\" class=\"stop-click-event-propagation\" rel=\"nofollow noopener\" target=\"_blank\">    <\/p>\n<p>                                                                            <img class=\"imagecontainer\" decoding=\"auto\" data-aspect-ratio=\"1.500972763\" src=\"https:\/\/media04.lokalkompass.de\/user\/2018\/10\/31\/3\/4053_L.jpg?1585950334\" style=\"object-position: 50% 50%;\" data-object-position=\"50% 50%\" bad-src=\"data:image\/gif;base64,R0lGODlhAQABAIAAAAAAAP\/\/\/yH5BAEAAAAALAAAAAABAAEAAAIBRAA7\"\/><\/p>\n<p>        <\/a><\/p>\n<p>                    Sie m\u00f6chten diesem Profil folgen?<\/p>\n<p>Verpassen Sie nicht die neuesten Inhalte von diesem Profil: Melden Sie sich an, um neuen Inhalten von Profilen und Orten in Ihrem <strong>pers\u00f6nlichen Feed<\/strong> zu folgen.<\/p>\n<p>            \u00d7<\/p>\n<p>\n            <strong>46<\/strong> folgen diesem Profil\n        <\/p>\n","protected":false},"excerpt":{"rendered":"Tja, leider starb vor zwei Jahren Krippengenie Pastor Bernhard Alshut, der j\u00e4hrlich seine besonderen Krippen &#8222;l\u00fcftete&#8220; in St.&hellip;\n","protected":false},"author":2,"featured_media":668469,"comment_status":"","ping_status":"","sticky":false,"template":"","format":"standard","meta":{"footnotes":""},"categories":[1834],"tags":[3364,29,3688,30,1209],"class_list":{"0":"post-668468","1":"post","2":"type-post","3":"status-publish","4":"format-standard","5":"has-post-thumbnail","7":"category-essen","8":"tag-de","9":"tag-deutschland","10":"tag-essen","11":"tag-germany","12":"tag-nordrhein-westfalen"},"share_on_mastodon":{"url":"https:\/\/pubeurope.com\/@de\/115773160471957750","error":""},"_links":{"self":[{"href":"https:\/\/www.europesays.com\/de\/wp-json\/wp\/v2\/posts\/668468","targetHints":{"allow":["GET"]}}],"collection":[{"href":"https:\/\/www.europesays.com\/de\/wp-json\/wp\/v2\/posts"}],"about":[{"href":"https:\/\/www.europesays.com\/de\/wp-json\/wp\/v2\/types\/post"}],"author":[{"embeddable":true,"href":"https:\/\/www.europesays.com\/de\/wp-json\/wp\/v2\/users\/2"}],"replies":[{"embeddable":true,"href":"https:\/\/www.europesays.com\/de\/wp-json\/wp\/v2\/comments?post=668468"}],"version-history":[{"count":0,"href":"https:\/\/www.europesays.com\/de\/wp-json\/wp\/v2\/posts\/668468\/revisions"}],"wp:featuredmedia":[{"embeddable":true,"href":"https:\/\/www.europesays.com\/de\/wp-json\/wp\/v2\/media\/668469"}],"wp:attachment":[{"href":"https:\/\/www.europesays.com\/de\/wp-json\/wp\/v2\/media?parent=668468"}],"wp:term":[{"taxonomy":"category","embeddable":true,"href":"https:\/\/www.europesays.com\/de\/wp-json\/wp\/v2\/categories?post=668468"},{"taxonomy":"post_tag","embeddable":true,"href":"https:\/\/www.europesays.com\/de\/wp-json\/wp\/v2\/tags?post=668468"}],"curies":[{"name":"wp","href":"https:\/\/api.w.org\/{rel}","templated":true}]}}