{"id":668503,"date":"2025-12-24T06:54:17","date_gmt":"2025-12-24T06:54:17","guid":{"rendered":"https:\/\/www.europesays.com\/de\/668503\/"},"modified":"2025-12-24T06:54:17","modified_gmt":"2025-12-24T06:54:17","slug":"weihnachten-in-brandenburg-oeffnungszeiten-von-baecker-aldi-lidl-und-co-ueber-die-feiertage","status":"publish","type":"post","link":"https:\/\/www.europesays.com\/de\/668503\/","title":{"rendered":"Weihnachten in Brandenburg: \u00d6ffnungszeiten von\u00a0B\u00e4cker, Aldi, Lidl und Co. \u00fcber die Feiertage"},"content":{"rendered":"<p>Wie haben L\u00e4den in Brandenburg an Heiligabend und an den Weihnachtsfeiertagen ge\u00f6ffnet? Hier gibt es den \u00dcberblick f\u00fcr die Feiertage.<\/p>\n<p>24. Dezember 2025 um 06:05 UhrPotsdam<\/p>\n<p>Ein Artikel von<\/p>\n<p><a href=\"https:\/\/www.lr-online.de\/autor\/daniel-steiger-77083264.html\" class=\"u-author__block u-author__block--link\" target=\"_blank\" rel=\"noopener\"><img decoding=\"async\" alt=\"\" src=\"https:\/\/www.europesays.com\/de\/wp-content\/uploads\/2025\/12\/66af354d-7108-4eea-b0e1-f524828e3419.jpeg\"\/><\/p>\n<p>Daniel Steiger<\/p>\n<p><\/a><img loading=\"lazy\" decoding=\"async\" src=\"https:\/\/www.europesays.com\/de\/wp-content\/uploads\/2025\/12\/1b81de4c-cabb-4d49-a444-3070bbf03050.jpeg\" class=\"u-base-image__image\" width=\"1200\" height=\"676\" alt=\"Manches ist aus, gef\u00fchlt alles ist teurer geworden \u2013 eigentlich. Denn im Preiskampf vor Weihnachten liefern sich H\u00e4ndler derzeit besonders harte Rabattschlachten. \u21e5&#10;&#10;Lebensmittel, darunter Sonnenblumen\u00f6l und Getreideprodukte, liegen in einem Supermarkt in Leipzig an der Kasse auf dem Band. Die Auswirkungen des Ukraine-Krieges auf die Agrarm\u00e4rkte und die Lebensmittelpreise sind zentrale Themen auf dem Deutschen Bauerntag. (Zu dpa &quot;Bauerntag: Folgen des Ukraine-Kriegs und Nahrungspreise im Blick&quot;) +++ dpa-Bildfunk +++\"\/><\/p>\n<p class=\"u-base-image__cap m-0\">\u00d6ffnungszeiten in Brandenburg: So haben Discounter, Superm\u00e4rkte, B\u00e4cker und Tankstellen zu Weihnachten ge\u00f6ffnet.<\/p>\n<p>Hendrik Schmidt\/dpa<\/p>\n<p class=\"u-paragraph\" lazy=\"true\">Den Senf f\u00fcr die Bockwurst zum Kartoffelsalat vergessen? Oder noch schnell ein paar knusprige Semmeln f\u00fcrs Weihnachtsfr\u00fchst\u00fcck holen? Auch zum Weihnachtsfest fragen sie viele Menschen in Brandenburg, wie und wann B\u00e4cker, Discounter und Superm\u00e4rkte an Heiligabend und \u00fcber die Feiertage ge\u00f6ffnet haben. Hier gibt es den \u00dcberblick:<\/p>\n<p>\u00d6ffnungszeiten an Heiligabend: So \u00f6ffnen Aldi, Lidl, Kaufland und Co. in Brandenburg am 24.12.<\/p>\n<p class=\"u-paragraph\" lazy=\"true\">Auch wenn viele Menschen am 24. Dezember wohl Besseres zu tun haben, als an der Supermarktkasse anzustehen, sind die M\u00e4rkte an Heiligabend regelm\u00e4\u00dfig gut gef\u00fcllt. Auch wenn dieser Tag kein gesetzlicher Feiertag ist, gelten am 24.12. gesonderte \u00d6ffnungszeiten. Aldi Nord hat beispielsweise mitgeteilt, dass die M\u00e4rkte in Brandenburg an Heiligabend um 7 Uhr \u00f6ffnen und mindestens bis 13 Uhr ge\u00f6ffnet haben. Der Discounter schreibt allerdings: \u201eDennoch ist es m\u00f6glich, dass in verschiedenen M\u00e4rkten andere \u00d6ffnungszeiten f\u00fcr unsere Kunden gelten &#8211; etwa in Einkaufszentren. Daher h\u00e4ngen wir in jedem Markt die \u00d6ffnungszeiten fr\u00fchzeitig auf einem Plakat aus, um unsere Kundinnen und Kunden zu informieren.\u201c Lidl und Kaufland \u00f6ffnen in Brandenburg am 24. Dezember auch sp\u00e4testens um 7 Uhr, einige M\u00e4rkte sogar schon ab 6 Uhr und schlie\u00dfen meist um 14 Uhr. Das ist auch die maximale \u00d6ffnungszeit, die das <a target=\"_blank\" href=\"https:\/\/bravors.brandenburg.de\/gesetze\/bbgloeg\" rel=\"noopener\">Brandenburger Laden\u00f6ffnungsgesetz<\/a> f\u00fcr den Heiligabend f\u00fcr Discounter und Superm\u00e4rkte erlaubt.<\/p>\n<p>So haben B\u00e4cker und Tankstellen am 24.12. in Brandenburg ge\u00f6ffnet<\/p>\n<p class=\"u-paragraph\" lazy=\"true\">F\u00fcr die B\u00e4cker in Brandenburg gilt auch das Landesrecht des Laden\u00f6ffnungsgesetzes. Dieses sieht f\u00fcr den 24. Dezember auch f\u00fcr diese L\u00e4den vor, dass sie sp\u00e4testens um 14 Uhr schlie\u00dfen m\u00fcssen. Ausgenommen hiervon sind lediglich L\u00e4den am Flughafen BER und an Bahnh\u00f6fen. Hier empfiehlt es sich, individuell nach \u00d6ffnungszeiten Ausschau zu halten, da keine allgemeine Vorhersage f\u00fcr Brandenburg m\u00f6glich ist. Denn auch wenn eine \u00d6ffnung des Ladens m\u00f6glich ist, muss der Inhaber nicht zwangsweise seine Tore \u00f6ffnen. Tankstellen in Brandenburg d\u00fcrfen am 24. Dezember den ganzen Tag ge\u00f6ffnet sein.<\/p>\n<p>\u00d6ffnungszeiten zu Weihnachten: Welche L\u00e4den haben am 25.12. und 26.12. ge\u00f6ffnet?<\/p>\n<p class=\"u-paragraph\" lazy=\"true\">F\u00fcr die eigentlichen Weihnachtsfeiertage, also den 25 und 26. Dezember, gelten striktere Ladenschlie\u00dfzeiten. Superm\u00e4rkte, Discounter und andere herk\u00f6mmliche L\u00e4den d\u00fcrfen gar nicht \u00f6ffnen. F\u00fcr B\u00e4cker und Tankstellen gibt es aber Sonderregeln. So d\u00fcrfen Backwaren am ersten Feiertag f\u00fcr maximal f\u00fcnf Stunden verkauft werden. Am zweiten Weihnachtsfeiertag laut Gesetz aber gar nicht. Ausnahmen gelten wiederum f\u00fcr L\u00e4den an Bahnh\u00f6fen und am BER. Tankstellen d\u00fcrfen auch am 25. und 26. Dezember ganztags \u00f6ffnen. Aber auch bei diesen Regeln gilt: Die Inhaber k\u00f6nnen, aber m\u00fcssen nicht \u00f6ffnen.<\/p>\n<p>\u00d6ffnungszeiten am 27. Dezember in Brandenburg<\/p>\n<p class=\"u-paragraph\" lazy=\"true\">Am Samstag, den 27. Dezember 2025, k\u00f6nnen dann wieder die K\u00fchlschr\u00e4nke aufgef\u00fcllt werden. Da haben die meisten L\u00e4den in Brandenburg wieder ihre \u00fcblichen Laden\u00f6ffnungszeiten.<\/p>\n","protected":false},"excerpt":{"rendered":"Wie haben L\u00e4den in Brandenburg an Heiligabend und an den Weihnachtsfeiertagen ge\u00f6ffnet? Hier gibt es den \u00dcberblick f\u00fcr&hellip;\n","protected":false},"author":2,"featured_media":668504,"comment_status":"","ping_status":"","sticky":false,"template":"","format":"standard","meta":{"footnotes":""},"categories":[1816],"tags":[1960,1958,1959,1957,1956,1890,29,30],"class_list":{"0":"post-668503","1":"post","2":"type-post","3":"status-publish","4":"format-standard","5":"has-post-thumbnail","7":"category-brandenburg","8":"tag-aktuelle-nachrichten-aus-berlin-und-brandenburg","9":"tag-aktuelle-nachrichten-aus-brandenburg","10":"tag-aktuelle-news-aus-berlin-und-brandenburg","11":"tag-aktuelle-news-aus-brandenburg","12":"tag-berlin-und-brandenburg","13":"tag-brandenburg","14":"tag-deutschland","15":"tag-germany"},"share_on_mastodon":{"url":"https:\/\/pubeurope.com\/@de\/115773234684710464","error":""},"_links":{"self":[{"href":"https:\/\/www.europesays.com\/de\/wp-json\/wp\/v2\/posts\/668503","targetHints":{"allow":["GET"]}}],"collection":[{"href":"https:\/\/www.europesays.com\/de\/wp-json\/wp\/v2\/posts"}],"about":[{"href":"https:\/\/www.europesays.com\/de\/wp-json\/wp\/v2\/types\/post"}],"author":[{"embeddable":true,"href":"https:\/\/www.europesays.com\/de\/wp-json\/wp\/v2\/users\/2"}],"replies":[{"embeddable":true,"href":"https:\/\/www.europesays.com\/de\/wp-json\/wp\/v2\/comments?post=668503"}],"version-history":[{"count":0,"href":"https:\/\/www.europesays.com\/de\/wp-json\/wp\/v2\/posts\/668503\/revisions"}],"wp:featuredmedia":[{"embeddable":true,"href":"https:\/\/www.europesays.com\/de\/wp-json\/wp\/v2\/media\/668504"}],"wp:attachment":[{"href":"https:\/\/www.europesays.com\/de\/wp-json\/wp\/v2\/media?parent=668503"}],"wp:term":[{"taxonomy":"category","embeddable":true,"href":"https:\/\/www.europesays.com\/de\/wp-json\/wp\/v2\/categories?post=668503"},{"taxonomy":"post_tag","embeddable":true,"href":"https:\/\/www.europesays.com\/de\/wp-json\/wp\/v2\/tags?post=668503"}],"curies":[{"name":"wp","href":"https:\/\/api.w.org\/{rel}","templated":true}]}}