{"id":668508,"date":"2025-12-24T06:57:48","date_gmt":"2025-12-24T06:57:48","guid":{"rendered":"https:\/\/www.europesays.com\/de\/668508\/"},"modified":"2025-12-24T06:57:48","modified_gmt":"2025-12-24T06:57:48","slug":"hertha-bsc-kennet-eichhorn-spricht-ueber-sein-bewegendes-jahr-2025","status":"publish","type":"post","link":"https:\/\/www.europesays.com\/de\/668508\/","title":{"rendered":"Hertha BSC: Kennet Eichhorn spricht \u00fcber sein bewegendes Jahr 2025"},"content":{"rendered":"<p>Hertha-Youngster gibt erstes Interview\u00a0<\/p>\n<p>                                    <img decoding=\"async\" src=\"https:\/\/www.europesays.com\/de\/wp-content\/uploads\/2025\/12\/kennet-eichhorn-hertha-bsc-2025-imago1069842658-1766478248-185921.jpg\" title=\"Hertha BSC: Kennet Eichhorn spricht \u00fcber sein bewegendes Jahr 2025\" alt=\"Hertha BSC: Kennet Eichhorn spricht \u00fcber sein bewegendes Jahr 2025\"\/><\/p>\n<p>\n                                       \u00a9IMAGO\n                                    <\/p>\n<p>In Berlin ging in dieser Saison der Stern von <a title=\"Kennet Eichhorn\" href=\"https:\/\/www.transfermarkt.ch\/kennet-eichhorn\/profil\/spieler\/1214123\" target=\"_blank\" rel=\"noopener\">Kennet Eichhorn<\/a> auf. Das 16 Jahre alte Eigengew\u00e4chs von\u00a0<a title=\"Hertha BSC\" href=\"https:\/\/www.transfermarkt.ch\/hertha-bsc\/startseite\/verein\/44\" target=\"_blank\" rel=\"noopener\">Hertha BSC<\/a>\u00a0konnte auf beeindruckende Art und Weise in der <a title=\"2. Bundesliga\" href=\"https:\/\/www.transfermarkt.ch\/2-bundesliga\/startseite\/wettbewerb\/L2\" target=\"_blank\" rel=\"noopener\">2. Bundesliga<\/a> Fu\u00df fassen, mit seinen Leistungen \u00fcberzeugen und dabei zugleich neue Ma\u00dfst\u00e4be setzen. In seinem ersten gro\u00dfen Interview <a href=\"https:\/\/www.herthabsc.com\/de\/nachrichten\/2025\/12\/interview-teil-1-kennet-eichhorn-2526\" target=\"_blank\" rel=\"noopener\">auf den vereinseigenen Kan\u00e4len<\/a> sprach der wertvollste Profi im deutschen Unterhaus nun ausf\u00fchrlich \u00fcber sein bewegendes Jahr 2025.<\/p>\n<p><\/p>\n<p><a href=\"https:\/\/www.transfermarkt.ch\/2-bundesliga\/juengsteaelteste\/wettbewerb\/L2\/plus\/galerie\/0?saisonIdVon=1974&amp;saisonIdBis=2025&amp;land_id=0&amp;pos=&amp;spielerposition_id=\" target=\"_blank\" rel=\"noopener\">J\u00fcngster Profi der Zweitliga-Historie<\/a>, j\u00fcngster Startelf-Deb\u00fctant und zuletzt <a href=\"https:\/\/www.transfermarkt.ch\/dfb-pokal\/juengstetorschuetzen\/pokalwettbewerb\/DFB\/plus\/0\/galerie\/0?saisonIdVon=1952&amp;saisonIdBis=2025&amp;land_id=0\" target=\"_blank\" rel=\"noopener\">j\u00fcngster Torsch\u00fctze im DFB-Pokal<\/a>: Eichhorn stellte in der Spielzeit 2025\/26 mehrere Rekordmarken auf. Sein Tor im DFB-Pokal-Achtelfinale gegen den 1. FC Kaiserslautern aber beschreibt der Youngster r\u00fcckblickend als sein gr\u00f6\u00dftes Highlight. \u201eDas war in dem Moment einfach ein unbeschreibliches Gef\u00fchl\u201c, sagt der geb\u00fcrtige Bernauer \u00fcber seinen Treffer zum zwischenzeitlichen 3:0 vor mehr als 50.000 Zuschauern im Olympiastadion. \u201eDie Fans und die Atmosph\u00e4re im ausverkauften Stadion\u201c habe ihn schon im Januar nachhaltig beeindruckt, als er erstmals die Profis an einem Spieltag begleiten und hineinschnuppern durfte. \u201eEinfach krass, wie laut es schon beim Warmmachen war. Das auf dem Spielfeld und nicht von der Trib\u00fcne aus zu erleben, ist einfach nochmal etwas ganz anderes.\u201c<\/p>\n<p><\/p>\n<p>Eichhorn, dem auf dem Platz eine f\u00fcr sein Alter au\u00dfergew\u00f6hnliche Reife und Spielintelligenz attestiert wird, habe von Beginn an bei der Eingew\u00f6hnung in den Profibetrieb keine gro\u00dfen Anpassungsschwierigkeiten gehabt, erz\u00e4hlt er. \u201eIch war nicht wirklich aufgeregt, denn ich bin generell eher ein ruhiger Typ. Die anderen haben mich gut aufgenommen \u2013 wenn sie merken, dass du Fu\u00dfball spielen kannst, akzeptieren sie dich und du bist sofort in der Gruppe drin. Die Kabine macht es jungen Spielern generell sehr einfach.\u201c Eichhorn ist der j\u00fcngste Absolvent der Hertha-Akademie, die schon zuletzt spannende Talente wie <a title=\"Ibrahim Maza\" href=\"https:\/\/www.transfermarkt.ch\/ibrahim-maza\/profil\/spieler\/905011\" target=\"_blank\" rel=\"noopener\">Ibrahim Maza<\/a> oder <a title=\"Bence D\u00e1rdai\" href=\"https:\/\/www.transfermarkt.ch\/bence-dardai\/profil\/spieler\/789252\" target=\"_blank\" rel=\"noopener\">Bence D\u00e1rdai<\/a> hervorgebracht hat.<\/p>\n<p>Eichhorn \u00fcber unterst\u00fctzendes Umfeld: \u201eEltern ein sehr gro\u00dfer Faktor\u201c<\/p>\n<p>Dass der 16-J\u00e4hrige sich im Verein und dar\u00fcber hinaus in den richtigen Kreisen bewegt, um fokussiert zu bleiben, glaubt auch sein Teamkollege und Mitstreiter im Berliner Mittelfeldzentrum <a title=\"Micha\u00ebl Cuisance\" href=\"https:\/\/www.transfermarkt.ch\/micha-l-cuisance\/profil\/spieler\/344600\" target=\"_blank\" rel=\"noopener\">Micha\u00ebl Cuisance<\/a>. \u201eWas Kenny spielerisch leistet, ist f\u00fcr sein junges Alter beeindruckend, davon konnten sich alle in dieser Hinrunde \u00fcberzeugen. Um solche Leistungen auch auf Sicht best\u00e4ndig abrufen zu k\u00f6nnen, ben\u00f6tigen junge Spieler insbesondere in der Anfangszeit viele Freiheiten und ein sch\u00fctzendes Umfeld, das Druck rausnimmt, damit seine weitere Entwicklung bestm\u00f6glich weitergehen kann. Ich glaube, Kenny hat das und deswegen sollte er einfach so weitermachen, jeden Tag an sich arbeiten und auf seine Qualit\u00e4ten vertrauen\u201c, <a href=\"https:\/\/www.transfermarkt.ch\/cuisance-uber-berliner-aufschwung-amp-imagewandel-deswegen-bin-ich-ein-herthaner-quot-\/view\/news\/464322\" target=\"_blank\" rel=\"noopener\">sagte der Franzose k\u00fcrzlich im TM-Interview<\/a>.<\/p>\n<p><\/p>\n<p>Hilfe und Unterst\u00fctzung findet er abseits des Platzes auch im eigenen famili\u00e4ren Umfeld, betont Eichhorn. \u201eMeine Eltern sind nat\u00fcrlich grunds\u00e4tzlich ein sehr gro\u00dfer Faktor \u2013 ich habe die besten Eltern, die es gibt! Sie sind immer f\u00fcr mich da und geben mir gute Ratschl\u00e4ge, ich kann jederzeit mit ihnen reden.\u201c Hertha-Coach Stefan Leitl habe ihm bereits w\u00e4hrend der R\u00fcckserie der vergangenen Saison die Perspektive aufgezeigt, ab Sommer fest zum Profi-Kader zu z\u00e4hlen. Im Juli unterzeichnete der 1,86 Meter gro\u00dfe Rechtsfu\u00df dann seinen ersten und langfristigen Profi-Vertrag. \u201eIch bin jetzt hier insgesamt in meinem zehnten Jahr, war bereits als kleines Kind Hertha-Fan und stand auch schon in der Kurve. Hinzu kam, dass die Aussicht auf Spielzeit etwas gr\u00f6\u00dfer war als vielleicht anderswo. Die Kombination hat dann dazu gef\u00fchrt, dass ich mich entschieden habe, zu bleiben\u201c, berichtet Eichhorn.<\/p>\n<p><a href=\"https:\/\/www.transfermarkt.ch\/hertha-bsc\/detail\/forum\/14\" target=\"_blank\" rel=\"noopener\"><br \/>\n    <img loading=\"lazy\" decoding=\"async\" class=\"innews\" src=\"https:\/\/www.europesays.com\/de\/wp-content\/uploads\/2025\/09\/banner-vereinsforen-2025-26-hertha-bsc-1754478255-174145.jpg\" alt=\"Jetzt im Forum \u00fcber Hertha BSC diskutieren.\" width=\"503\" height=\"148\"\/><\/p>\n<p><\/a><\/p>\n<p>Herthas Sportdirektor <a title=\"Benjamin Weber\" href=\"https:\/\/www.transfermarkt.ch\/benjamin-weber\/profil\/trainer\/61923\" target=\"_blank\" rel=\"noopener\">Benjamin Weber<\/a> hatte zuletzt exklusiv bei Transfermarkt \u00fcber die Entwicklung des Eigengew\u00e4chses gesprochen und den Berliner Entwicklungsplan f\u00fcr die Zukunft verdeutlicht. \u201eF\u00fcr uns steht bei Kennet Eichhorn \u2013 wie bei all unseren Talenten \u2013 nicht eine Zahl im Vordergrund, sondern seine kontinuierliche sportliche Entwicklung. Wir freuen uns, dass er sich im vergangenen Sommer bewusst f\u00fcr Hertha BSC und den von uns aufgezeigten Weg entschieden hat. Er hat in den vergangenen Monaten eine tolle Entwicklung genommen, ist wichtige erste Schritte im Profifu\u00dfball gegangen, weil er sehr fokussiert gearbeitet und trainiert hat. Dadurch hat sich sehr viel Spielzeit erarbeitet und verdient.\u201c<\/p>\n<p>Eichhorn unterstreicht im Interview auf der Klub-Website: \u201eHertha ist wie Familie f\u00fcr mich. Ich bin mit dem Verein aufgewachsen und gro\u00df geworden. Als ich das erste Mal im Olympiastadion war, hat das direkt den Traum in mir entfacht, dass ich hier Profi werden und unbedingt dort unten auf dem Rasen spielen m\u00f6chte.\u201c<\/p>\n<p>Herthas Eichhorn: \u201eSpielberechtigung war mein gr\u00f6\u00dftes Geschenk\u201c<\/p>\n<p>Nach seinem Zweitliga-Deb\u00fct im August, nur 14 Tage nach seinem 16. Geburtstag, hatte Eichhorn bei Transfermarkt die erste Taxierung in H\u00f6he von 3 Mio. Euro erhalten. Im Oktober-Update verdoppelte sich sein Marktwert auf 6 Mio. Euro, <a href=\"https:\/\/www.transfermarkt.ch\/2-bundesliga\/marktwerte\/wettbewerb\/L2\" target=\"_blank\" rel=\"noopener\">was ihn zum wertvollsten Fu\u00dfballer der 2. Bundesliga machte<\/a>. Diesen Status zementiert Eichhorn im Dezember und kletterte weiter von 6 Millionen auf 20 Millionen Euro. Wertvoller in der 2. Bundesliga war nur Ex-N\u00fcrnberg-Profi <a title=\"Stefanos Tzimas\" href=\"https:\/\/www.transfermarkt.ch\/stefanos-tzimas\/profil\/spieler\/950091\" target=\"_blank\" rel=\"noopener\">Stefanos Tzimas<\/a> im M\u00e4rz 2025, der mit dieser Bewertung verletzungsbedingt aber ohne Einsatz blieb. \u201eEntscheidend wird sein, dass wir gemeinsam mit Ruhe und Augenma\u00df weiter an seiner Entwicklung arbeiten. Wir haben f\u00fcr ihn einen klaren, realistischen Entwicklungsplan, der in enger Abstimmung mit dem Spieler und seinem Umfeld entstanden ist. Dabei gilt auch f\u00fcr Kennet: Spielpraxis auf hohem Niveau ist der zentrale Faktor, um den n\u00e4chsten Schritt nachhaltig zu gehen. Wir wissen um sein Potenzial, aber genauso wissen wir, dass Entwicklung nicht linear verl\u00e4uft. Unser Anspruch ist es, ihn bestm\u00f6glich zu begleiten und ihm die Zeit und Plattform zu geben, die er f\u00fcr seine n\u00e4chsten Schritte braucht \u2013 unabh\u00e4ngig von \u00e4u\u00dferen Bewertungen oder Marktwerten\u201c, betonte Weber nach dem Update mit Blick auf seinen Sch\u00fctzling gegen\u00fcber TM.<\/p>\n<p><\/p>\n<p>Spielpraxis d\u00fcrfte er auch im neuen Jahr ausreichend bekommen, dann will Hertha das gemeinsame Ziel Bundesliga-Aufstieg weiter vorantreiben. Die Zeit, als er nur bei den Profis trainieren, aber aufgrund seines Alters und einer fehlenden Berechtigung im vergangenen Sommer noch nicht spielen durfte, bezeichnet Eichhorn r\u00fcckblickend als eine der schwierigsten und \u201esehr nervig \u2013 alle konnten spielen, nur ich musste zugucken. Training ist das eine, aber Spiele sind noch einmal etwas ganz anderes \u2013 speziell was die Ernsthaftigkeit anbelangt, aber auch mit Blick auf die ganzen Abl\u00e4ufe. Umso mehr habe ich mich auf meinen Geburtstag gefreut. Die Spielberechtigung war dann eindeutig mein gr\u00f6\u00dftes Geschenk. Dadurch hat sich auch eine andere Verantwortung f\u00fcr mich ergeben \u2013 ich war nicht mehr nur der kleine Bubi, der dabei ist und mittrainiert.\u201c<\/p>\n<p>Auf die Frage nach den gr\u00f6\u00dften Unterschieden im Vergleich zum Jugendbereich, nennt der Youngster zum einen die Intensit\u00e4t, \u201ezum anderen ist es im Profifu\u00dfball viel ausgefuchster. Du musst viel mehr auf mentale Dinge achten: Zum Beispiel, wenn ein gestandener Gegenspieler Trashtalk betreibt \u2013 das ist schon etwas anderes als im Jugendfu\u00dfball\u201c.<\/p>\n<p><\/p>\n","protected":false},"excerpt":{"rendered":"Hertha-Youngster gibt erstes Interview\u00a0 \u00a9IMAGO In Berlin ging in dieser Saison der Stern von Kennet Eichhorn auf. Das&hellip;\n","protected":false},"author":2,"featured_media":668509,"comment_status":"","ping_status":"","sticky":false,"template":"","format":"standard","meta":{"footnotes":""},"categories":[1825],"tags":[621,296,29,30,1088,94444],"class_list":{"0":"post-668508","1":"post","2":"type-post","3":"status-publish","4":"format-standard","5":"has-post-thumbnail","7":"category-berlin","8":"tag-2-bundesliga","9":"tag-berlin","10":"tag-deutschland","11":"tag-germany","12":"tag-hertha-bsc","13":"tag-kennet-eichhorn"},"share_on_mastodon":{"url":"https:\/\/pubeurope.com\/@de\/115773253347558194","error":""},"_links":{"self":[{"href":"https:\/\/www.europesays.com\/de\/wp-json\/wp\/v2\/posts\/668508","targetHints":{"allow":["GET"]}}],"collection":[{"href":"https:\/\/www.europesays.com\/de\/wp-json\/wp\/v2\/posts"}],"about":[{"href":"https:\/\/www.europesays.com\/de\/wp-json\/wp\/v2\/types\/post"}],"author":[{"embeddable":true,"href":"https:\/\/www.europesays.com\/de\/wp-json\/wp\/v2\/users\/2"}],"replies":[{"embeddable":true,"href":"https:\/\/www.europesays.com\/de\/wp-json\/wp\/v2\/comments?post=668508"}],"version-history":[{"count":0,"href":"https:\/\/www.europesays.com\/de\/wp-json\/wp\/v2\/posts\/668508\/revisions"}],"wp:featuredmedia":[{"embeddable":true,"href":"https:\/\/www.europesays.com\/de\/wp-json\/wp\/v2\/media\/668509"}],"wp:attachment":[{"href":"https:\/\/www.europesays.com\/de\/wp-json\/wp\/v2\/media?parent=668508"}],"wp:term":[{"taxonomy":"category","embeddable":true,"href":"https:\/\/www.europesays.com\/de\/wp-json\/wp\/v2\/categories?post=668508"},{"taxonomy":"post_tag","embeddable":true,"href":"https:\/\/www.europesays.com\/de\/wp-json\/wp\/v2\/tags?post=668508"}],"curies":[{"name":"wp","href":"https:\/\/api.w.org\/{rel}","templated":true}]}}