{"id":668512,"date":"2025-12-24T07:02:15","date_gmt":"2025-12-24T07:02:15","guid":{"rendered":"https:\/\/www.europesays.com\/de\/668512\/"},"modified":"2025-12-24T07:02:15","modified_gmt":"2025-12-24T07:02:15","slug":"weihnachten-in-berlin-kann-besonders-fuer-expats-leer-und-einsam-werden","status":"publish","type":"post","link":"https:\/\/www.europesays.com\/de\/668512\/","title":{"rendered":"\u201eWeihnachten in Berlin kann besonders f\u00fcr Expats leer und einsam werden\u201c"},"content":{"rendered":"<p class=\"tspAGen tspAGeo\">Wenn B\u00fcros sich leeren und Freundeskreise sich Richtung Heimat aufl\u00f6sen, verf\u00e4llt Berlin \u00fcber die Feiertage in einen kollektiven Winterschlaf. Wer bleibt, merkt schnell: Der Alltag, der sonst tr\u00e4gt, bricht weg. F\u00fcr viele internationale Fachkr\u00e4fte, sogenannte Expats, ist die Arbeit der wichtigste soziale Ort in der fremden Gro\u00dfstadt Berlin. Hier gibt es eine Wochenstruktur, sogar Freundschaften k\u00f6nnen entstehen. <\/p>\n","protected":false},"excerpt":{"rendered":"Wenn B\u00fcros sich leeren und Freundeskreise sich Richtung Heimat aufl\u00f6sen, verf\u00e4llt Berlin \u00fcber die Feiertage in einen kollektiven&hellip;\n","protected":false},"author":2,"featured_media":668513,"comment_status":"","ping_status":"","sticky":false,"template":"","format":"standard","meta":{"footnotes":""},"categories":[1825],"tags":[4561,17401,296,29,30,24982,2281,12289],"class_list":{"0":"post-668512","1":"post","2":"type-post","3":"status-publish","4":"format-standard","5":"has-post-thumbnail","7":"category-berlin","8":"tag-apps","9":"tag-arbeitsplatz","10":"tag-berlin","11":"tag-deutschland","12":"tag-germany","13":"tag-gesellschaftliches-engagement","14":"tag-silvester","15":"tag-weihnachten"},"share_on_mastodon":{"url":"https:\/\/pubeurope.com\/@de\/115773266012127377","error":""},"_links":{"self":[{"href":"https:\/\/www.europesays.com\/de\/wp-json\/wp\/v2\/posts\/668512","targetHints":{"allow":["GET"]}}],"collection":[{"href":"https:\/\/www.europesays.com\/de\/wp-json\/wp\/v2\/posts"}],"about":[{"href":"https:\/\/www.europesays.com\/de\/wp-json\/wp\/v2\/types\/post"}],"author":[{"embeddable":true,"href":"https:\/\/www.europesays.com\/de\/wp-json\/wp\/v2\/users\/2"}],"replies":[{"embeddable":true,"href":"https:\/\/www.europesays.com\/de\/wp-json\/wp\/v2\/comments?post=668512"}],"version-history":[{"count":0,"href":"https:\/\/www.europesays.com\/de\/wp-json\/wp\/v2\/posts\/668512\/revisions"}],"wp:featuredmedia":[{"embeddable":true,"href":"https:\/\/www.europesays.com\/de\/wp-json\/wp\/v2\/media\/668513"}],"wp:attachment":[{"href":"https:\/\/www.europesays.com\/de\/wp-json\/wp\/v2\/media?parent=668512"}],"wp:term":[{"taxonomy":"category","embeddable":true,"href":"https:\/\/www.europesays.com\/de\/wp-json\/wp\/v2\/categories?post=668512"},{"taxonomy":"post_tag","embeddable":true,"href":"https:\/\/www.europesays.com\/de\/wp-json\/wp\/v2\/tags?post=668512"}],"curies":[{"name":"wp","href":"https:\/\/api.w.org\/{rel}","templated":true}]}}