{"id":668520,"date":"2025-12-24T07:08:28","date_gmt":"2025-12-24T07:08:28","guid":{"rendered":"https:\/\/www.europesays.com\/de\/668520\/"},"modified":"2025-12-24T07:08:28","modified_gmt":"2025-12-24T07:08:28","slug":"spider-man-dreh-beendet-regisseur-lobt-tom-holland","status":"publish","type":"post","link":"https:\/\/www.europesays.com\/de\/668520\/","title":{"rendered":"&#8222;Spider-Man&#8220;-Dreh beendet: Regisseur lobt Tom Holland"},"content":{"rendered":"<p style=\"order:0\" class=\"spanFix max-w-[750px] leading-[30px] sm:text-[22px] sm:leading-[38px] sm:text-[22px] sm:leading-[38px]\"><b>Weiterer Meilenstein f\u00fcr <a target=\"_self\" data-google-interstitial=\"true\" href=\"https:\/\/www.promiflash.de\/thema\/tom-holland\/\" rel=\"noopener\">Tom Holland<\/a> (29): Der Schauspieler hat die Dreharbeiten zu &#8222;Spider-Man: Brand New Day&#8220; abgeschlossen \u2013 best\u00e4tigt vom Regisseur Destin Daniel Cretton, der am Samstag, 20. Dezember, auf Instagram das Drehende feierte.<\/b> Zu sehen ist Tom mit einem Bl\u00fctenkranz um den Hals neben dem Filmemacher, aufgenommen am Set, wo zuletzt in London und zuvor in Glasgow gearbeitet wurde. Mit dabei am Set: Kolleginnen und Kollegen aus dem Franchise sowie eine Crew, die Cretton \u00fcberschw\u00e4nglich w\u00fcrdigte. Der Kinostart steht ebenfalls: Ab dem 31. Juli soll der neue Spider-Man \u00fcber die Leinw\u00e4nde klettern.<\/p>\n<p style=\"order:3\" class=\"spanFix max-w-[750px] leading-[30px] sm:text-[22px] sm:leading-[38px] sm:text-[22px] sm:leading-[38px]\">Cretton fand in seinem Post gro\u00dfe Worte: Er nannte den Film &#8222;den gr\u00f6\u00dften, lohnendsten&#8220; seiner Karriere und bedankte sich bei seiner Familie, der &#8222;unglaublichen Crew&#8220; und dem &#8222;fantastischen Cast&#8220;. Vor allem Tom bekam Sonderapplaus: <b>&#8222;F\u00fcr deine freundliche, gro\u00dfz\u00fcgige F\u00fchrung vor und hinter der Kamera, f\u00fcr deinen unerm\u00fcdlichen Einsatz, deine furchtlosen Darbietungen und f\u00fcr deine Freundschaft&#8220;,<\/b> schrieb der &#8222;Shang-Chi&#8220;-Regisseur. Gedreht wird seit August, zwischenzeitlich pausierte die Produktion im September kurz, nachdem sich Tom laut The Hollywood Reporter eine leichte Gehirnersch\u00fctterung zugezogen hatte. Kurz darauf stand der Star im Oktober wieder im Suit vor der Kamera. Neben Tom kehren <a target=\"_self\" data-google-interstitial=\"true\" href=\"https:\/\/www.promiflash.de\/thema\/zendaya-coleman\/\" rel=\"noopener\">Zendaya<\/a> (29), Jacob Batalon (29) und <a target=\"_self\" data-google-interstitial=\"true\" href=\"https:\/\/www.promiflash.de\/thema\/jon-favreau\/\" rel=\"noopener\">Jon Favreau<\/a> (59) zur\u00fcck, neu dabei sind <a target=\"_self\" data-google-interstitial=\"true\" href=\"https:\/\/www.promiflash.de\/thema\/sadie-sink\/\" rel=\"noopener\">Sadie Sink<\/a> (23) und Liza Col\u00f3n-Zayas. Nur zwei Wochen vor &#8222;Brand New Day&#8220; startet zudem &#8222;The Odyssey&#8220;, an dem Tom und Zendaya ebenfalls beteiligt sind.<\/p>\n<p style=\"order:6\" class=\"spanFix max-w-[750px] leading-[30px] sm:text-[22px] sm:leading-[38px] sm:text-[22px] sm:leading-[38px]\">Privat und beruflich \u00fcberschneiden sich bei Tom und Zendaya seit Jahren die Wege. Das Paar, das seine Beziehung diskret h\u00e4lt, wurde im Sommer zusammen am Set in London fotografiert. Tom nutzt seine Reichweite gern auch f\u00fcr Herzensprojekte abseits des Rampenlichts: <b>Mit seinen Br\u00fcdern Sam, Harry und Paddy engagiert er sich \u00fcber The Brothers Trust f\u00fcr wohlt\u00e4tige Zwecke; nach dem <a target=\"_self\" data-google-interstitial=\"true\" href=\"https:\/\/www.promiflash.de\/news\/2025\/09\/29\/tom-holland-gibt-nach-unfall-am-spiderman-set-entwarnung.html\" rel=\"noopener\">kurzen Gesundheitszwischenfall<\/a> meldete er sich dort im September selbst zu Wort und versicherte, es gehe bergauf. <\/b>Freundschaften am Set, Familienr\u00fcckhalt und die enge Zusammenarbeit mit seiner Partnerin \u2013 genau diese Mischung pr\u00e4gt den Alltag des Schauspielers hinter der Maske des Superhelden.<\/p>\n<p><img class=\"top-0  absolute h-full w-full object-cover\" alt=\"Hollywoodstar Tom Holland\" width=\"854\" height=\"480\" decoding=\"async\"  loading=\"lazy\" style=\"background-size:cover;background-position:50% 50%;background-repeat:no-repeat;background-image:url(&quot;data:image\/svg+xml;charset=utf-8,%3Csvg xmlns='http:\/\/www.w3.org\/2000\/svg' viewBox='0 0 640 640'%3E%3Cfilter id='b' color-interpolation-filters='sRGB'%3E%3CfeGaussianBlur stdDeviation='20'\/%3E%3CfeColorMatrix values='1 0 0 0 0 0 1 0 0 0 0 0 1 0 0 0 0 0 100 -1' result='s'\/%3E%3CfeFlood x='0' y='0' width='100%25' height='100%25'\/%3E%3CfeComposite operator='out' in='s'\/%3E%3CfeComposite in2='SourceGraphic'\/%3E%3CfeGaussianBlur stdDeviation='20'\/%3E%3C\/filter%3E%3Cimage width='100%25' height='100%25' x='0' y='0' preserveAspectRatio='none' style='filter: url(%23b);' href='data:image\/png;base64,iVBORw0KGgoAAAANSUhEUgAAABAAAAAQCAYAAAAf8\/9hAAAEG0lEQVR4AQEQBO\/7AGxmWP9sZVj\/amNW\/2lhU\/9mXU7\/ZFlJ\/2JVRP9hU0H\/YFJB\/2FURf9kWEz\/Z15W\/2pkYf9ua2r\/cXBy\/3Jzd\/8Aa2Za\/2tlWf9qY1f\/aGBU\/2ddT\/9mWUr\/ZVZG\/2VVQ\/9lVUT\/Z1dI\/2lbT\/9rYFj\/bWZi\/29ra\/9wb3H\/cXF2\/wBpZV7\/aWRd\/2hiW\/9oYFf\/aV1S\/2pbTf9sWkr\/b1pJ\/3JcS\/90X1D\/dWNX\/3RmXv9zaWX\/cWtr\/25scP9tbXP\/AGZkY\/9mY2L\/ZmFf\/2hfWv9rXVX\/b1xQ\/3VdTv97YE\/\/f2RT\/4JoWf+Ca1\/\/gGxk\/3tsaf90a2z\/bGlu\/2dnb\/8AY2Nn\/2RiZv9lYGL\/aF5d\/21dV\/90XVP\/fGBS\/4RlVP+Ka1n\/jW9f\/41xZf+JcWn\/gW9r\/3ZrbP9rZmz\/YWJs\/wBiY2j\/Y2Jn\/2VgY\/9oXV3\/b1xY\/3ddVP+AYVP\/iWdW\/49tXP+TcWL\/k3Rn\/45za\/+EcGz\/eGps\/2pka\/9eX2r\/AGRiZv9kYmX\/Zl9h\/2ldXP9vW1b\/dlxS\/39fUv+IZFT\/jmpZ\/5JuX\/+RcGT\/jXBo\/4Rtav94aWv\/amRr\/19fav8AZ2Nh\/2diX\/9oYFz\/al1Y\/21aU\/9zWU\/\/elpN\/4FdTv+GYVH\/iWVX\/4lnXP+GaWH\/f2lm\/3Znaf9sZWv\/ZGNs\/wBrY1j\/a2JX\/2tgVf9qXFL\/a1lN\/21VSf9wUkX\/dFJD\/3hTRP96VUj\/e1lP\/3pdVv93YV7\/cmVm\/25na\/9qaW\/\/AHBjTf9vYk3\/bWBM\/2tcSv9oVkf\/ZlBC\/2RJPP9kQzX\/ZD8y\/2ZANP9oRjz\/ak5I\/2xYVv9uYWL\/b2lr\/29ucf8Ac2NC\/3JiQ\/9vX0P\/altD\/2VUQP9eSjv\/Vz4y\/1ExJf9OJhj\/TyUW\/1MvJf9aPzn\/Yk9N\/2leXv9vaWr\/c3By\/wB0Yjr\/c2E7\/29ePf9pWT3\/YVA7\/1hFNf9NNSn\/QiEU\/zsEAP87AAD\/QRcF\/00yLP9ZSEb\/ZFpa\/21naP9zb3H\/AHNhOP9yYDn\/blw6\/2hWO\/9fTTj\/VEEy\/0gvJf88GAv\/NAAA\/zMAAP87DQD\/Ry0n\/1VEQv9hVlb\/amNl\/3Brbv8AcV87\/3BeO\/9sWjv\/ZVM7\/11KOP9TPTH\/SS4l\/0AbEv86BQD\/OgUA\/0EcCv9KMSr\/VURB\/15SU\/9mXWH\/a2Rp\/wBuXT\/\/bVw\/\/2lYP\/9jUT3\/XEc5\/1Q8Mv9NLyn\/SCQc\/0YeEP9HIhD\/TCwf\/1E5Mf9YRUP\/XU9R\/2FXXP9kXGP\/AGxcQ\/9rW0P\/Z1ZB\/2JPP\/9cRTr\/Vjs0\/1ExLP9PKyT\/Tyof\/1EvIf9UNyr\/WD83\/1pHRf9dTlD\/XlJZ\/19VX\/9qDAooWV0vxgAAAABJRU5ErkJggg=='\/%3E%3C\/svg%3E&quot;)\" src=\"https:\/\/www.europesays.com\/de\/wp-content\/uploads\/2025\/12\/tom-holland-schaut-in-die-kamera.jpg\" fetchpriority=\"auto\"\/>Getty Images<img decoding=\"async\" alt=\"Bilder Gallerie Button\" class=\"absolute bottom-[7px] right-[3px] w-[54px] h-[54px] group-hover:scale-110 transition-transform duration-300\" src=\"https:\/\/www.europesays.com\/de\/wp-content\/uploads\/2025\/11\/galerie_button.png\" loading=\"lazy\"\/>Hollywoodstar Tom Holland<img class=\"top-0  absolute h-full w-full object-cover\" alt=\"Destin Daniel Cretton und Tom Holland zum Abschluss der Dreharbeiten zu &quot;Spider-Man: Brand New Day&quot;\" width=\"854\" height=\"480\" decoding=\"async\"  loading=\"lazy\" style=\"background-size:cover;background-position:50% 50%;background-repeat:no-repeat;background-image:url(&quot;data:image\/svg+xml;charset=utf-8,%3Csvg xmlns='http:\/\/www.w3.org\/2000\/svg' viewBox='0 0 640 640'%3E%3Cfilter id='b' color-interpolation-filters='sRGB'%3E%3CfeGaussianBlur stdDeviation='20'\/%3E%3CfeColorMatrix values='1 0 0 0 0 0 1 0 0 0 0 0 1 0 0 0 0 0 100 -1' result='s'\/%3E%3CfeFlood x='0' y='0' width='100%25' height='100%25'\/%3E%3CfeComposite operator='out' in='s'\/%3E%3CfeComposite in2='SourceGraphic'\/%3E%3CfeGaussianBlur stdDeviation='20'\/%3E%3C\/filter%3E%3Cimage width='100%25' height='100%25' x='0' y='0' preserveAspectRatio='none' style='filter: url(%23b);' href='data:image\/png;base64,iVBORw0KGgoAAAANSUhEUgAAABAAAAAQCAYAAAAf8\/9hAAAEG0lEQVR4AQEQBO\/7AAAAG\/8AABv\/AAAc\/wAAHP8AAB7\/AAgg\/wAVIv8THyX\/LyYo\/z0sKv9DLy3\/RC8u\/z8tMP80KDD\/JSMx\/xMfMf8AAAAV\/wAAFv8AABf\/AAAa\/wAAHP8ACR\/\/ABUh\/xgeI\/8vJSX\/Oyon\/0AtKf9ALSv\/Oyst\/zEnLv8jIy\/\/Eh8w\/wAAAAD\/AAAA\/wAACP8AABH\/AAAY\/wAOHP8MFx\/\/JB4f\/zAjH\/82Jh\/\/OSgf\/zcoIv8yJiX\/KSQp\/x4iLP8RIC7\/AAAAAP8AAAD\/AAAA\/wAAB\/8ABxX\/GxUc\/ysdHv8zIR3\/NiQa\/zYlFf80JBP\/LyQW\/ykjHP8iIyP\/GyIp\/xYiLf8AAAAA\/wAAAP8AAAD\/AAAJ\/yMTGv80HiH\/PiUk\/0MpIv9DKh7\/QCoZ\/zwpFf81KBb\/Lycb\/ykmIv8kJin\/ISYt\/wAAAAD\/AAAA\/wAADP8gEhv\/NR8l\/0MpLP9NLy\/\/UzQv\/1U3Lv9UNyv\/UDcp\/0s1KP9EMyn\/PDAr\/zUuLv8wLDD\/ABQYJP8ZGSb\/JB4q\/zIkL\/9AKzT\/TTM5\/1g6Pf9hQT\/\/aEZB\/2tIQf9qSUD\/Zkc\/\/19DPP9UPjr\/STg4\/0AzNv8AOjFA\/zoxQP86MUD\/PTJA\/0U2Qv9SPEb\/YEVK\/25NT\/96VFP\/gVlW\/4NbV\/+AWVX\/eFRQ\/2tMSv9cQ0T\/Tjs+\/wBPQ1T\/TUJU\/0g\/Uf9EPU\/\/Rz5P\/1NEUf9lTVb\/eFdd\/4hhY\/+TZ2j\/mGpp\/5ZoZ\/+NYmH\/fVhY\/2tMTv9aQkb\/AF1PZP9ZTmL\/UUpf\/0hGWv9GRVj\/UklZ\/2ZTXv99X2b\/kWpu\/59ydP+mdXf\/pHN1\/5tsbv+KYWT\/dVRX\/2JITP8AY1du\/19VbP9VUWf\/SUth\/0RJXf9PTF3\/ZVZi\/35ja\/+Ub3X\/pHd8\/6x7f\/+ren3\/oXN2\/5Bna\/96WV3\/ZkxR\/wBiW3L\/Xllw\/1RTa\/9HTWT\/QUpe\/0tMXf9iVmP\/e2Ns\/5Fvdv+heH7\/qXyB\/6h7gP+fdHn\/jmlt\/3lbX\/9lTlP\/AFtacv9XWHD\/TlNq\/0NMYv8+SFz\/R0pa\/1xTX\/9zX2j\/h2ty\/5Z0e\/+deX\/\/nXh+\/5Ryd\/+FZ2z\/clpf\/2FPU\/8ATVZu\/0tUbP9ET2b\/PUle\/ztFV\/9FR1T\/VU5Y\/2hZYf95ZGv\/hG1z\/4pxeP+KcXf\/g2xy\/3ZjaP9nWFz\/WU9R\/wA7UGn\/Ok9n\/zhKYf83RVj\/OkFR\/0NCTf9PSFD\/XFJY\/2dcYv9vY2r\/c2hv\/3Job\/9sZGv\/Y11i\/1lVWP9QTk\/\/ACdMZP8oSmL\/LEZc\/zJCU\/85Pkv\/Qj9H\/0pESf9RTFD\/V1Ra\/1pcYv9cYGf\/WmFo\/1deZf9SWV3\/TFJV\/0hNTf\/eNcw7peUBrAAAAABJRU5ErkJggg=='\/%3E%3C\/svg%3E&quot;)\" src=\"https:\/\/www.europesays.com\/de\/wp-content\/uploads\/2025\/12\/destin-daniel-cretton-und-tom-holland-lachen-zum-abschluss-der-dreharbeiten-zu-spider-man-brand-new-.jpeg\" fetchpriority=\"auto\"\/>Instagram \/ destindaniel<img decoding=\"async\" alt=\"Bilder Gallerie Button\" class=\"absolute bottom-[7px] right-[3px] w-[54px] h-[54px] group-hover:scale-110 transition-transform duration-300\" src=\"https:\/\/www.europesays.com\/de\/wp-content\/uploads\/2025\/11\/galerie_button.png\" loading=\"lazy\"\/>Destin Daniel Cretton und Tom Holland zum Abschluss der Dreharbeiten zu &#8222;Spider-Man: Brand New Day&#8220;<img class=\"top-0  absolute h-full w-full object-cover\" alt=\"Tom Holland und Zendaya, 2021\" width=\"854\" height=\"480\" decoding=\"async\"  loading=\"lazy\" style=\"background-size:cover;background-position:50% 50%;background-repeat:no-repeat;background-image:url(&quot;data:image\/svg+xml;charset=utf-8,%3Csvg xmlns='http:\/\/www.w3.org\/2000\/svg' viewBox='0 0 640 640'%3E%3Cfilter id='b' color-interpolation-filters='sRGB'%3E%3CfeGaussianBlur stdDeviation='20'\/%3E%3CfeColorMatrix values='1 0 0 0 0 0 1 0 0 0 0 0 1 0 0 0 0 0 100 -1' result='s'\/%3E%3CfeFlood x='0' y='0' width='100%25' height='100%25'\/%3E%3CfeComposite operator='out' in='s'\/%3E%3CfeComposite in2='SourceGraphic'\/%3E%3CfeGaussianBlur stdDeviation='20'\/%3E%3C\/filter%3E%3Cimage width='100%25' height='100%25' x='0' y='0' preserveAspectRatio='none' style='filter: url(%23b);' href='data:image\/png;base64,iVBORw0KGgoAAAANSUhEUgAAABAAAAAQCAYAAAAf8\/9hAAAEG0lEQVR4AQEQBO\/7AKuyvP+ttL3\/sLjB\/7W9xv+4wcn\/u8HI\/7u\/xP+5ubz\/tbKy\/7Otqf+yqqX\/tK6o\/7i1sP++v7z\/xMnH\/8jQzv8Aqa+4\/6qwuv+utL7\/srnC\/7a9xP+4vsT\/uLu\/\/7a2t\/+zr67\/saml\/7Cnof+yqqT\/trKt\/7y8uP\/CxsT\/xs3L\/wCjpK7\/pKWv\/6eps\/+srrb\/r7K5\/7GzuP+xsLP\/sKur\/62kof+qnpn\/qpyW\/6ygmf+wqaP\/trOv\/7u+uv+\/xcL\/AJqTnv+blJ\/\/npmi\/6Kepf+loqb\/p6Kk\/6egn\/+mmpf\/o5ON\/6GNhv+hjIP\/o5GI\/6eak\/+spqD\/srGs\/7W4tP8AkH6L\/5GAjP+UhY7\/l4qQ\/5qOkP+cj43\/nIyG\/5uGff+ZfnP\/l3ls\/5d4bP+ZfnP\/nYmA\/6KVjv+moZv\/qqmj\/wCJa3j\/iW15\/4tyev+Od3r\/kHt4\/5F8dP+SeGz\/kHJi\/49qV\/+OZFD\/jmRR\/5BrXP+Td2z\/mIV8\/5yRif+emZH\/AIVfav+GYWr\/h2Vq\/4hqav+JbWf\/im5g\/4pqV\/+JY0r\/iVo9\/4hUNf+JVDn\/i1xI\/45pWv+ReGv\/lIR5\/5aMgv8Ahl1l\/4ZfZf+GYmT\/hmdj\/4ZpX\/+GaFj\/hmRO\/4ZdQf+GVTP\/h08p\/4hPLf+KVj3\/jGNQ\/45wYf+QfG7\/kYN3\/wCJZGf\/iGVn\/4dnZ\/+Gamb\/hWxi\/4RrXP+EZ1P\/hWFI\/4ZZO\/+JVDP\/i1M0\/4xZP\/+OY0\/\/j29e\/495av+Pf3L\/AItrbf+KbG3\/iG5t\/4VwbP+DcWr\/gnBl\/4JsXf+FZ1T\/iGFK\/4tcQv+OXEH\/kGBI\/5FnU\/+RcGD\/kHlq\/49+cf8Aim5w\/4lvcf+GcHH\/gnJw\/39ybv99cWv\/fm5k\/4JqXP+IZVT\/jWJN\/5FiS\/+UZVD\/lGtY\/5NyYv+ReWv\/j31x\/wCEaW\/\/gmpv\/35rb\/95bG\/\/dW1t\/3Rsaf92amT\/fGdd\/4RkVf+MYlD\/kmJP\/5VmUv+Va1r\/k3Fj\/5B3a\/+Ne3D\/AHhaZv92W2b\/cVxm\/2pdZf9kXmP\/Y15f\/2hdWv9yXFT\/flpN\/4hbSv+QXUr\/lGFP\/5RmVv+RbF\/\/jHFn\/4h1bP8AZz1W\/2Q9Vv9cP1X\/UkBT\/0pCT\/9KQ0v\/U0VF\/2NGP\/9zSDr\/gUs5\/4tQPf+QVkT\/kF1O\/4xjV\/+HaF\/\/gmtk\/wBRAD\/\/TQA+\/0EAO\/8wADb\/HgAv\/x8AJv83ERv\/UR4Q\/2gpDf96NBf\/hj4m\/4tINf+LUEL\/h1hN\/4BdVv96YFv\/ADsAJP80ACH\/HwAY\/wAAAv8AAAD\/AAAA\/wYAAP9AAAD\/XgAA\/3MRAP+BKgD\/hzki\/4dFNv+CTUT\/e1NN\/3RXU\/+vvWkSHYQ+RAAAAABJRU5ErkJggg=='\/%3E%3C\/svg%3E&quot;)\" src=\"https:\/\/www.europesays.com\/de\/wp-content\/uploads\/2025\/12\/tom-holland-und-zendaya-posieren-11.jpg\" fetchpriority=\"auto\"\/>Billy Bennight\/AdMedia\/SIPA<img decoding=\"async\" alt=\"Bilder Gallerie Button\" class=\"absolute bottom-[7px] right-[3px] w-[54px] h-[54px] group-hover:scale-110 transition-transform duration-300\" src=\"https:\/\/www.europesays.com\/de\/wp-content\/uploads\/2025\/11\/galerie_button.png\" loading=\"lazy\"\/>Tom Holland und Zendaya, 2021<\/p>\n<p>Traut ihr Brand New Day zu, der beste Tom-Holland-Spidey zu werden?<\/p>\n<p>Ergebnis anzeigen<\/p>\n","protected":false},"excerpt":{"rendered":"Weiterer Meilenstein f\u00fcr Tom Holland (29): Der Schauspieler hat die Dreharbeiten zu &#8222;Spider-Man: Brand New Day&#8220; abgeschlossen \u2013&hellip;\n","protected":false},"author":2,"featured_media":668521,"comment_status":"","ping_status":"","sticky":false,"template":"","format":"standard","meta":{"footnotes":""},"categories":[1771],"tags":[1778,29,214,30,95,1777,215],"class_list":{"0":"post-668520","1":"post","2":"type-post","3":"status-publish","4":"format-standard","5":"has-post-thumbnail","7":"category-kino","8":"tag-cinema","9":"tag-deutschland","10":"tag-entertainment","11":"tag-germany","12":"tag-kino","13":"tag-movie","14":"tag-unterhaltung"},"share_on_mastodon":{"url":"https:\/\/pubeurope.com\/@de\/115773291718099304","error":""},"_links":{"self":[{"href":"https:\/\/www.europesays.com\/de\/wp-json\/wp\/v2\/posts\/668520","targetHints":{"allow":["GET"]}}],"collection":[{"href":"https:\/\/www.europesays.com\/de\/wp-json\/wp\/v2\/posts"}],"about":[{"href":"https:\/\/www.europesays.com\/de\/wp-json\/wp\/v2\/types\/post"}],"author":[{"embeddable":true,"href":"https:\/\/www.europesays.com\/de\/wp-json\/wp\/v2\/users\/2"}],"replies":[{"embeddable":true,"href":"https:\/\/www.europesays.com\/de\/wp-json\/wp\/v2\/comments?post=668520"}],"version-history":[{"count":0,"href":"https:\/\/www.europesays.com\/de\/wp-json\/wp\/v2\/posts\/668520\/revisions"}],"wp:featuredmedia":[{"embeddable":true,"href":"https:\/\/www.europesays.com\/de\/wp-json\/wp\/v2\/media\/668521"}],"wp:attachment":[{"href":"https:\/\/www.europesays.com\/de\/wp-json\/wp\/v2\/media?parent=668520"}],"wp:term":[{"taxonomy":"category","embeddable":true,"href":"https:\/\/www.europesays.com\/de\/wp-json\/wp\/v2\/categories?post=668520"},{"taxonomy":"post_tag","embeddable":true,"href":"https:\/\/www.europesays.com\/de\/wp-json\/wp\/v2\/tags?post=668520"}],"curies":[{"name":"wp","href":"https:\/\/api.w.org\/{rel}","templated":true}]}}