{"id":668566,"date":"2025-12-24T07:39:03","date_gmt":"2025-12-24T07:39:03","guid":{"rendered":"https:\/\/www.europesays.com\/de\/668566\/"},"modified":"2025-12-24T07:39:03","modified_gmt":"2025-12-24T07:39:03","slug":"muss-der-wuppertaler-u-club-doch-nicht-schliessen","status":"publish","type":"post","link":"https:\/\/www.europesays.com\/de\/668566\/","title":{"rendered":"Muss der Wuppertaler U-Club doch nicht schlie\u00dfen?"},"content":{"rendered":"<p class=\"text_ohne_einzug richtext text-em-55 !leading-serif mx-6 desktop:mx-0\">Im Juli hatte der U-Club verk\u00fcndet, die T\u00fcren zu Beginn des kommenden Jahres zu schlie\u00dfen. Aus wirtschaftlicher Sicht sei der Club einfach nicht mehr zu betreiben. \u201eDas europaweite Clubsterben, vor allem bei Clubs unserer Gr\u00f6\u00dfenordnung, hat auch uns erwischt\u201c, erkl\u00e4rt U-Club-Sprecher Mattia R\u00fcbenstrunk. \u201eDie harte Realit\u00e4t ist: Es fehlen 100\u2005000 Euro im Jahr, um den Club zu betreiben.\u201c Ver\u00e4ndertes Ausgehverhalten und gestiegene Kosten haben f\u00fcr das Aus gesorgt.<\/p>\n","protected":false},"excerpt":{"rendered":"Im Juli hatte der U-Club verk\u00fcndet, die T\u00fcren zu Beginn des kommenden Jahres zu schlie\u00dfen. Aus wirtschaftlicher Sicht&hellip;\n","protected":false},"author":2,"featured_media":668567,"comment_status":"","ping_status":"","sticky":false,"template":"","format":"standard","meta":{"footnotes":""},"categories":[1840],"tags":[155708,71017,5238,141788,35531,17820,18872,3364,29,43247,33928,20960,30,1209,155707,36247,22868,4201,10434,102166,155709,4418],"class_list":{"0":"post-668566","1":"post","2":"type-post","3":"status-publish","4":"format-standard","5":"has-post-thumbnail","7":"category-wuppertal","8":"tag-ausgehverhalten","9":"tag-betreiben","10":"tag-club","11":"tag-clubgeschichte","12":"tag-clubkultur","13":"tag-clubs","14":"tag-clubsterben","15":"tag-de","16":"tag-deutschland","17":"tag-erhalt","18":"tag-erklaert","19":"tag-gemeinnuetzig","20":"tag-germany","21":"tag-nordrhein-westfalen","22":"tag-ruebenstrunk","23":"tag-satzung","24":"tag-schritt","25":"tag-treffen","26":"tag-verein","27":"tag-vereinsgruendung","28":"tag-vereinssatzung","29":"tag-wuppertal"},"share_on_mastodon":{"url":"https:\/\/pubeurope.com\/@de\/115773411490101865","error":""},"_links":{"self":[{"href":"https:\/\/www.europesays.com\/de\/wp-json\/wp\/v2\/posts\/668566","targetHints":{"allow":["GET"]}}],"collection":[{"href":"https:\/\/www.europesays.com\/de\/wp-json\/wp\/v2\/posts"}],"about":[{"href":"https:\/\/www.europesays.com\/de\/wp-json\/wp\/v2\/types\/post"}],"author":[{"embeddable":true,"href":"https:\/\/www.europesays.com\/de\/wp-json\/wp\/v2\/users\/2"}],"replies":[{"embeddable":true,"href":"https:\/\/www.europesays.com\/de\/wp-json\/wp\/v2\/comments?post=668566"}],"version-history":[{"count":0,"href":"https:\/\/www.europesays.com\/de\/wp-json\/wp\/v2\/posts\/668566\/revisions"}],"wp:featuredmedia":[{"embeddable":true,"href":"https:\/\/www.europesays.com\/de\/wp-json\/wp\/v2\/media\/668567"}],"wp:attachment":[{"href":"https:\/\/www.europesays.com\/de\/wp-json\/wp\/v2\/media?parent=668566"}],"wp:term":[{"taxonomy":"category","embeddable":true,"href":"https:\/\/www.europesays.com\/de\/wp-json\/wp\/v2\/categories?post=668566"},{"taxonomy":"post_tag","embeddable":true,"href":"https:\/\/www.europesays.com\/de\/wp-json\/wp\/v2\/tags?post=668566"}],"curies":[{"name":"wp","href":"https:\/\/api.w.org\/{rel}","templated":true}]}}