{"id":668724,"date":"2025-12-24T09:24:23","date_gmt":"2025-12-24T09:24:23","guid":{"rendered":"https:\/\/www.europesays.com\/de\/668724\/"},"modified":"2025-12-24T09:24:23","modified_gmt":"2025-12-24T09:24:23","slug":"die-daenische-praesidentschaft-hat-europas-verteidigung-und-wettbewerbsfaehigkeit-gestaerkt-sagt-bjerre","status":"publish","type":"post","link":"https:\/\/www.europesays.com\/de\/668724\/","title":{"rendered":"Die d\u00e4nische Pr\u00e4sidentschaft hat Europas Verteidigung und Wettbewerbsf\u00e4higkeit gest\u00e4rkt, sagt Bjerre"},"content":{"rendered":"<p>Die Europ\u00e4ische Union hat unter der F\u00fchrung der d\u00e4nischen Pr\u00e4sidentschaft bemerkenswerte Fortschritte bei den f\u00fcr Kopenhagen als Priorit\u00e4ten betrachteten Politiken erzielt, sagte die d\u00e4nische Europa-Ministerin Marie Bjerre in <strong>12 Minutes With<\/strong>, dem f\u00fchrenden Interviewformat von Euronews. <\/p>\n<p>Die d\u00e4nische Regierung hat seit dem 1. Juli 2025 den rotierenden Vorsitz des Rates der EU inne und kann somit die Agenda in Br\u00fcssel festlegen. Eine ihrer Priorit\u00e4ten war es, die \u201eB\u00fcrokratie\u201c und die \u201e\u00dcberregulierung\u201c zu bek\u00e4mpfen, um den Wettbewerbsvorteil der EU angesichts Chinas und der USA wiederherzustellen. <\/p>\n<p>\u201eWir haben von Anfang an gesagt, dass wir ein st\u00e4rkeres Europa in Bezug auf Sicherheit und Verteidigung, aber auch in Bezug auf Wettbewerbsf\u00e4higkeit wollen, was das zweite Thema war. Und wir haben es wirklich geschafft, auch hier ein Ergebnis zu erzielen,\u201c sagte Bjerre gegen\u00fcber Euronews. <\/p>\n<p>Im Jahr 2025 schlug die Kommission zehn sogenannte Vereinfachungsvorschl\u00e4ge oder Omnibus-Pakete vor, die die EU-Regulierung in verschiedenen Bereichen von der Landwirtschaft bis zur Verteidigung und Digitalisierung zur\u00fcckfahren. <\/p>\n<p>\u201eW\u00e4hrend unserer Pr\u00e4sidentschaft konnten wir uns mit dem Europ\u00e4ischen Parlament auf drei der Omnibus-Pakete einigen,\u201c sagte Bjerre und f\u00fcgte hinzu, dass sie \u201ebesonders zufrieden\u201c sei, dass das EU-Parlament Anfang dieses Monats das Omnibus I-Paket genehmigt und sich damit einverstanden erkl\u00e4rt hat, die Anforderungen an die Nachhaltigkeitsberichterstattung und die Sorgfaltspflichten zu senken. <\/p>\n<p>\u201eDies wird die Belastung f\u00fcr unsere Unternehmen verringern und ist ein guter erster Schritt, um die Gesch\u00e4ftsbedingungen in Europa zu verbessern, denn das brauchen wir wirklich, wenn wir in Europa wettbewerbsf\u00e4higer werden wollen,\u201c sagte Bjerre. <\/p>\n<p>Liberalisierung ist f\u00fcr Wachstum notwendig<\/p>\n<p>Bjerre stellte die Behauptungen von Klimasch\u00fctzern in Frage, dass einige Vereinfachungsvorschl\u00e4ge wichtige Nachhaltigkeitsgesetze im Rahmen des Europ\u00e4ischen Green Deal schw\u00e4chen. <\/p>\n<p>\u201eIm Gegenteil, wenn wir unsere Wettbewerbsf\u00e4higkeit nicht st\u00e4rken, werden wir die uns bevorstehenden Klimaherausforderungen nicht bew\u00e4ltigen k\u00f6nnen,\u201c sagte sie und f\u00fcgte hinzu, dass die EU zu diesem Zweck eine starke Wirtschaft mit neuen gr\u00fcnen Technologien ben\u00f6tigt. <\/p>\n<p>\u201eDiese Technologien k\u00f6nnen nicht gedeihen, wenn wir kein gutes wirtschaftliches Umfeld haben, in dem es f\u00fcr Unternehmen einfach ist, zu wachsen und zu expandieren und Investitionen zu finden. Ich sehe diese Dinge also wirklich Hand in Hand.\u201c <\/p>\n<p>Bjerre begr\u00fc\u00dfte auch das digitale Omnibus-Paket der EU, das darauf abzielt, digitale Unternehmen wettbewerbsf\u00e4hig zu machen. Kritiker sagen, dass diese R\u00fccknahme des Ziels Europas, Vorreiter in der Technologiegesetzgebung zu werden, auf die Drohungen von US-Pr\u00e4sident Donald Trump zur\u00fcckzuf\u00fchren ist, Z\u00f6lle gegen L\u00e4nder zu verh\u00e4ngen, die er der Angriffe auf US-Technologieunternehmen beschuldigt. <\/p>\n<p>\u201eIch finde das ein ziemlich seltsames Argument,\u201c sagte Bjerre. \u201eEuropa ben\u00f6tigte eine bessere Wettbewerbsf\u00e4higkeit, egal ob wir Trump hatten oder nicht.\u201c Sie sagte, dies zeige sich auch im Bericht des vergangenen Jahres, der vom ehemaligen Pr\u00e4sidenten der Europ\u00e4ischen Zentralbank, Mario Draghi, verfasst wurde und in dem die \u00dcberregulierung als eine gro\u00dfe H\u00fcrde f\u00fcr das digitale Wachstum hervorgehoben wurde. <\/p>\n<p>D\u00e4nisches Modell<\/p>\n<p>Die d\u00e4nische Pr\u00e4sidentschaft leitete auch die Verhandlungen \u00fcber wichtige Entwicklungen in der Migrationspolitik, insbesondere<a href=\"https:\/\/www.euronews.com\/my-europe\/2025\/12\/11\/from-return-hubs-to-sanctions-for-smugglers-eu-strikes-harder-line-on-illegal-migration\" target=\"_blank\" rel=\"noopener\"> die Verabschiedung einer Vereinbarung<\/a> \u00fcber das Konzept des \u201esicheren Drittstaats\u201c, um eine externe Bearbeitung in \u201eR\u00fcckf\u00fchrungszentren\u201c und vorzeitige R\u00fcckf\u00fchrungen zu erm\u00f6glichen. <\/p>\n<p>\u201eDies war auch Teil unserer vorrangigen Ziele w\u00e4hrend der Pr\u00e4sidentschaft und es ist Teil der Bem\u00fchungen, Europa sicherer zu machen,\u201c sagte Bjerre. \u201eWir m\u00fcssen eine bessere Kontrolle \u00fcber die nach Europa kommenden Migranten haben und wir m\u00fcssen besser darin werden, irregul\u00e4re Migranten zur\u00fcckzuschicken.\u201c <\/p>\n<p>Die einst stark kritisierten \u201ehartlinigen\u201c Einwanderungspolitiken D\u00e4nemarks \u2013 bekannt als das d\u00e4nische Modell \u2013 werden nun \u00fcbernommen und beeinflussen die breitere EU-Politik. Laut Bjerre wird dies jedoch nicht in ausreichendem Ma\u00dfe umgesetzt. <\/p>\n<p>\u201eIch sehe, dass immer mehr L\u00e4nder mit unserem Ansatz in D\u00e4nemark in dieser Hinsicht \u00fcbereinstimmen, und es ist sehr gut, dass wir diese Vereinbarungen getroffen haben, aber wir haben immer noch viele Probleme. Wir haben immer noch Konventionen, die besagen, dass wir kriminellen Einwanderern besseren Schutz bieten m\u00fcssen als unseren eigenen B\u00fcrgern,\u201c sagte sie und verwies auf die Europ\u00e4ische Menschenrechtskonvention (EMRK). <\/p>\n<p>Mehrere EU-L\u00e4nder, darunter D\u00e4nemark, dr\u00e4ngen darauf, diese Konvention neu zu interpretieren, um es einfacher zu machen, Kriminelle und irregul\u00e4re Migranten abzuschieben. \u201eEs geht auch um Vertrauen und Vertrauen in unsere Demokratie. Wenn die Konvention und die Richter unsere Gesetze statt gew\u00e4hlter Politiker machen, werden wir das Vertrauen in unsere Demokratie verlieren, das ist also etwas, das wir ernst nehmen m\u00fcssen,\u201c f\u00fcgte Bjerre hinzu. <\/p>\n<p>Als sie gefragt wurde, worauf sich Zypern, das ab dem 1. Januar 2026 die EU-Pr\u00e4sidentschaft \u00fcbernehmen wird, konzentrieren sollte, erkl\u00e4rte Bjerre, dass die wichtigsten europ\u00e4ischen Themen ganz oben auf der Tagesordnung stehen sollten: Sicherheit und Verteidigung sowie Wettbewerbsf\u00e4higkeit. \u201eIch hoffe wirklich, dass die zyprische Pr\u00e4sidentschaft ihr Bestes daf\u00fcr geben wird. Ich bin sicher, dass sie es tun wird.\u201c <\/p>\n","protected":false},"excerpt":{"rendered":"Die Europ\u00e4ische Union hat unter der F\u00fchrung der d\u00e4nischen Pr\u00e4sidentschaft bemerkenswerte Fortschritte bei den f\u00fcr Kopenhagen als Priorit\u00e4ten&hellip;\n","protected":false},"author":2,"featured_media":668725,"comment_status":"","ping_status":"","sticky":false,"template":"","format":"standard","meta":{"footnotes":""},"categories":[3933],"tags":[331,332,1160,155735,7876,548,154584,663,49500,158,3934,3935,13,14,15,12],"class_list":{"0":"post-668724","1":"post","2":"type-post","3":"status-publish","4":"format-standard","5":"has-post-thumbnail","7":"category-eu","8":"tag-aktuelle-nachrichten","9":"tag-aktuelle-news","10":"tag-daenemark","11":"tag-daenische-politik","12":"tag-einwanderung","13":"tag-eu","14":"tag-eu-ratspraesidentschaft","15":"tag-europa","16":"tag-europaeische-politik","17":"tag-europaeische-union","18":"tag-europe","19":"tag-european-union","20":"tag-headlines","21":"tag-nachrichten","22":"tag-news","23":"tag-schlagzeilen"},"share_on_mastodon":{"url":"https:\/\/pubeurope.com\/@de\/115773824374173217","error":""},"_links":{"self":[{"href":"https:\/\/www.europesays.com\/de\/wp-json\/wp\/v2\/posts\/668724","targetHints":{"allow":["GET"]}}],"collection":[{"href":"https:\/\/www.europesays.com\/de\/wp-json\/wp\/v2\/posts"}],"about":[{"href":"https:\/\/www.europesays.com\/de\/wp-json\/wp\/v2\/types\/post"}],"author":[{"embeddable":true,"href":"https:\/\/www.europesays.com\/de\/wp-json\/wp\/v2\/users\/2"}],"replies":[{"embeddable":true,"href":"https:\/\/www.europesays.com\/de\/wp-json\/wp\/v2\/comments?post=668724"}],"version-history":[{"count":0,"href":"https:\/\/www.europesays.com\/de\/wp-json\/wp\/v2\/posts\/668724\/revisions"}],"wp:featuredmedia":[{"embeddable":true,"href":"https:\/\/www.europesays.com\/de\/wp-json\/wp\/v2\/media\/668725"}],"wp:attachment":[{"href":"https:\/\/www.europesays.com\/de\/wp-json\/wp\/v2\/media?parent=668724"}],"wp:term":[{"taxonomy":"category","embeddable":true,"href":"https:\/\/www.europesays.com\/de\/wp-json\/wp\/v2\/categories?post=668724"},{"taxonomy":"post_tag","embeddable":true,"href":"https:\/\/www.europesays.com\/de\/wp-json\/wp\/v2\/tags?post=668724"}],"curies":[{"name":"wp","href":"https:\/\/api.w.org\/{rel}","templated":true}]}}