{"id":668743,"date":"2025-12-24T09:34:17","date_gmt":"2025-12-24T09:34:17","guid":{"rendered":"https:\/\/www.europesays.com\/de\/668743\/"},"modified":"2025-12-24T09:34:17","modified_gmt":"2025-12-24T09:34:17","slug":"positive-bilanz-christkindlesmarkt-2025-mit-rund-zwei-millionen-gaesten","status":"publish","type":"post","link":"https:\/\/www.europesays.com\/de\/668743\/","title":{"rendered":"Positive Bilanz: Christkindlesmarkt 2025 mit rund zwei Millionen G\u00e4sten"},"content":{"rendered":"<ul class=\"content-meta\">\n<li>24. Dezember 2025, 10:05\u00a0Uhr<\/li>\n<\/ul>\n<p>                            <img class=\"imagecontainer\" loading=\"eager\" fetchpriority=\"auto\" decoding=\"auto\" data-aspect-ratio=\"0.666666667\" src=\"https:\/\/www.europesays.com\/de\/wp-content\/uploads\/2025\/12\/455331_L.webp\" style=\"object-position: 52% 58%;\" data-object-position=\"52% 58%\" alt=\"Auch in diesem Jahr besuchten wieder rund zwei Millionen Menschen den N\u00fcrnberger Christkindlesmarkt.  | Foto: \u00a9 Jan Schuler\/stock.adobe.com\"\/><\/p>\n<p><b>N\u00dcRNBERG (pm\/nf) &#8211; Am Mittwoch, 24. Dezember, endet um 14 Uhr der N\u00fcrnberger Christkindlesmarkt 2025, der auch in diesem Jahr wieder rund zwei Millionen Besucherinnen und Besucher verzeichnet. <\/b><\/p>\n<p>N\u00fcrnbergs Wirtschafts- und Wissenschaftsreferentin Dr. Andrea Heilmaier, zu deren Gesch\u00e4ftsbereich die N\u00fcrnberger M\u00e4rkte geh\u00f6ren, zieht eine positive Bilanz: \u201eIch bin dankbar, dass wir auf einen rundum gelungenen Christkindlesmarkt zur\u00fcckblicken d\u00fcrfen. Der N\u00fcrnberger Christkindlesmarkt hat auch 2025 wieder gezeigt, welche besondere Strahlkraft er besitzt. Die einzigartige Atmosph\u00e4re, das liebevoll gestaltete Angebot und die gro\u00dfe Gastfreundschaft haben Menschen aus aller Welt ber\u00fchrt und begeistert. Dieses besondere Zusammenspiel aus Tradition und Qualit\u00e4t macht den Markt so wertvoll \u2013 und genau das wollen wir mit gro\u00dfer Sorgfalt bewahren und behutsam weiterentwickeln.\u201c<\/p>\n<p>Auch f\u00fcr die H\u00e4ndlerinnen und H\u00e4ndler war der Christkindlesmarkt 2025 wirtschaftlich erfolgreich und von guten Ums\u00e4tzen gepr\u00e4gt. Besonders hervorgehoben wurde von allen Beteiligten die friedliche und stimmungsvolle Atmosph\u00e4re auf dem Markt. Sehr positiv entwickelte sich in diesem Jahr zudem die Ausgestaltung der Buden. Viele Marktkaufleute nahmen optische Verbesserungen vor und trugen so zu einem noch harmonischeren Gesamtbild bei.<\/p>\n<p>\u201eDer N\u00fcrnberger Christkindlesmarkt verlief auch in diesem Jahr aus touristischer Sicht erfolgreich\u201c, so Yvonne Coulin, Gesch\u00e4ftsf\u00fchrerin der Congress- und Tourismus-Zentrale N\u00fcrnberg. \u201eDie Nachfrage in der Hotellerie war gut. Auch die Tourist Informationen suchten t\u00e4glich rund 1100 Besucherinnen und Besucher auf. Besonders erfreulich ist das gro\u00dfe Interesse internationaler Blogger und Influencer, welches das nachhaltige Medieninteresse am Christkindlesmarkt und an N\u00fcrnberg zeigt.\u201c<\/p>\n<p>                <a id=\"like-anchor\"\/><\/p>\n<p>                    Dieser Inhalt gef\u00e4llt Ihnen?<\/p>\n<p>Melden Sie sich an, um diesen Inhalt mit \u00abGef\u00e4llt mir\u00bb zu markieren.<\/p>\n<p>            \u00d7<\/p>\n<p>        <a href=\"#\" data-trigger-click-on-space-or-enter=\"\" class=\"button ggm-like-button hollow\" title=\"Gef\u00e4llt mir\" data-open=\"like-conversion-694bb3928583c\"><\/p>\n<p>        <\/a><\/p>\n<p>\n        Gef\u00e4llt <strong>0<\/strong> mal<br \/>\n        0\n    <\/p>\n<p>            <a href=\"https:\/\/www.marktspiegel.de\/nuernberg\/profile-126\/nicole-fuchsbauer\" class=\"stop-click-event-propagation\" rel=\"nofollow noopener\" target=\"_blank\">    <\/p>\n<p>                                                                            <img class=\"imagecontainer\" decoding=\"auto\" data-aspect-ratio=\"https:\/\/www.marktspiegel.de\/nuernberg\/c-lokales\/1\" src=\"https:\/\/media04.marktspiegel.de\/user\/2020\/10\/02\/8\/2898_L.jpg?1729248456\" style=\"object-position: 50% 50%;\" data-object-position=\"50% 50%\" bad-src=\"data:image\/gif;base64,R0lGODlhAQABAIAAAAAAAP\/\/\/yH5BAEAAAAALAAAAAABAAEAAAIBRAA7\"\/><\/p>\n<p>        <\/a><\/p>\n<p>                    Sie m\u00f6chten diesem Profil folgen?<\/p>\n<p>Verpassen Sie nicht die neuesten Inhalte von diesem Profil: Melden Sie sich an, um neuen Inhalten von Profilen und Orten in Ihrem <strong>pers\u00f6nlichen Feed<\/strong> zu folgen.<\/p>\n<p>            \u00d7<\/p>\n<p>\n            <strong>29<\/strong> folgen diesem Profil\n        <\/p>\n<p>        <a href=\"https:\/\/www.almburschen.de\/discount\/marktspiegel15\" rel=\"nofollow noopener\" target=\"_blank\">&#13;<br \/>\n    <img decoding=\"async\" src=\"https:\/\/www.europesays.com\/de\/wp-content\/uploads\/2025\/12\/almburschen.jpg\" alt=\"15% mit Code marktspiegel\"\/>&#13;<br \/>\n<\/a>&#13;<br \/>\n<\/p>\n<p>        \u00d7<\/p>\n<p>    Video einbetten<\/p>\n<p class=\"help\">Es k\u00f6nnen nur einzelne Videos der jeweiligen Plattformen eingebunden werden, nicht jedoch Playlists, Streams oder \u00dcbersichtsseiten.<\/p>\n<p>        \u00d7<\/p>\n<p>    Code einbetten<\/p>\n<p>        Funktionalit\u00e4t des eingebetteten Codes ohne Gew\u00e4hr. Bitte Einbettungen f\u00fcr Video, Social, Link und Maps mit dem vom System vorgesehenen Einbettungsfuntkionen vornehmen.\n    <\/p>\n<p>                    Sie m\u00f6chten selbst beitragen?<\/p>\n<p>Melden Sie sich jetzt kostenlos an, um selbst mit eigenen Inhalten beizutragen.<\/p>\n<p>            \u00d7<\/p>\n","protected":false},"excerpt":{"rendered":"24. Dezember 2025, 10:05\u00a0Uhr N\u00dcRNBERG (pm\/nf) &#8211; Am Mittwoch, 24. Dezember, endet um 14 Uhr der N\u00fcrnberger Christkindlesmarkt&hellip;\n","protected":false},"author":2,"featured_media":668744,"comment_status":"","ping_status":"","sticky":false,"template":"","format":"standard","meta":{"footnotes":""},"categories":[1837],"tags":[772,3364,29,30,3783],"class_list":{"0":"post-668743","1":"post","2":"type-post","3":"status-publish","4":"format-standard","5":"has-post-thumbnail","7":"category-nuernberg","8":"tag-bayern","9":"tag-de","10":"tag-deutschland","11":"tag-germany","12":"tag-nuernberg"},"share_on_mastodon":{"url":"https:\/\/pubeurope.com\/@de\/115773864259978482","error":""},"_links":{"self":[{"href":"https:\/\/www.europesays.com\/de\/wp-json\/wp\/v2\/posts\/668743","targetHints":{"allow":["GET"]}}],"collection":[{"href":"https:\/\/www.europesays.com\/de\/wp-json\/wp\/v2\/posts"}],"about":[{"href":"https:\/\/www.europesays.com\/de\/wp-json\/wp\/v2\/types\/post"}],"author":[{"embeddable":true,"href":"https:\/\/www.europesays.com\/de\/wp-json\/wp\/v2\/users\/2"}],"replies":[{"embeddable":true,"href":"https:\/\/www.europesays.com\/de\/wp-json\/wp\/v2\/comments?post=668743"}],"version-history":[{"count":0,"href":"https:\/\/www.europesays.com\/de\/wp-json\/wp\/v2\/posts\/668743\/revisions"}],"wp:featuredmedia":[{"embeddable":true,"href":"https:\/\/www.europesays.com\/de\/wp-json\/wp\/v2\/media\/668744"}],"wp:attachment":[{"href":"https:\/\/www.europesays.com\/de\/wp-json\/wp\/v2\/media?parent=668743"}],"wp:term":[{"taxonomy":"category","embeddable":true,"href":"https:\/\/www.europesays.com\/de\/wp-json\/wp\/v2\/categories?post=668743"},{"taxonomy":"post_tag","embeddable":true,"href":"https:\/\/www.europesays.com\/de\/wp-json\/wp\/v2\/tags?post=668743"}],"curies":[{"name":"wp","href":"https:\/\/api.w.org\/{rel}","templated":true}]}}