{"id":668812,"date":"2025-12-24T10:18:16","date_gmt":"2025-12-24T10:18:16","guid":{"rendered":"https:\/\/www.europesays.com\/de\/668812\/"},"modified":"2025-12-24T10:18:16","modified_gmt":"2025-12-24T10:18:16","slug":"niclas-fuellkrug-dieser-wechsel-soll-die-wm-chancen-des-dfb-stuermers-retten-welt","status":"publish","type":"post","link":"https:\/\/www.europesays.com\/de\/668812\/","title":{"rendered":"Niclas F\u00fcllkrug: Dieser Wechsel soll die WM-Chancen des DFB-St\u00fcrmers retten &#8211; WELT"},"content":{"rendered":"<ol>\n<li><a href=\"https:\/\/news.google.com\/rss\/articles\/CBMi_gFBVV95cUxNVDhzN0RWelhKdmVDd2ZKNC1VOGkyelg4bWYzc29wRmVyNDMxQ1k2LXZqZG9YTjZVekxYcndQdC1FZ1gzeDdVakpMMnNfci03TVl0Vmg5VlFMMXNGTElzVXp3LTQyQ1dZRGhONWFEYnNTMXc2VEVfREUxRUJjQWhabVhhUzVHdjZlR3FqVVFHZzhZN2YwUlU3NmZWa190dml2aGFfTll0ZHhpdFdRNHhxeTQ3a05kQnFRNnh5QmhlT19mX0lJOFREX2lTLWgtbE9GZ2VmLU9TSXVJcF9US21NSmp3MF9ZUGU1R3dIQWxQdGl6aHZnUWZBblBUZGRHdw?oc=5\" target=\"_blank\" rel=\"noopener\">Niclas F\u00fcllkrug: Dieser Wechsel soll die WM-Chancen des DFB-St\u00fcrmers retten<\/a>&nbsp;&nbsp;WELT<\/li>\n<li><a href=\"https:\/\/news.google.com\/rss\/articles\/CBMi1wFBVV95cUxQZ0ZxR2xKczNjNW9zVXYxaW5FVy1lWlBVaW0yZWl5dEZCdkJBeHR0Y0kyNTRPbVNnM3ZtTjhZMERWcW5Rb3ZqaHh6VDV3UldNRWQ0cHM3MzVSd1VwVHR0TVNvWEN3WThhVEFCYVlya3A1czJCVEZ5UG9ONHZaTHpJZVBUM21TTnlsV3o1OWl1M0k0eVA2a0VlT3hZYzFsNElySFdtVlFUOHY5eUVRbEYyd0hyMEk1UVB5bktkV2NualVFZFpySjU0TG1NRUJKZGtHUlh6UVBuaw?oc=5\" target=\"_blank\" rel=\"noopener\">Milan kann F\u00fcllkrug f\u00fcr diese Summe kaufen \u2013 DFB-Star auf Leihbasis nach Mailand<\/a>&nbsp;&nbsp;BILD<\/li>\n<li><a href=\"https:\/\/news.google.com\/rss\/articles\/CBMiwgFBVV95cUxOckY1d2tuaUZoQXJENVdmN2llcFVaTmxEelgzZU5CN3A1Q1ZNUk5rek5lTVhYUmF4eS0zN3JEWUJ5LVdrMTJwVkRiSExtcmJ2eW1TeFhsTjNaU083OEY1TjdiZmh1emRNS3F2MFY1czN6QXdNQWpOWHg0U3dtSzJ4Uk9ZcnVvSGNYWkN2cjl2MXdRZEE3d18zVVRFczRwQU9keXhlcWRMd2lBREtMbDNROWF6ZUNPQWxTVDRDcXBQQnRRUQ?oc=5\" target=\"_blank\" rel=\"noopener\">F\u00fcllkrug vollendet Medizincheck in Mailand \u2013 Unklarheit \u00fcber H\u00f6he der Kaufoption<\/a>&nbsp;&nbsp;Transfermarkt<\/li>\n<li><a href=\"https:\/\/news.google.com\/rss\/articles\/CBMiogFBVV95cUxQLThjMEpyekVvdFhncnRlUHJxNk50MmZqY1J2YzR6T2J2WV92Tms3dHppcmNaX2FySGI2N0t5dkUzeENMbTc1aTBSSWZjMkdPNXRSOThNUDc1R0w3d0l0R1d1ZUdoLS1yMWxoZTg5OHNTVVp0dkl2VUtmRFRVRDhPLWlBMlVPOHlTUHo5VFNSRWZkNHJpWnFzYWFDdUQyMk1VdkE?oc=5\" target=\"_blank\" rel=\"noopener\">&#8222;Er ist ein Anf\u00fchrer&#8220;: Bierhoff lobt F\u00fcllkrug vor Milan-Wechsel<\/a>&nbsp;&nbsp;Kicker<\/li>\n<li><a href=\"https:\/\/news.google.com\/rss\/articles\/CBMikgFBVV95cUxNdlJwd2lFa3Z3cTlqTXBhaTJSYm8tVUNmamxGMGVBMEQwdGJPcFBTcExZbnNFUlk1a1JXWUtRUTNoTE1rWm5CVVlQUXh3UW1KY282cWtnbzRLSXBrMElnSk1TbDZHRk5VRkVXSHRCNE5uakNwdnJQMGgxaDg4X2NHNERzOVV6d2JyUnFmZzVuQmxzZw?oc=5\" target=\"_blank\" rel=\"noopener\">Serie A: Dickes Lob f\u00fcr &#8222;Anf\u00fchrer&#8220; Niclas F\u00fcllkrug<\/a>&nbsp;&nbsp;sport.de<\/li>\n<\/ol>\n","protected":false},"excerpt":{"rendered":"Niclas F\u00fcllkrug: Dieser Wechsel soll die WM-Chancen des DFB-St\u00fcrmers retten&nbsp;&nbsp;WELT Milan kann F\u00fcllkrug f\u00fcr diese Summe kaufen \u2013&hellip;\n","protected":false},"author":2,"featured_media":6787,"comment_status":"","ping_status":"","sticky":false,"template":"","format":"standard","meta":{"footnotes":""},"categories":[136],"tags":[29,30,265],"class_list":{"0":"post-668812","1":"post","2":"type-post","3":"status-publish","4":"format-standard","5":"has-post-thumbnail","7":"category-sport","8":"tag-deutschland","9":"tag-germany","10":"tag-sport"},"share_on_mastodon":{"url":"https:\/\/pubeurope.com\/@de\/115774036696230902","error":""},"_links":{"self":[{"href":"https:\/\/www.europesays.com\/de\/wp-json\/wp\/v2\/posts\/668812","targetHints":{"allow":["GET"]}}],"collection":[{"href":"https:\/\/www.europesays.com\/de\/wp-json\/wp\/v2\/posts"}],"about":[{"href":"https:\/\/www.europesays.com\/de\/wp-json\/wp\/v2\/types\/post"}],"author":[{"embeddable":true,"href":"https:\/\/www.europesays.com\/de\/wp-json\/wp\/v2\/users\/2"}],"replies":[{"embeddable":true,"href":"https:\/\/www.europesays.com\/de\/wp-json\/wp\/v2\/comments?post=668812"}],"version-history":[{"count":0,"href":"https:\/\/www.europesays.com\/de\/wp-json\/wp\/v2\/posts\/668812\/revisions"}],"wp:featuredmedia":[{"embeddable":true,"href":"https:\/\/www.europesays.com\/de\/wp-json\/wp\/v2\/media\/6787"}],"wp:attachment":[{"href":"https:\/\/www.europesays.com\/de\/wp-json\/wp\/v2\/media?parent=668812"}],"wp:term":[{"taxonomy":"category","embeddable":true,"href":"https:\/\/www.europesays.com\/de\/wp-json\/wp\/v2\/categories?post=668812"},{"taxonomy":"post_tag","embeddable":true,"href":"https:\/\/www.europesays.com\/de\/wp-json\/wp\/v2\/tags?post=668812"}],"curies":[{"name":"wp","href":"https:\/\/api.w.org\/{rel}","templated":true}]}}