{"id":668817,"date":"2025-12-24T10:22:34","date_gmt":"2025-12-24T10:22:34","guid":{"rendered":"https:\/\/www.europesays.com\/de\/668817\/"},"modified":"2025-12-24T10:22:34","modified_gmt":"2025-12-24T10:22:34","slug":"libyscher-armeechef-stirbt-bei-flugzeugabsturz-politik","status":"publish","type":"post","link":"https:\/\/www.europesays.com\/de\/668817\/","title":{"rendered":"Libyscher Armeechef stirbt bei Flugzeugabsturz | Politik"},"content":{"rendered":"<p>Ankara\/Tripolis \u2013 <b>Schock f\u00fcr Libyen: Der Generalstabschef der libyschen Armee, Mohammed Ali Ahmed Al-Haddad, ist am Dienstag bei einem Flugzeugabsturz in der T\u00fcrkei ums Leben gekommen. Insgesamt seien vier weitere Menschen mitgeflogen \u2013 darunter der Kommandeur der libyschen Bodentruppen, wie Libyens Ministerpr\u00e4sident Abdulhamid Dbeibah mitteilte.<\/b><\/p>\n<p>Das Ungl\u00fcck ereignete sich kurz nach dem Start in der t\u00fcrkischen Hauptstadt Ankara. Nach Angaben des t\u00fcrkischen Innenministers Ali Yerlikaya verlor die Flugverkehrskontrolle um 17.52 Uhr den Kontakt zu der Maschine vom Typ Dassault Falcon 50. Zuvor habe die Besatzung noch eine Notlandung angek\u00fcndigt. Das Wrack wurde sp\u00e4ter in der N\u00e4he des Dorfes Kesikkavak im Bezirk Haymana von Ankara entdeckt. Die Ursache des Absturzes war zun\u00e4chst unklar.<\/p>\n<p><img decoding=\"async\" width=\"992\" height=\"558\" alt=\"T\u00fcrkische Armeeoffiziere und Rettungsteams suchen nach den \u00dcberresten des Privatjets\" src=\"https:\/\/www.europesays.com\/de\/wp-content\/uploads\/2025\/12\/f0afe918dc2e9aabd31ce2ee39f234c7,7bce26c9\"   class=\"landscape\" loading=\"lazy\"\/><\/p>\n<p class=\"fig__caption__text\">T\u00fcrkische Armeeoffiziere und Rettungsteams suchen nach den \u00dcberresten des Privatjets<\/p>\n<p>Foto: Efekan Akyuz\/AP\/dpa<\/p>\n<p>Al-Haddad war zu einem offiziellen Besuch in der T\u00fcrkei und hatte dort unter anderem den t\u00fcrkischen Verteidigungsminister Yasar Guler getroffen. Der Absturz passierte nur einen Tag, nachdem das t\u00fcrkische Parlament das Mandat f\u00fcr den Einsatz t\u00fcrkischer Soldaten in Libyen um zwei weitere Jahre verl\u00e4ngert hatte.<\/p>\n<p>\u25ba Das Nato-Mitglied T\u00fcrkei unterst\u00fctzt die international anerkannte Regierung in Tripolis seit Jahren milit\u00e4risch und politisch. Bereits 2020 entsandte Ankara Milit\u00e4rpersonal zur Ausbildung und Unterst\u00fctzung der Regierung. Sp\u00e4ter folgte ein von \u00c4gypten und Griechenland angefochtenes Abkommen \u00fcber die Seegrenzen. Zuletzt schlossen Ankara und Tripolis zudem ein vorl\u00e4ufiges Energie-Abkommen, das ebenfalls auf den Widerstand der beiden Nachbarl\u00e4nder st\u00f6\u00dft.<\/p>\n","protected":false},"excerpt":{"rendered":"Ankara\/Tripolis \u2013 Schock f\u00fcr Libyen: Der Generalstabschef der libyschen Armee, Mohammed Ali Ahmed Al-Haddad, ist am Dienstag bei&hellip;\n","protected":false},"author":2,"featured_media":668818,"comment_status":"","ping_status":"","sticky":false,"template":"","format":"standard","meta":{"footnotes":""},"categories":[3],"tags":[76644,155748,13,37860,155747,14,15,12,45,10,8,9,11,91067,103,104],"class_list":{"0":"post-668817","1":"post","2":"type-post","3":"status-publish","4":"format-standard","5":"has-post-thumbnail","7":"category-welt","8":"tag-erdogan-recep-tayyip","9":"tag-gaddafi-muammar","10":"tag-headlines","11":"tag-libyen","12":"tag-libyen-krise","13":"tag-nachrichten","14":"tag-news","15":"tag-schlagzeilen","16":"tag-texttospeech","17":"tag-top-news","18":"tag-top-meldungen","19":"tag-topmeldungen","20":"tag-topnews","21":"tag-tripolis","22":"tag-welt","23":"tag-world"},"share_on_mastodon":{"url":"https:\/\/pubeurope.com\/@de\/115774054286290487","error":""},"_links":{"self":[{"href":"https:\/\/www.europesays.com\/de\/wp-json\/wp\/v2\/posts\/668817","targetHints":{"allow":["GET"]}}],"collection":[{"href":"https:\/\/www.europesays.com\/de\/wp-json\/wp\/v2\/posts"}],"about":[{"href":"https:\/\/www.europesays.com\/de\/wp-json\/wp\/v2\/types\/post"}],"author":[{"embeddable":true,"href":"https:\/\/www.europesays.com\/de\/wp-json\/wp\/v2\/users\/2"}],"replies":[{"embeddable":true,"href":"https:\/\/www.europesays.com\/de\/wp-json\/wp\/v2\/comments?post=668817"}],"version-history":[{"count":0,"href":"https:\/\/www.europesays.com\/de\/wp-json\/wp\/v2\/posts\/668817\/revisions"}],"wp:featuredmedia":[{"embeddable":true,"href":"https:\/\/www.europesays.com\/de\/wp-json\/wp\/v2\/media\/668818"}],"wp:attachment":[{"href":"https:\/\/www.europesays.com\/de\/wp-json\/wp\/v2\/media?parent=668817"}],"wp:term":[{"taxonomy":"category","embeddable":true,"href":"https:\/\/www.europesays.com\/de\/wp-json\/wp\/v2\/categories?post=668817"},{"taxonomy":"post_tag","embeddable":true,"href":"https:\/\/www.europesays.com\/de\/wp-json\/wp\/v2\/tags?post=668817"}],"curies":[{"name":"wp","href":"https:\/\/api.w.org\/{rel}","templated":true}]}}