{"id":668819,"date":"2025-12-24T10:23:33","date_gmt":"2025-12-24T10:23:33","guid":{"rendered":"https:\/\/www.europesays.com\/de\/668819\/"},"modified":"2025-12-24T10:23:33","modified_gmt":"2025-12-24T10:23:33","slug":"wetterprognose-kaelteste-weihnachten-seit-15-jahren-erwartet","status":"publish","type":"post","link":"https:\/\/www.europesays.com\/de\/668819\/","title":{"rendered":"Wetterprognose: K\u00e4lteste Weihnachten seit 15 Jahren erwartet"},"content":{"rendered":"<p class=\"paragraph article__item\">Das diesj\u00e4hrige <a href=\"https:\/\/www.zeit.de\/2025\/54\/streit-weihnachten-familie-politische-diskussion-konflikte-lisa-chen\" class=\"\" target=\"_blank\" rel=\"noopener\">Weihnachtsfest<\/a> k\u00f6nnte laut dem Deutschen Wetterdienst (DWD) zwar sehr kalt werden \u2013 aber wahrscheinlich ohne gro\u00dfen Schneefall bleiben. Lediglich in einigen Gebieten in S\u00fcddeutschland bestehen den Prognosen zufolge Chancen auf Schnee in kleineren Mengen.\n<\/p>\n<p class=\"paragraph article__item\">&#8222;Die Wahrscheinlichkeit f\u00fcr wei\u00dfe Weihnachten ist in den letzten<br \/>\nJahrzehnten deutlich gesunken&#8220;, sagte DWD-Experte Andreas Walter. Im S\u00fcden sowie in Mittelgebirgslagen kann dennoch in einzelnen<br \/>\nGebieten mit einer d\u00fcnnen Neuschneedecke gerechnet werden.<br \/>\nVor allem s\u00fcdlich der Donau und im Bergland kommen zwischen einem und<br \/>\ndrei Zentimeter, \u00f6rtlich sogar bis zu f\u00fcnf Zentimeter Neuschnee<br \/>\nzusammen.\u00a0\n<\/p>\n<p class=\"paragraph article__item\">Zuletzt habe es 2010 eine Schneedecke von mindestens einem Zentimeter an allen drei<br \/>\n<a href=\"https:\/\/www.zeit.de\/familie\/2025-12\/machtverhaeltnisse-familie-weihnachten-feiertag-fest\" class=\"\" target=\"_blank\" rel=\"noopener\">Weihnachtstagen<\/a>\u00a0auch im deutschen Tiefland gegeben, sagt Walter. Vergleiche man die 30-j\u00e4hrigen Zeitr\u00e4ume 1961 bis 1990 und 1991 bis<br \/>\n2020, sehe man einen R\u00fcckgang der Schneewahrscheinlichkeit von 15 bis<br \/>\n40 Prozent.\n<\/p>\n<p>        \u00d6rtlich Gl\u00e4tte m\u00f6glich        <\/p>\n<p class=\"paragraph article__item\">Der DWD prognostiziert \u00fcber die Feiertage eine Durchschnittstemperatur\u00a0von etwa minus 2 bis minus 3 Grad.\u00a0&#8222;Wenn wir alle drei Tage nehmen, wird<br \/>\ndieses Weihnachten wohl das k\u00e4lteste seit 15 Jahren&#8220;, sagte Meteorologe<br \/>\nNico Bauer. Das liegt auch daran, dass\u00a0die<br \/>\n Temperaturen der vergangenen Weihnachtsfeste eher mild ausfielen.\n<\/p>\n<p class=\"paragraph article__item\">Am Morgen gibt es laut dem DWD an vielen Orten Frost bis minus drei Grad, in h\u00f6heren<br \/>\n Lagen bis minus sechs Grad. Lokal kann es Gl\u00e4tte geben.\u00a0\n<\/p>\n<p class=\"paragraph article__item\">In den kommenden Tagen str\u00f6mt deutlich k\u00e4ltere, aber trockene Frostluft aus Osteuropa nach Deutschland. In der Nacht auf den ersten Weihnachtsfeiertag sinken die Tiefstwerte verbreitet auf minus eins bis minus neun Grad. Ausgenommen davon sind nur die\u00a0Nordseeinseln. Im Osten sind \u00f6rtlich bis zu minus zw\u00f6lf Grad m\u00f6glich. Am Donnerstag und am Freitag ist es vielerorts sonnig und trocken.\u00a0\n<\/p>\n<p>            Wetter        <\/p>\n<p>Mehr zum Thema<\/p>\n<p>                <a href=\"https:\/\/www.zeit.de\/gesellschaft\/zeitgeschehen\/2025-12\/wetter-weisse-weihnachten-chancen-deutschland\" data-ct-label=\"Wetter an Heiligabend: Deutscher Wetterdienst sieht Chance auf &quot;angezuckerte&quot; Weihnachten\" target=\"_blank\" rel=\"noopener\"><\/p>\n<p>                        Wetter an Heiligabend:<br \/>\n                        Deutscher Wetterdienst sieht Chance auf &#8222;angezuckerte&#8220; Weihnachten<\/p>\n<p>                <\/a><\/p>\n<p>                <a href=\"https:\/\/www.zeit.de\/wissen\/umwelt\/2025-12\/weisse-weihnachten-deutschland-schnee-wintereinbruch-wahrscheinlichkeit-gxe\" data-ct-label=\"Wintereinbruch: Schneesicherheit an Heiligabend dieses Jahr nur auf der Zugspitze\" target=\"_blank\" rel=\"noopener\"><\/p>\n<p>                        Wintereinbruch:<br \/>\n                        Schneesicherheit an Heiligabend dieses Jahr nur auf der Zugspitze<\/p>\n<p>                <\/a><\/p>\n<p>                <a href=\"https:\/\/www.zeit.de\/wissen\/umwelt\/2025-12\/globale-erwaermung-copernicus-2025-dezember-waermstes-jahr-gxe\" data-ct-label=\"Globale Erw\u00e4rmung: 2025 k\u00f6nnte zweitw\u00e4rmstes Jahr seit Beginn der Aufzeichnungen werden\" target=\"_blank\" rel=\"noopener\"><\/p>\n<p>                        Globale Erw\u00e4rmung:<br \/>\n                        2025 k\u00f6nnte zweitw\u00e4rmstes Jahr seit Beginn der Aufzeichnungen werden<\/p>\n<p>                <\/a><\/p>\n","protected":false},"excerpt":{"rendered":"Das diesj\u00e4hrige Weihnachtsfest k\u00f6nnte laut dem Deutschen Wetterdienst (DWD) zwar sehr kalt werden \u2013 aber wahrscheinlich ohne gro\u00dfen&hellip;\n","protected":false},"author":2,"featured_media":668820,"comment_status":"","ping_status":"","sticky":false,"template":"","format":"standard","meta":{"footnotes":""},"categories":[2],"tags":[29,4906,2415,30,13,14,15,12,10,8,9,11,12289,1973,5415,4951,591],"class_list":{"0":"post-668819","1":"post","2":"type-post","3":"status-publish","4":"format-standard","5":"has-post-thumbnail","7":"category-deutschland","8":"tag-deutschland","9":"tag-dwd","10":"tag-feiertag","11":"tag-germany","12":"tag-headlines","13":"tag-nachrichten","14":"tag-news","15":"tag-schlagzeilen","16":"tag-top-news","17":"tag-top-meldungen","18":"tag-topmeldungen","19":"tag-topnews","20":"tag-weihnachten","21":"tag-wetter","22":"tag-wetterprognose","23":"tag-winter","24":"tag-wissen"},"share_on_mastodon":{"url":"https:\/\/pubeurope.com\/@de\/115774056247239120","error":""},"_links":{"self":[{"href":"https:\/\/www.europesays.com\/de\/wp-json\/wp\/v2\/posts\/668819","targetHints":{"allow":["GET"]}}],"collection":[{"href":"https:\/\/www.europesays.com\/de\/wp-json\/wp\/v2\/posts"}],"about":[{"href":"https:\/\/www.europesays.com\/de\/wp-json\/wp\/v2\/types\/post"}],"author":[{"embeddable":true,"href":"https:\/\/www.europesays.com\/de\/wp-json\/wp\/v2\/users\/2"}],"replies":[{"embeddable":true,"href":"https:\/\/www.europesays.com\/de\/wp-json\/wp\/v2\/comments?post=668819"}],"version-history":[{"count":0,"href":"https:\/\/www.europesays.com\/de\/wp-json\/wp\/v2\/posts\/668819\/revisions"}],"wp:featuredmedia":[{"embeddable":true,"href":"https:\/\/www.europesays.com\/de\/wp-json\/wp\/v2\/media\/668820"}],"wp:attachment":[{"href":"https:\/\/www.europesays.com\/de\/wp-json\/wp\/v2\/media?parent=668819"}],"wp:term":[{"taxonomy":"category","embeddable":true,"href":"https:\/\/www.europesays.com\/de\/wp-json\/wp\/v2\/categories?post=668819"},{"taxonomy":"post_tag","embeddable":true,"href":"https:\/\/www.europesays.com\/de\/wp-json\/wp\/v2\/tags?post=668819"}],"curies":[{"name":"wp","href":"https:\/\/api.w.org\/{rel}","templated":true}]}}