{"id":668837,"date":"2025-12-24T10:41:24","date_gmt":"2025-12-24T10:41:24","guid":{"rendered":"https:\/\/www.europesays.com\/de\/668837\/"},"modified":"2025-12-24T10:41:24","modified_gmt":"2025-12-24T10:41:24","slug":"heiligabend-in-mannheim-gemeinsamen-drinnen-und-draussen-feiern","status":"publish","type":"post","link":"https:\/\/www.europesays.com\/de\/668837\/","title":{"rendered":"Heiligabend in Mannheim \u2013 gemeinsamen drinnen und drau\u00dfen feiern"},"content":{"rendered":"<p><b>Mannheim.<\/b> Am Adventskalender ist das letzte T\u00fcrchen ge\u00f6ffnet &#8211; Weihnachten steht vor der T\u00fcr. Katholische und evangelische Gemeinden laden Gro\u00df und Klein ein, das Fest der Liebe miteinander zu feiern: In Familiengottesdiensten mit Krippenspielen, Weihnachtsmusicals, stimmungsvollen Christvespern und sp\u00e4tabendlichen Christmetten. Auch in Krankenh\u00e4usern, bei der Bahnhofsmission und auf Friedh\u00f6fen finden Feiern statt sowie offene Weihnachten in zwei Kirchen. Die ganze F\u00fclle der Angebote von 11 Uhr bis 23 Uhr finden sich auf den Homepages der Evangelischen Kirche (<a href=\"https:\/\/www.ekma.de\/adventskalender\" onclick=\"window.open(this.href); return false;\" rel=\"nofollow noopener\" target=\"_blank\">www.ekma.de\/adventskalender<\/a>) und der Katholischen Kirche (<a href=\"https:\/\/www.kathma.de\/gottesdienste\" onclick=\"window.open(this.href); return false;\" rel=\"nofollow noopener\" target=\"_blank\">www.kathma.de\/gottesdienste<\/a>). <\/p>\n<p>Weihnachten hei\u00dft: Wir sind nicht allein<\/p>\n<p>F\u00fcr Karl Jung und Ralph Hartmann ist es das letzte Weihnachtsfest in ihrer Funktion als Dekane der Katholischen beziehungsweise der Evangelischen Kirche in Mannheim. F\u00fcr beide ist es ein Fest voller Frieden, Hoffnung und Licht. Denn das Kind in der Krippe lade dazu ein, dem Geheimnis von Weihnachten nahe zu kommen. \u201eGott ist nicht fern. Er ist Mensch geworden \u2013 in einem Kind, ganz nah bei uns\u201c, betonen sie in ihrer Weihnachtsbotschaft. Das erklinge besonders auch in den Liedern, die in den Weihnachtsgottesdiensten gesungen w\u00fcrden.<\/p>\n<p>Die Weihnachtsfreude ist an Heiligabend und den Feiertagen in den Gottesdiensten deutlich h\u00f6rbar. Kirchenmusikalische Sch\u00e4tze zaubern zus\u00e4tzlichen Glanz in die Kirchenschiffe. Und die Gemeindemitglieder k\u00f6nnen ebenfalls in diesen festlich-musikalischen Reigen einstimmen. Zahlreiche evangelische und katholischen Gemeinden bieten am 26. und 28. Dezember daf\u00fcr auch Feiern mit \u201eWunschliedersingen\u201c an.  <\/p>\n<p>F\u00fcr Familien und Nachteulen \u2013 von 11 bis 23 Uhr<\/p>\n<p>Los geht es um 11 Uhr in der Johanniskirche (Lindenhof) mit einer Krippenfeier f\u00fcr die Allerkleinsten, bei der die Weihnachtsgeschichte als Schattenspiel erz\u00e4hlt wird. Weitere kreative Feiern f\u00fcr Familien von klassisch bis zum Krippenspiel als Puppentheater schlie\u00dfen sich zwischen 14.30 und 16 Uhr an. Eine Kinder- und Jugendchristmette mitgestaltet von den \u201eAlmenh\u00f6fer Orgelspatzen\u201c lenkt mit Karikaturen der K\u00fcnstlerin Konstanze Ebel um 17 Uhr in der Maria-Hilf-Kirche (Almenhof) den Blick auf die \u201eHoffnung\u201c, die das Christfest beinhaltet.<\/p>\n<p>Um 23 Uhr bilden Christmetten in St. Bonifatius (Neckarstadt), St. Johannes und in der Martinskirche (Rheinau), in der Johanniskirche (Lindenhof) und im Gemeindezentrum Vogelstang den Abschluss des feierlichen Abends.<\/p>\n<p>Unter freiem Himmel<\/p>\n<p>Weil Gemeinschaft nicht nur im Kirchenschiff sp\u00fcrbar ist, laden einige Gemeinden auch zu Gottesdiensten unter freiem Himmel ein. Zum Beispiel am 24. Dezember 2025 um 15 Uhr im Petruspark (Wallstadt), wo beim Familiengottesdienst alle Kinder beim Mitmach-Krippenspiel in Aktion treten k\u00f6nnen. Um 16 Uhr geht es um \u201eDas Geheimnis von Weihnachten\u201c beim \u00f6kumenischen Qutdoor-Familiengottesdienst auf dem Platz vor dem Boulderhouse an der Abraham-Lincoln-Allee 3 auf FRANKLIN. Mitten in der Mannheimer Innenstadt auf dem Marktplatz (F1 \/ bei Regen in der Marktplatzkirche St. Sebastian) sind Menschen ab 17 Uhr zum Open-Air-Weihnachtsgottesdienst &#8222;Mensch.Gott.Weihnachten\u201c einladen. Gleichzeitig startet an Heiligabend Stationengottesdienst &#8222;Weihnachten unterm Stern\u201c auf dem Meer\u00e4ckerplatz, Lindenhof. <\/p>\n<p>Gemeinschaft leben \u2013 auch auf Gleis 1, in offenen Weihnachten, auf Friedh\u00f6fen<\/p>\n<p>Stimmungsvoll ist es am 24. Dezember 2025 schon von 8.30 bis 14 Uhr in der Bahnhofsmission an Gleis 1 des Mannheimer Hauptbahnhofs. Dort w\u00e4rmen die Weihnachtsgeschichte und Musik die Herzen der G\u00e4ste. Dazu gibt es Kuchen und Getr\u00e4nke. Auch an den Weihnachtsfeiertagen ist die Bahnhofsmission mit einer stimmungsvollen Einladung ge\u00f6ffnet \u2013 dann von 14.30 bis 19.30 Uhr. Zur offenen Weihnacht in der Vers\u00f6hnungskirche (Rheinau) sind G\u00e4ste ab 17 Uhr ebenso willkommen, wie ab 18.30 Uhr in der CityKirche Konkordien (Innenstadt). Am 25. Dezember 2025 um 11 Uhr laden die Missionarinnen der N\u00e4chstenliebe \u2013 besser bekannt als Mutter-Teresa-Schwestern \u2013 zur Heiligen Messe und anschlie\u00dfendem Weihnachtsessen ein (Draisstra\u00dfe 19, Neckarstadt). Zu Feiern an Heiligabend auf dem Hauptfriedhof (15.30 Uhr) und dem Friedhof Feudenheim (16 Uhr) wird ebenfalls herzlich eingeladen.<\/p>\n<p>Weihnachten im Krankenhaus<\/p>\n<p>Wenn am 24. Dezember weltweit die Geburt Christi gefeiert wird, verbindet sich damit die Botschaft von Frieden, von Dankbarkeit und Hoffnung, von Licht und Geborgenheit. Gerade f\u00fcr Menschen, die die Feiertage im Krankenhaus verbringen, kann diese Zeit eine besondere Bedeutung haben. Das greifen Christmetten und Gebete in Mannheimer Krankenh\u00e4usern auf: In der Klinikkapelle der Universit\u00e4tsmedizin Mannheim am 24. Dezember um 17 Uhr mit einem Abendgebet und am 25. Dezember um 12 Uhr mit einem Mittagsgebet. Eine Christmette am 24. Dezember um 18 Uhr wird auch in den Klinikkapellen des Diakonissenkrankenhauses und des Theresienkrankenhauses gefeiert. Am 26. Dezember l\u00e4dt die Katholische Ungarische Gemeinde um 10.30 Uhr in der Klinikkapelle des Theresienkrankenhauses zum Gottesdienst in ungarischer Sprache ein. <\/p>\n<p>Christmetten zu sp\u00e4ter Stunde<\/p>\n<p>Mit Christmetten zu sp\u00e4ter Stunde enden die Festgottesdienste am 24. Dezember in den Kirchen. Los geht der n\u00e4chtliche Gottesdienstreigen um 22 Uhr: In der Innenstadt in der Jesuitenkirche und der CityKirche Konkordien, in der Oststadt in der Heilig-Geist-Kirche, in der Neckarstadt in St. Nikolaus, in Feudenheim in St. Peter und Paul und Johannes, in der  <\/p>\n<p>Petruskirche in Wallstadt, in Seckenheim in St. \u00c4gidius und der Erl\u00f6serkirche. Auf dem Lindenhof in St. Josef, in Neckarau in der Matth\u00e4uskirche, in der Gartenstadt in der\u00a0Auferstehungskirche sowie in der Dreifaltigkeitskirche in Sandhofen und der Emmauskirche auf der Sch\u00f6nau. Weitere Sp\u00e4tgottesdienste finden um 22.30 Uhr in der Gnadenkirche in der Gartenstadt, in der Pfingstbergkirche, auf dem Almenhof in der Markuskirche, in der Christuskirche in der Oststadt, in Johannes-Calvin-Kirche in Friedrichsfeld und in der \u00d6kumenekirche St. Pius in Neuostheim. Um 23 Uhr wird eingeladen in St. Bonifatius (Neckarstadt), St. Johannes und in die Martinskirche (Rheinau), in die Johanniskirche (Lindenhof) und ins Gemeindezentrum Vogelstang.<\/p>\n<p>Weihnachten \u2013 ein Fest auch mit Konfliktpotential<\/p>\n<p>Viele erleben Weihnachten als ein Fest der Liebe und der Freude, des Friedens und des Miteinanders. Doch brechen gerade auch rund um das Weihnachtsfest Konflikte oder belastende Situationen auf oder es werden unerf\u00fcllte Sehns\u00fcchte und Hoffnungen sp\u00fcrbar. Dann kann es guttun, die Sorgen und Traurigkeiten mit jemanden zu teilen. Die Mitarbeitenden der \u00f6kumenischen TelefonSeelsorge haben ein offenes Ohr. Sie sind rund um die Uhr erreichbar: kostenlos, vertrauensvoll und vertraulich: Telefonnummer 0800 111 0 111 und 0800 111 0 222 oder per Chat und Mail unter <a href=\"https:\/\/www.telefonseelsorge-rhein-neckar.de\" onclick=\"window.open(this.href); return false;\" rel=\"nofollow noopener\" target=\"_blank\">www.telefonseelsorge-rhein-neckar.de<\/a>. red<\/p>\n","protected":false},"excerpt":{"rendered":"Mannheim. Am Adventskalender ist das letzte T\u00fcrchen ge\u00f6ffnet &#8211; Weihnachten steht vor der T\u00fcr. Katholische und evangelische Gemeinden&hellip;\n","protected":false},"author":2,"featured_media":668838,"comment_status":"","ping_status":"","sticky":false,"template":"","format":"standard","meta":{"footnotes":""},"categories":[1845],"tags":[1634,3364,29,548,663,3934,30,13,2096,14,15,12],"class_list":{"0":"post-668837","1":"post","2":"type-post","3":"status-publish","4":"format-standard","5":"has-post-thumbnail","7":"category-mannheim","8":"tag-baden-wuerttemberg","9":"tag-de","10":"tag-deutschland","11":"tag-eu","12":"tag-europa","13":"tag-europe","14":"tag-germany","15":"tag-headlines","16":"tag-mannheim","17":"tag-nachrichten","18":"tag-news","19":"tag-schlagzeilen"},"share_on_mastodon":{"url":"https:\/\/pubeurope.com\/@de\/115774127116257465","error":""},"_links":{"self":[{"href":"https:\/\/www.europesays.com\/de\/wp-json\/wp\/v2\/posts\/668837","targetHints":{"allow":["GET"]}}],"collection":[{"href":"https:\/\/www.europesays.com\/de\/wp-json\/wp\/v2\/posts"}],"about":[{"href":"https:\/\/www.europesays.com\/de\/wp-json\/wp\/v2\/types\/post"}],"author":[{"embeddable":true,"href":"https:\/\/www.europesays.com\/de\/wp-json\/wp\/v2\/users\/2"}],"replies":[{"embeddable":true,"href":"https:\/\/www.europesays.com\/de\/wp-json\/wp\/v2\/comments?post=668837"}],"version-history":[{"count":0,"href":"https:\/\/www.europesays.com\/de\/wp-json\/wp\/v2\/posts\/668837\/revisions"}],"wp:featuredmedia":[{"embeddable":true,"href":"https:\/\/www.europesays.com\/de\/wp-json\/wp\/v2\/media\/668838"}],"wp:attachment":[{"href":"https:\/\/www.europesays.com\/de\/wp-json\/wp\/v2\/media?parent=668837"}],"wp:term":[{"taxonomy":"category","embeddable":true,"href":"https:\/\/www.europesays.com\/de\/wp-json\/wp\/v2\/categories?post=668837"},{"taxonomy":"post_tag","embeddable":true,"href":"https:\/\/www.europesays.com\/de\/wp-json\/wp\/v2\/tags?post=668837"}],"curies":[{"name":"wp","href":"https:\/\/api.w.org\/{rel}","templated":true}]}}