{"id":668866,"date":"2025-12-24T11:03:16","date_gmt":"2025-12-24T11:03:16","guid":{"rendered":"https:\/\/www.europesays.com\/de\/668866\/"},"modified":"2025-12-24T11:03:16","modified_gmt":"2025-12-24T11:03:16","slug":"europa-braucht-jetzt-neue-erzaehlungen","status":"publish","type":"post","link":"https:\/\/www.europesays.com\/de\/668866\/","title":{"rendered":"\u201eEuropa braucht jetzt neue Erz\u00e4hlungen\u201c"},"content":{"rendered":"<ol class=\"id-DonaldBreadcrumb lp_west_breadcrumb id-DonaldBreadcrumb--default\" data-k5a-pos=\"west_breadcrumb\">\n<li class=\"id-Breadcrumb-item\"><a href=\"https:\/\/www.schwaebische-post.de\/\" class=\"id-Breadcrumb-link\" data-id-ec=\"{\" shn=\"\" textlink=\"\" data-k5a-pos=\"1_startseite\" target=\"_blank\" rel=\"noopener\">Startseite<\/a><\/li>\n<li class=\"id-Breadcrumb-item\"><a href=\"https:\/\/www.schwaebische-post.de\/welt\/\" class=\"id-Breadcrumb-link\" data-id-ec=\"{\" shn=\"\" textlink=\"\" data-k5a-pos=\"2_welt\" target=\"_blank\" rel=\"noopener\">Welt<\/a><\/li>\n<li class=\"id-Breadcrumb-item\"><a href=\"https:\/\/www.schwaebische-post.de\/welt\/politik\/\" class=\"id-Breadcrumb-link\" data-id-ec=\"{\" shn=\"\" textlink=\"\" data-k5a-pos=\"3_politik\" target=\"_blank\" rel=\"noopener\">Politik<\/a><\/li>\n<\/ol>\n<p class=\"id-Story-timestamp id-Story-timestamp--default\">Stand: 24.12.2025, 11:42 Uhr<\/p>\n<p class=\"id-Story-authors id-Story-authors--default\">Von: <a class=\"id-Story-authors-link lp_west_author\" href=\"https:\/\/www.schwaebische-post.de\/autor\/florian-naumann-jg7gi64km.html\" title=\"Zur Autorenseite von Florian Naumann\" data-id-ec=\"{\" shn=\"\" author-link=\"\" naumann=\"\" data-k5a-pos=\"west_author\" target=\"_blank\" rel=\"noopener\">Florian Naumann<\/a><\/p>\n<p class=\"id-Story-interactionBar id-Story-interactionBar--default\">DruckenTeilen<\/p>\n<p class=\"id-StoryElement-leadText\">Der Management-Experte Tomas Casas erstellt Rankings zur Qualit\u00e4t von \u201eEliten\u201c in den L\u00e4ndern der Welt. Er fordert eine neue Philosophie f\u00fcr Europa.<\/p>\n<p class=\"id-StoryElement-paragraph\">Kann man messen, wie gut politische und wirtschaftliche \u201eEliten\u201c arbeiten? Und ist es \u00fcberhaupt noch angemessen, das Wort \u201eEliten\u201c zu verwenden? Tomas Casas i Klett hat zu beiden Fragen eine klare Antwort. Sie lautet \u201eJa\u201c. Casas forscht und unterrichtet an der Universit\u00e4t St. Gallen zu Internationalem Management. Eines seiner fortlaufenden Projekte ist der \u201eElite Quality Report\u201c, ein \u00dcberblick \u00fcber das Wirken von Politik und Wirtschaft in 151 L\u00e4ndern. Das zugeh\u00f6rige Ranking, <a href=\"https:\/\/www.unisg.ch\/de\/forschung\/forschung-im-fokus\/elite-quality-index\/\" rel=\"nofollow noopener\" target=\"_blank\" class=\"id-import-Link id-pageApi-Link--externalDomain\" data-id-ec=\"{&quot;sht&quot;:&quot;Container&quot;,&quot;shn&quot;:&quot;Story&quot;,&quot;p&quot;:{&quot;containerType&quot;:&quot;Paragraph&quot;,&quot;displayType&quot;:&quot;Paragraph InlineLink&quot;,&quot;type&quot;:&quot;INLINE_LINK&quot;,&quot;value&quot;:&quot;der EQx&quot;,&quot;variant&quot;:&quot;standardLink&quot;,&quot;sponsored&quot;:false,&quot;linkHref&quot;:&quot;https:\/\/www.unisg.ch\/de\/forschung\/forschung-im-fokus\/elite-quality-index\/&quot;,&quot;storyElementPosition&quot;:8,&quot;storyElementCount&quot;:26}}\">der EQx<\/a>, birgt auch 2025 ein paar \u00dcberraschungen.<\/p>\n<p><img decoding=\"async\" class=\"id-RatioPlaceholder-element wv_story_el_image\" src=\"https:\/\/www.europesays.com\/de\/wp-content\/uploads\/2025\/12\/40678355-eine-ki-generierte-grafik-zeigt-menschen-in-anzuegen-vor-wolkenkratzern-in-einem-runden-fen.jpeg\" loading=\"lazy\"   height=\"619\" width=\"1100\" alt=\"Eine KI-generierte Grafik zeigt Menschen in Anz&#xFC;gen vor Wolkenkratzern, in einem runden Fenster eingeklinkt Wissenschaftler Tomas Casas.\"\/>Wissenschaftler Tomas Casas arbeitet an einer neuen \u201eEliten-Theorie\u201c.  \u00a9\u00a0KI-generiert\/HSG St. Gallen<\/p>\n<p class=\"id-StoryElement-paragraph\">Casas zieht dort beispielsweise eine sehr gemischte Bilanz f\u00fcr die Bundesrepublik: Die politischen Institutionen seien sehr gut, die kleinen und mittleren Unternehmen sogar Weltspitze, sagt er \u2013 <a href=\"https:\/\/www.schwaebische-post.de\/welt\/wirtschaft\/die-relativen-versager-sind-die-wirtschaftseliten-woran-es-in-deutschland-hakt-zr-94050575.html\" class=\"id-import-Link\" data-id-ec=\"{&quot;sht&quot;:&quot;Container&quot;,&quot;shn&quot;:&quot;Story&quot;,&quot;p&quot;:{&quot;containerType&quot;:&quot;Paragraph&quot;,&quot;displayType&quot;:&quot;Paragraph InlineLink&quot;,&quot;type&quot;:&quot;INLINE_LINK&quot;,&quot;value&quot;:&quot;das Problem liege bei den Eliten der Wirtschaftsriesen&quot;,&quot;variant&quot;:&quot;standardLink&quot;,&quot;sponsored&quot;:false,&quot;linkHref&quot;:&quot;https:\/\/www.schwaebische-post.de\/welt\/wirtschaft\/die-relativen-versager-sind-die-wirtschaftseliten-woran-es-in-deutschland-hakt-zr-94050575.html&quot;,&quot;storyElementPosition&quot;:11,&quot;storyElementCount&quot;:26}}\" target=\"_blank\" rel=\"noopener\">das Problem liege bei den Eliten der Wirtschaftsriesen<\/a>. Der Wissenschaftler hat aber auch ein gr\u00f6\u00dferes Anliegen, wie er im Gespr\u00e4ch mit dem M\u00fcnchner Merkur von Ippen.Media erkl\u00e4rt: Er sieht Bedarf nach einer neuen \u201eErz\u00e4hlung\u201c f\u00fcr Europa und den Westen. Aufgeschrieben hat er seine Vorschl\u00e4ge im rund 900 Seiten starken <a href=\"https:\/\/www.24books.de\/buch\/\" class=\"id-import-Link id-pageApi-Link--externalDomain\" title=\"Buch\" data-id-ec=\"{&quot;sht&quot;:&quot;Container&quot;,&quot;shn&quot;:&quot;Story&quot;,&quot;p&quot;:{&quot;containerType&quot;:&quot;Paragraph&quot;,&quot;displayType&quot;:&quot;Paragraph InlineLink&quot;,&quot;type&quot;:&quot;INLINE_LINK&quot;,&quot;value&quot;:&quot;Buch&quot;,&quot;variant&quot;:&quot;standardLink&quot;,&quot;sponsored&quot;:false,&quot;linkHref&quot;:&quot;https:\/\/www.24books.de\/buch\/&quot;,&quot;storyElementPosition&quot;:11,&quot;storyElementCount&quot;:26}}\" target=\"_blank\" rel=\"noopener\">Buch<\/a> \u201eTowards an Elite Theory of Economic Development\u201c (De Gruyter, auch <a href=\"https:\/\/www.degruyterbrill.com\/document\/doi\/10.1515\/9783110734638\/html#overview\" rel=\"nofollow noopener\" target=\"_blank\" class=\"id-import-Link id-pageApi-Link--externalDomain\" data-id-ec=\"{&quot;sht&quot;:&quot;Container&quot;,&quot;shn&quot;:&quot;Story&quot;,&quot;p&quot;:{&quot;containerType&quot;:&quot;Paragraph&quot;,&quot;displayType&quot;:&quot;Paragraph InlineLink&quot;,&quot;type&quot;:&quot;INLINE_LINK&quot;,&quot;value&quot;:&quot;kostenlos downloadbar&quot;,&quot;variant&quot;:&quot;standardLink&quot;,&quot;sponsored&quot;:false,&quot;linkHref&quot;:&quot;https:\/\/www.degruyterbrill.com\/document\/doi\/10.1515\/9783110734638\/html#overview&quot;,&quot;storyElementPosition&quot;:11,&quot;storyElementCount&quot;:26}}\">kostenlos downloadbar<\/a>). Er will also einer \u201eEliten-Theorie der wirtschaftlichen Entwicklung\u201c entgegengehen. Um die Pr\u00e4sentation der abschlie\u00dfenden L\u00f6sung gehe es nicht.<\/p>\n<p>Zu Unrecht schlechtes Image von \u201eEliten\u201c? \u201eSo funktioniert die Gesellschaft\u201c<\/p>\n<p class=\"id-StoryElement-paragraph\">Das Problem beginnt aus Casas\u2018 Sicht aber schon bei der Frage, wie man \u201eEliten\u201c betrachtet und wie man \u00fcber sie spricht \u2013 in Deutschland zumeist negativ, meint er \u2013 so schilderten es ihm auch Gespr\u00e4chspartner aus der Bundesrepublik. Schon die Idee der Existenz von \u201eEliten\u201c gelte eben als \u201eelit\u00e4r\u201c, als undemokratisch. \u201eAber so funktioniert die Gesellschaft\u201c, sagt Casas. \u201eEliten\u201c, ob politisch, wirtschaftlich oder Wissens-Eliten, mit ihren Gesch\u00e4ftsmodellen \u201estehen an der Spitze der Hierarchien in unseren sozialen Systemen \u2013 und Hierarchien sind in der Natur wie in der Gesellschaft einfach eine sehr effektive Art, Informationen und Energien zu managen\u201c.<\/p>\n<p class=\"id-StoryElement-paragraph\">Insofern m\u00fcsse man das Ph\u00e4nomen neu betrachten. \u201eJa, es gab Eliten, die im marxistischen Sinn Arbeiter ausgebeutet haben. Aber ohne die industrielle Revolution w\u00fcrde unsere Lebenserwartung immer noch bei 35 Jahren liegen. Die Eliten des industriellen Zeitalters haben am Ende doch enormen Wert geschaffen\u201c, betont Casas. Gefragt sei Optimismus gegen\u00fcber Fortschritt \u2013 aber auch die M\u00f6glichkeit f\u00fcr \u201eneue\u201c Eliten, den Aufstieg zu schaffen. Denn nur Wettbewerb innerhalb des Elitensystems bewirke Erneuerung und gr\u00f6\u00dftm\u00f6glichen Wert. Eliten bildeten sich in nahezu jedem Land, Casas spricht von einem \u201eehernen Gesetz\u201c. Was aber nicht bedeute, dass stets die F\u00e4higsten Macht bes\u00e4\u00dfen. Insbesondere dort, wo es keinen Austausch der Eliten (mehr) gebe.<\/p>\n<p>In diesen L\u00e4ndern leben die meisten Milliard\u00e4re: Deutschland in den Top 5<img decoding=\"async\" class=\"id-RatioPlaceholder-element wv_story_el_interstitialImage\" src=\"https:\/\/www.europesays.com\/de\/wp-content\/uploads\/2025\/12\/38353273-kommen-wir-zu-den-top-hier-findet-russland-seinen-platz-2qfe.jpg\" loading=\"lazy\"   height=\"2667\" width=\"4000\" alt=\"Kommen wir zu den Top 5: Hier findet Russland seinen Platz. \"\/><a href=\"https:\/\/www.schwaebische-post.de\/welt\/wirtschaft\/in-diesen-laendern-leben-die-meisten-milliardaere-deutschland-in-den-top-zr-93759604.html\" class=\"id-StoryElement-intestitialLink-link\" data-id-ec=\"{\" shn=\"\" ansehen=\"\" data-k5a-pos=\"west_story_16_photoGalleryLink\" title=\"Zur Fotostrecke: In diesen L&#xE4;ndern leben die meisten Milliard&#xE4;re: Deutschland in den Top 5\" target=\"_blank\" rel=\"noopener\">Fotostrecke ansehen<\/a><\/p>\n<p class=\"id-StoryElement-paragraph\">\u201eEliten-Zirkulation\u201c und die daraus hervorgehenden Konzepte von Macht und Wert sind auch zwei Grundpfeiler der Bewertung in Casas\u2018 Eliten-Qualit\u00e4ts-Index. Der Gedanke: Gute \u201eGesch\u00e4ftsmodelle\u201c \u2013 jedes Elite-Gesch\u00e4ftsmodell beruhe auf Macht, die aus Wirtschaft (\u201eMoney\u201c), Politik (\u201eMight\u201c) und Gesellschaft (\u201eMind\u201c) bezogen wird \u2013 mobilisieren menschliche, finanzielle und Wissens-Potenziale und schaffen damit mehr Allgemeinwohl, als sie Nutzen f\u00fcr sich absch\u00f6pfen. Schlechte Gesch\u00e4ftsmodelle vereinnahmen Wert f\u00fcr sich oder transferieren ihn nur. \u201eExtraktion\u201c hei\u00dft das zweite, wenig w\u00fcnschenswerte Szenario in diesem \u201eElite Quality\u201c Modell. Wobei es nicht um Schwarz und Wei\u00df geht.<\/p>\n<p class=\"id-StoryElement-paragraph\">Einerseits werde nur dort Wert geschafft, wo nicht \u201eextrahiert\u201c werde. Andererseits: \u201eMan muss realistisch sein und akzeptieren, dass es extraktive Transfers geben muss, damit Wertsch\u00f6pfung entsteht\u201c, so Casas. Zu Beginn der menschlichen Zivilisation \u2013 als enorme Kapitalinvestitionen in Bew\u00e4sserungssysteme erforderlich waren \u2013 und sp\u00e4ter w\u00e4hrend der industriellen Revolution in den Fabriken, h\u00e4tten die Eliten der fr\u00fchen Staaten und dann auch die Industriellen billige Arbeitskr\u00e4fte ben\u00f6tigt, meint er. \u201eWar das eine \u00fcberm\u00e4\u00dfige Ausbeutung oder waren diese Transfers f\u00fcr den Fortschritt der Menschheit notwendig? Das ist hart formuliert, aber die Frage nach dem richtigen Ma\u00df an Extraktion bleibt bis heute relevant.\u201c Casas meint: \u201eHeute haben wir komplexe Gesch\u00e4ftsmodelle, ihr wertsch\u00f6pferisches Potenzial ist riesig.\u201c Beispiele seien Clean Energy, gesundes Altern und <a href=\"https:\/\/www.fr.de\/kultur\/ki-sti1524848\/\" class=\"id-import-Link id-pageApi-Link--externalDomain\" title=\"K&#xFC;nstliche Intelligenz\" data-id-ec=\"{&quot;sht&quot;:&quot;Container&quot;,&quot;shn&quot;:&quot;Story&quot;,&quot;p&quot;:{&quot;containerType&quot;:&quot;Paragraph&quot;,&quot;displayType&quot;:&quot;Paragraph InlineLink&quot;,&quot;type&quot;:&quot;INLINE_LINK&quot;,&quot;value&quot;:&quot;K&#xFC;nstliche Intelligenz&quot;,&quot;variant&quot;:&quot;standardLink&quot;,&quot;sponsored&quot;:false,&quot;linkHref&quot;:&quot;https:\/\/www.fr.de\/kultur\/ki-sti1524848\/&quot;,&quot;storyElementPosition&quot;:19,&quot;storyElementCount&quot;:26}}\" target=\"_blank\" rel=\"noopener\">K\u00fcnstliche Intelligenz<\/a>.<\/p>\n<p>\u201eGerade Europa braucht jetzt neue Erz\u00e4hlungen, wenn wir wachsen und inklusiv sein wollen\u201c<\/p>\n<p class=\"id-StoryElement-paragraph\">Die Frage dem Wissenschaftler zufolge: \u201eWie institutionalisiert man die notwendige Extraktion \u2013 oder auch nicht?\u201c Das ewige Dilemma laute: \u201eWer extrahiert, und wer schafft Wert, und beides im welchem Ma\u00dfe?\u201c Ein eindr\u00fcckliches Beispiel seien die Sprachmodelle der KI, \u201edie menschliche Sprache und Denken monetarisieren und sogar privatisieren\u201c. Entscheidend sei, wie Macht genutzt wird. \u201eWir profitieren enorm von Google, Apple oder ChatGPT \u2013 aber kann man ihnen \u00fcberhaupt noch den R\u00fccken kehren?\u201c Ein m\u00f6gliches \u201eNein\u201c an sich sei weniger problematisch als die Frage, ob die Anbieter ihre Macht f\u00fcr Wertsch\u00f6pfung einsetzen \u2013 oder f\u00fcr Preissteigerungen, \u00dcberwachung und Urheberrechtsverletzung.<\/p>\n<p class=\"id-StoryElement-paragraph\">\u201eWir haben im 21. Jahrhundert noch keinen analytischen Werkzeugkasten, kein Gesamtnarrativ, das auf realistische Weise Technologie, Globalisierung, Gesellschaft oder Wirtschaft sowie ihr Zusammenspiel wirklich erkl\u00e4rt\u201c, meint Casas. Im 20. Jahrhundert seien Faschismus, Kommunismus und Demokratie samt Liberalismus die entscheidenden Erz\u00e4hlungen gewesen. \u201eZum Gl\u00fcck haben die Eliten mit den richtigen Narrativen gewonnen, aber an KI oder Trump sieht man jetzt: Das reicht nicht mehr\u201c, sagt Casas. <\/p>\n<p class=\"id-StoryElement-paragraph\">Dem Westen sei etwa unklar, warum <a href=\"https:\/\/www.schwaebische-post.de\/welt\/wirtschaft\/haben-chinas-autobauer-vw-bmw-und-co-abgehaengt-nahtoderfahrung-so-zr-93994928.html\" class=\"id-import-Link\" data-id-ec=\"{&quot;sht&quot;:&quot;Container&quot;,&quot;shn&quot;:&quot;Story&quot;,&quot;p&quot;:{&quot;containerType&quot;:&quot;Paragraph&quot;,&quot;displayType&quot;:&quot;Paragraph InlineLink&quot;,&quot;type&quot;:&quot;INLINE_LINK&quot;,&quot;value&quot;:&quot;China als autorit&#xE4;res System so viel Wert sch&#xF6;pfe&quot;,&quot;variant&quot;:&quot;standardLink&quot;,&quot;sponsored&quot;:false,&quot;linkHref&quot;:&quot;https:\/\/www.schwaebische-post.de\/welt\/wirtschaft\/haben-chinas-autobauer-vw-bmw-und-co-abgehaengt-nahtoderfahrung-so-zr-93994928.html&quot;,&quot;storyElementPosition&quot;:23,&quot;storyElementCount&quot;:26}}\" target=\"_blank\" rel=\"noopener\">China als autorit\u00e4res System so viel Wert sch\u00f6pfe<\/a> und dessen Firmen so konkurrenzf\u00e4hig sind. Und in Europa fehle <a href=\"https:\/\/www.schwaebische-post.de\/welt\/politik\/es-ist-ernster-trumps-kulturkrieg-und-demuetigung-papier-warnt-europa-zr-93952033.html\" class=\"id-import-Link\" data-id-ec=\"{&quot;sht&quot;:&quot;Container&quot;,&quot;shn&quot;:&quot;Story&quot;,&quot;p&quot;:{&quot;containerType&quot;:&quot;Paragraph&quot;,&quot;displayType&quot;:&quot;Paragraph InlineLink&quot;,&quot;type&quot;:&quot;INLINE_LINK&quot;,&quot;value&quot;:&quot;im Angesicht der Abwendung der USA&quot;,&quot;variant&quot;:&quot;standardLink&quot;,&quot;sponsored&quot;:false,&quot;linkHref&quot;:&quot;https:\/\/www.schwaebische-post.de\/welt\/politik\/es-ist-ernster-trumps-kulturkrieg-und-demuetigung-papier-warnt-europa-zr-93952033.html&quot;,&quot;storyElementPosition&quot;:23,&quot;storyElementCount&quot;:26}}\" target=\"_blank\" rel=\"noopener\">im Angesicht der Abwendung der USA<\/a> ein eigenes Narrativ.\u00a0\u201eNoch schlimmer: Uns fehlt der Mut zu kreativer Zerst\u00f6rung des Alten, es regiert kopflose, verwalterische Erm\u00fcdung\u201c, meint er. \u201eIm Vergleich zu amerikanischen oder chinesischen Wirtschafts- und Wissenseliten sind Eliten in Europa Angsthasen, die nicht in der Lage sind, selbst die Risiken unseres Zeitalters einzugehen\u201c.<\/p>\n<p>Neuer Newsletter \u201eUnterm Strich\u201c<\/p>\n<p class=\"id-StoryElement-factBox-paragraph\"><strong>Was?\u00a0<\/strong>Exklusive Einblicke in den Politik-Betrieb, Interviews und Analysen \u2013 von unseren Experten der Agenda-Redaktion von IPPEN.MEDIA<br \/>\n<br \/><strong>Wann?\u00a0<\/strong>Jeden Freitag<br \/>\n<br \/><strong>F\u00fcr wen?\u00a0<\/strong>Alle, die sich f\u00fcr Politik, Wirtschaft und Gesellschaft interessieren<br \/>\n<br \/><strong>Wo?\u00a0<\/strong>Direkt in ihrem E-Mail-Postfach<br \/>\n<br \/><strong>Wie?<\/strong>\u00a0Nach einer kurzen Registrierung bei unserem Medien-Login USER.ID <a href=\"https:\/\/www.ippen.media\/sso\/register?redirect_uri=https%3A%2F%2Faccounts.user.id%2Faccount%2Fnewsletter%2Fsubscribe%2FSKU-00000948&amp;source=mt_newsletter-textasset_web\" rel=\"nofollow noopener\" target=\"_blank\" class=\"id-import-Link id-pageApi-Link--externalDomain\" data-id-ec=\"{&quot;sht&quot;:&quot;Container&quot;,&quot;shn&quot;:&quot;Story&quot;,&quot;p&quot;:{&quot;containerType&quot;:&quot;FactBox&quot;,&quot;displayType&quot;:&quot;FactBox InlineLink&quot;,&quot;type&quot;:&quot;INLINE_LINK&quot;,&quot;value&quot;:&quot;hier kostenlos f&#xFC;r den Newsletter anmelden&quot;,&quot;variant&quot;:&quot;standardLink&quot;,&quot;sponsored&quot;:false,&quot;linkHref&quot;:&quot;https:\/\/www.ippen.media\/sso\/register?redirect_uri=https%3A%2F%2Faccounts.user.id%2Faccount%2Fnewsletter%2Fsubscribe%2FSKU-00000948&amp;source=mt_newsletter-textasset_web&quot;,&quot;storyElementPosition&quot;:24,&quot;storyElementCount&quot;:26}}\">hier kostenlos f\u00fcr den Newsletter anmelden<\/a><\/p>\n<p class=\"id-StoryElement-paragraph\">Sein Appell: \u201eGerade Europa braucht jetzt neue Erz\u00e4hlungen, wenn wir gleichzeitig wachsen und inklusiv sein wollen. Eine neue philosophische Grundlage, die dann auch konkret der Politik, der Bildung oder der Finanzindustrie dient.\u201c N\u00f6tig sei ein umfassender neuer Ansatz. Aber viele alte Gedanken k\u00f6nnte man dabei durchaus wieder aufgreifen. Schon vor tausenden Jahren habe es \u201eJubeljahre\u201c gegeben, in denen Schuld und Schulden erlassen werden konnten. \u201eDieses in der Bibel enthaltene Konzept ist eines der Freiheit, n\u00e4mlich die M\u00f6glichkeit, von eigenen Fehlentscheidungen loszukommen\u201c, sagt Casas. \u201eOhne Wagnis gibt es keine Wertsch\u00f6pfung \u2013 Eliten, aber auch ganz normale Menschen wie du und ich m\u00fcssen wagen.\u201c Wichtig sei dann (ein regulierter) Weg zum Risiko und ein Ausweg aus dem Scheitern.<\/p>\n<p class=\"id-StoryElement-paragraph\">Das gelte besonders f\u00fcr Menschen jenseits der Eliten, wie er in seinem Buch schreibt: Jeder einzelne Mensch habe die F\u00e4higkeit, Wert zu schaffen \u2013 wenn er Anreize daf\u00fcr habe. In der heutigen deutschen Gesellschaft und allgemein in der europ\u00e4ischen Kultur werde den Menschen diese F\u00e4higkeit, mutig zu sein, abgesprochen, so Casas \u2013 er h\u00e4lt das f\u00fcr eine \u201efurchtbare\u201c\u00a0Form der Entfremdung. \u201eEthik muss neu konzipiert werden \u2013 als Wertsch\u00f6pfung\u201c, lautet seine Forderung: \u201eDurch die Eliten und in kleinerem, w\u00fcrdigen Ma\u00df durch jeden Einzelnen.\u201c (Quellen: Gespr\u00e4ch mit Tomas Casas, \u201eTowards an Elite Theory of Economic Development\/fn)<\/p>\n","protected":false},"excerpt":{"rendered":"Startseite Welt Politik Stand: 24.12.2025, 11:42 Uhr Von: Florian Naumann DruckenTeilen Der Management-Experte Tomas Casas erstellt Rankings zur&hellip;\n","protected":false},"author":2,"featured_media":668867,"comment_status":"","ping_status":"","sticky":false,"template":"","format":"standard","meta":{"footnotes":""},"categories":[3933],"tags":[331,332,548,663,158,3934,3935,13,14,15,12],"class_list":{"0":"post-668866","1":"post","2":"type-post","3":"status-publish","4":"format-standard","5":"has-post-thumbnail","7":"category-eu","8":"tag-aktuelle-nachrichten","9":"tag-aktuelle-news","10":"tag-eu","11":"tag-europa","12":"tag-europaeische-union","13":"tag-europe","14":"tag-european-union","15":"tag-headlines","16":"tag-nachrichten","17":"tag-news","18":"tag-schlagzeilen"},"share_on_mastodon":{"url":"https:\/\/pubeurope.com\/@de\/115774213992032240","error":""},"_links":{"self":[{"href":"https:\/\/www.europesays.com\/de\/wp-json\/wp\/v2\/posts\/668866","targetHints":{"allow":["GET"]}}],"collection":[{"href":"https:\/\/www.europesays.com\/de\/wp-json\/wp\/v2\/posts"}],"about":[{"href":"https:\/\/www.europesays.com\/de\/wp-json\/wp\/v2\/types\/post"}],"author":[{"embeddable":true,"href":"https:\/\/www.europesays.com\/de\/wp-json\/wp\/v2\/users\/2"}],"replies":[{"embeddable":true,"href":"https:\/\/www.europesays.com\/de\/wp-json\/wp\/v2\/comments?post=668866"}],"version-history":[{"count":0,"href":"https:\/\/www.europesays.com\/de\/wp-json\/wp\/v2\/posts\/668866\/revisions"}],"wp:featuredmedia":[{"embeddable":true,"href":"https:\/\/www.europesays.com\/de\/wp-json\/wp\/v2\/media\/668867"}],"wp:attachment":[{"href":"https:\/\/www.europesays.com\/de\/wp-json\/wp\/v2\/media?parent=668866"}],"wp:term":[{"taxonomy":"category","embeddable":true,"href":"https:\/\/www.europesays.com\/de\/wp-json\/wp\/v2\/categories?post=668866"},{"taxonomy":"post_tag","embeddable":true,"href":"https:\/\/www.europesays.com\/de\/wp-json\/wp\/v2\/tags?post=668866"}],"curies":[{"name":"wp","href":"https:\/\/api.w.org\/{rel}","templated":true}]}}