{"id":668868,"date":"2025-12-24T11:04:16","date_gmt":"2025-12-24T11:04:16","guid":{"rendered":"https:\/\/www.europesays.com\/de\/668868\/"},"modified":"2025-12-24T11:04:16","modified_gmt":"2025-12-24T11:04:16","slug":"usa-verhaengen-einreiseverbot-gegen-thierry-breton-und-deutsche-hateaid-leiterinnen","status":"publish","type":"post","link":"https:\/\/www.europesays.com\/de\/668868\/","title":{"rendered":"USA verh\u00e4ngen Einreiseverbot gegen Thierry Breton und deutsche HateAid-Leiterinnen"},"content":{"rendered":"<p class=\"Paragraph_paragraph__exhQA Paragraph_paragraph--default-lg-default__8QZrI articleParagraph\">Das von der US-Regierung wegen angeblicher Online-Zensur verh\u00e4ngte Einreiseverbot f\u00fcr den fr\u00fcheren EU-Kommissar Thierry Breton ist von den Franzosen massiv kritisiert worden. Auch Frankreichs Regierung verurteilte den Schritt auf das Sch\u00e4rfste.<\/p>\n<p class=\"Paragraph_paragraph__exhQA Paragraph_paragraph--default-lg-default__8QZrI articleParagraph\">Breton verglich die vom US-Au\u00dfenministerium verk\u00fcndeten Sanktionen gegen ihn und vier weitere Personen mit der \u201eHexenjagd\u201c auf vermeintliche Kommunisten zu Zeiten der McCarthy-\u00c4ra in den USA. Der Franzose gilt als Architekt des EU-Gesetzespakets Digital Services Act, mit dem Online-Plattformen reguliert werden. Auf der Plattform X schrieb er: \u201eAn unsere amerikanischen Freunde: Die Zensur findet nicht dort statt, wo ihr sie w\u00e4hnt.\u201c<\/p>\n<p><a href=\"https:\/\/www.wort.lu\/international\/weitere-epstein-dokumente-veroeffentlicht-und-wieder-geloescht\/117863654.html\" class=\"RelatedTeaser_related-teaser__w3AgI RelatedTeaser_related-teaser--image__GJcRr read-more_withImage__1YJa_\" data-article-id=\"117863654\" rel=\"nofollow noopener\" target=\"_blank\"><\/p>\n<p>Lesen Sie auch:Weitere Epstein-Dokumente ver\u00f6ffentlicht und wieder gel\u00f6scht<\/p>\n<p><\/a><\/p>\n<p class=\"Paragraph_paragraph__exhQA Paragraph_paragraph--default-lg-default__8QZrI articleParagraph\">Das von der US-Regierung am Dienstagabend (Ortszeit) verk\u00fcndete Einreiseverbot richtet sich nach offizieller Darstellung gegen \u201eradikale Aktivisten\u201c und Nichtregierungsorganisationen, die Zensurma\u00dfnahmen durch Drittstaaten vorangetrieben h\u00e4tten. \u201eViel zu lange haben Ideologen in Europa organisierte Bem\u00fchungen angef\u00fchrt, um amerikanische Plattformen dazu zu zwingen, amerikanische Standpunkte zu bestrafen, die ihnen nicht passen\u201c, schrieb Au\u00dfenminister Marco Rubio auf X. Er drohte: Wenn es keine Kurskorrektur gebe, werde die Liste der Sanktionierten noch l\u00e4nger.<\/p>\n<p class=\"social-embed-fallback-message_fallbackMessageText__Qks44\">Um diesen Inhalt anzuzeigen, ben\u00f6tigen wir Ihre Zustimmung. Mit dem Klick auf \u201eInhalt laden\u201c willigen Sie ein, dass Inhalte von X geladen werden. Dabei k\u00f6nnen personenbezogene Daten an Dritte \u00fcbermittelt und Cookies gesetzt werden.<\/p>\n<p>Inhalt ladenDer Digital Services Act im Visier<\/p>\n<p class=\"Paragraph_paragraph__exhQA Paragraph_paragraph--default-lg-default__8QZrI articleParagraph\">Breton und die franz\u00f6sische Regierung erinnerten daran, dass der Digital Services Act der Europ\u00e4ischen Union vom EU-Parlament und allen Mitgliedstaaten mit gro\u00dfer demokratischer Mehrheit beschlossen worden sei, damit im Netz kein rechtsfreier Raum entstehe. Das Gesetz \u2013 von US-Au\u00dfenminister Marco Rubio als \u201eAttacke auf alle amerikanischen Tech-Plattformen und das amerikanische Volk durch ausl\u00e4ndische Regierungen\u201c bezeichnet \u2013 finde in den USA auch gar keine Anwendung, betonte Frankreichs Au\u00dfenminister Jean-No\u00ebl Barrot.<\/p>\n<blockquote class=\"Quote_quote__blockquote__wJphc\">\n<p class=\"Quote_quote__paragraph__H8qAa\">An unsere amerikanischen Freunde: Die Zensur findet nicht dort statt, wo ihr sie w\u00e4hnt.<\/p>\n<\/blockquote>\n<p>Thierry Breton<\/p>\n<p>Ehemaliger EU-Kommissar<\/p>\n<p class=\"Paragraph_paragraph__exhQA Paragraph_paragraph--default-lg-default__8QZrI articleParagraph\">\u201eDie V\u00f6lker Europas sind frei und souver\u00e4n und lassen sich von anderen keine Regeln f\u00fcr ihren digitalen Raum aufzwingen\u201c, schrieb Barrot auf X. Deshalb verurteile Frankreichs Regierung die Sanktionen gegen Breton und vier weitere Pers\u00f6nlichkeiten &#8211; darunter die beiden Gesch\u00e4ftsf\u00fchrerinnen der deutschen Organisation HateAid, Anna-Lena von Hodenberg und Josephine Ballon. Die Organisation setzt sich gegen Hass im Netz ein.<\/p>\n<p class=\"social-embed-fallback-message_fallbackMessageText__Qks44\">Um diesen Inhalt anzuzeigen, ben\u00f6tigen wir Ihre Zustimmung. Mit dem Klick auf \u201eInhalt laden\u201c willigen Sie ein, dass Inhalte von X geladen werden. Dabei k\u00f6nnen personenbezogene Daten an Dritte \u00fcbermittelt und Cookies gesetzt werden.<\/p>\n<p>Inhalt laden<\/p>\n","protected":false},"excerpt":{"rendered":"Das von der US-Regierung wegen angeblicher Online-Zensur verh\u00e4ngte Einreiseverbot f\u00fcr den fr\u00fcheren EU-Kommissar Thierry Breton ist von den&hellip;\n","protected":false},"author":2,"featured_media":668869,"comment_status":"","ping_status":"","sticky":false,"template":"","format":"standard","meta":{"footnotes":""},"categories":[3933],"tags":[331,332,548,663,158,3934,3935,13,14,15,12],"class_list":{"0":"post-668868","1":"post","2":"type-post","3":"status-publish","4":"format-standard","5":"has-post-thumbnail","7":"category-eu","8":"tag-aktuelle-nachrichten","9":"tag-aktuelle-news","10":"tag-eu","11":"tag-europa","12":"tag-europaeische-union","13":"tag-europe","14":"tag-european-union","15":"tag-headlines","16":"tag-nachrichten","17":"tag-news","18":"tag-schlagzeilen"},"share_on_mastodon":{"url":"https:\/\/pubeurope.com\/@de\/115774217539962061","error":""},"_links":{"self":[{"href":"https:\/\/www.europesays.com\/de\/wp-json\/wp\/v2\/posts\/668868","targetHints":{"allow":["GET"]}}],"collection":[{"href":"https:\/\/www.europesays.com\/de\/wp-json\/wp\/v2\/posts"}],"about":[{"href":"https:\/\/www.europesays.com\/de\/wp-json\/wp\/v2\/types\/post"}],"author":[{"embeddable":true,"href":"https:\/\/www.europesays.com\/de\/wp-json\/wp\/v2\/users\/2"}],"replies":[{"embeddable":true,"href":"https:\/\/www.europesays.com\/de\/wp-json\/wp\/v2\/comments?post=668868"}],"version-history":[{"count":0,"href":"https:\/\/www.europesays.com\/de\/wp-json\/wp\/v2\/posts\/668868\/revisions"}],"wp:featuredmedia":[{"embeddable":true,"href":"https:\/\/www.europesays.com\/de\/wp-json\/wp\/v2\/media\/668869"}],"wp:attachment":[{"href":"https:\/\/www.europesays.com\/de\/wp-json\/wp\/v2\/media?parent=668868"}],"wp:term":[{"taxonomy":"category","embeddable":true,"href":"https:\/\/www.europesays.com\/de\/wp-json\/wp\/v2\/categories?post=668868"},{"taxonomy":"post_tag","embeddable":true,"href":"https:\/\/www.europesays.com\/de\/wp-json\/wp\/v2\/tags?post=668868"}],"curies":[{"name":"wp","href":"https:\/\/api.w.org\/{rel}","templated":true}]}}