{"id":668884,"date":"2025-12-24T11:12:16","date_gmt":"2025-12-24T11:12:16","guid":{"rendered":"https:\/\/www.europesays.com\/de\/668884\/"},"modified":"2025-12-24T11:12:16","modified_gmt":"2025-12-24T11:12:16","slug":"polizeiliches-resuemee-zum-nuernberger-christkindlesmarkt-2025","status":"publish","type":"post","link":"https:\/\/www.europesays.com\/de\/668884\/","title":{"rendered":"Polizeiliches Res\u00fcmee zum N\u00fcrnberger Christkindlesmarkt 2025"},"content":{"rendered":"<p><strong><br \/>\n           N\u00fcrnberg (ots) &#8211;<br \/>\n          <\/strong>\n          <\/p>\n<p>Mit dem heutigen Mittwoch (24.12.2025) endet der diesj\u00e4hrige N\u00fcrnberger Christkindlesmarkt. Das Polizeipr\u00e4sidium Mittelfranken zieht eine \u00e4u\u00dferst positive Bilanz.<\/p>\n<p>Aus polizeilicher Sicht verlief der traditionsreiche Christkindlesmarkt ruhig und friedlich. Nennenswerte Straftaten blieben die Ausnahme, gr\u00f6\u00dfere Sicherheitsst\u00f6rungen waren nicht zu verzeichnen.<\/p>\n<p>Die Kriminalit\u00e4t bewegte sich \u00fcber die gesamte Dauer des Marktes auf einem sehr niedrigen Niveau.<\/p>\n<p>Die Zahl der Handtaschendiebst\u00e4hle kratzte gerade so an der Zweistelligkeit, in zwei F\u00e4llen erstatteten Standbetreiber Anzeige wegen Diebstahls bzw. meldeten, dass die Plane ihres Standes aufgeschlitzt worden war.<\/p>\n<p>Vier Personen lie\u00dfen trotz strikten Drohnenflugverbots eine solche \u00fcber dem Christkindlesmarkt aufsteigen, was durch die Polizeibeamten vor Ort unterbunden wurde und jeweils eine Ordnungswidrigkeitenanzeige nach sich zog.<\/p>\n<p>Die selektiv durchgef\u00fchrten Taschenkontrollen f\u00fchrten in einem Fall zum Auffinden und zur Sicherstellung eines verbotenen Einhandmessers.<\/p>\n<p>Dar\u00fcberhinaus waren die Einsatzkr\u00e4fte in zahlreichen F\u00e4llen damit besch\u00e4ftigt, kurzzeitig Vermisste wieder mit ihren Angeh\u00f6rigen zusammenzuf\u00fchren, was in allen F\u00e4llen erfolgreich gelang.<\/p>\n","protected":false},"excerpt":{"rendered":"N\u00fcrnberg (ots) &#8211; Mit dem heutigen Mittwoch (24.12.2025) endet der diesj\u00e4hrige N\u00fcrnberger Christkindlesmarkt. Das Polizeipr\u00e4sidium Mittelfranken zieht eine&hellip;\n","protected":false},"author":2,"featured_media":98906,"comment_status":"","ping_status":"","sticky":false,"template":"","format":"standard","meta":{"footnotes":""},"categories":[1837],"tags":[772,3364,29,30,3783],"class_list":{"0":"post-668884","1":"post","2":"type-post","3":"status-publish","4":"format-standard","5":"has-post-thumbnail","7":"category-nuernberg","8":"tag-bayern","9":"tag-de","10":"tag-deutschland","11":"tag-germany","12":"tag-nuernberg"},"share_on_mastodon":{"url":"https:\/\/pubeurope.com\/@de\/115774249051466079","error":""},"_links":{"self":[{"href":"https:\/\/www.europesays.com\/de\/wp-json\/wp\/v2\/posts\/668884","targetHints":{"allow":["GET"]}}],"collection":[{"href":"https:\/\/www.europesays.com\/de\/wp-json\/wp\/v2\/posts"}],"about":[{"href":"https:\/\/www.europesays.com\/de\/wp-json\/wp\/v2\/types\/post"}],"author":[{"embeddable":true,"href":"https:\/\/www.europesays.com\/de\/wp-json\/wp\/v2\/users\/2"}],"replies":[{"embeddable":true,"href":"https:\/\/www.europesays.com\/de\/wp-json\/wp\/v2\/comments?post=668884"}],"version-history":[{"count":0,"href":"https:\/\/www.europesays.com\/de\/wp-json\/wp\/v2\/posts\/668884\/revisions"}],"wp:featuredmedia":[{"embeddable":true,"href":"https:\/\/www.europesays.com\/de\/wp-json\/wp\/v2\/media\/98906"}],"wp:attachment":[{"href":"https:\/\/www.europesays.com\/de\/wp-json\/wp\/v2\/media?parent=668884"}],"wp:term":[{"taxonomy":"category","embeddable":true,"href":"https:\/\/www.europesays.com\/de\/wp-json\/wp\/v2\/categories?post=668884"},{"taxonomy":"post_tag","embeddable":true,"href":"https:\/\/www.europesays.com\/de\/wp-json\/wp\/v2\/tags?post=668884"}],"curies":[{"name":"wp","href":"https:\/\/api.w.org\/{rel}","templated":true}]}}