{"id":668914,"date":"2025-12-24T11:30:16","date_gmt":"2025-12-24T11:30:16","guid":{"rendered":"https:\/\/www.europesays.com\/de\/668914\/"},"modified":"2025-12-24T11:30:16","modified_gmt":"2025-12-24T11:30:16","slug":"vfb-stuttgart-vfb-wuenscht-frohe-weihnachten-2025","status":"publish","type":"post","link":"https:\/\/www.europesays.com\/de\/668914\/","title":{"rendered":"VfB Stuttgart | VfB w\u00fcnscht frohe Weihnachten 2025"},"content":{"rendered":"<p>Mit Dankbarkeit und Stolz blickt der Club aus Cannstatt auf die vergangenen zw\u00f6lf Monate zur\u00fcck. Und hat auch im Jahr 2026 viel vor.<\/p>\n<p>Ein bewegendes und erfolgreiches Jahr 2025 geht f\u00fcr unseren VfB zu Ende, und wir blicken mit Dankbarkeit sowie auch Stolz auf zw\u00f6lf Monate gro\u00dfer Momente in Wei\u00df und Rot zur\u00fcck. Den Blick nach vorne pr\u00e4gen indes Ambition, Engagement, Verantwortung, Optimismus und Vorfreude.<\/p>\n<p><strong>Extraschub dank gro\u00dfartiger Unterst\u00fctzung<\/strong><\/p>\n<p>Auch 2026 wollen unsere Mannschaften, vom Profiteam \u00fcber unsere Frauen bis hin zu unseren Jungen Wilden, weiter mit starken Auftritten begeistern und konsequent die gesteckten Ziele verfolgen. Gleiches gilt f\u00fcr unsere so erfolgreichen und engagierten Sportlerinnen, Sportler und Teams in den Vereinsabteilungen. Ihnen allen verleiht die gro\u00dfartige Unterst\u00fctzung unserer Mitglieder und Fans sowie seitens unserer Partner und Sponsoren einen entscheidenden Extraschub. Daf\u00fcr bedanken wir uns ganz herzlich!<\/p>\n<p><strong>VfB-Familie bleibt als Gemeinschaft am Ball<\/strong><\/p>\n<p>Auch abseits des sportlichen Geschehens wollen wir 2026 weiterhin starke Leistungen abliefern und alle zusammen vorankommen. Sei es hinsichtlich unserer wirtschaftlichen Entwicklung, des gesellschaftlichen Engagements, auf Spielfeldern wie K\u00fcnstlicher Intelligenz oder mit Blick auf unsere Au\u00dfendarstellung und Traditionspflege. All das pr\u00e4gt unseren Verein und all das bietet uns ungemein viele Chancen. Die enorme Kraft, die in einem gro\u00dfen Traditionsverein wie dem unsrigen innewohnt, werden wir auch weiter konsequent \u00fcber die Arbeit der VfB-Stiftung \u201eBrustring der Herzen\u201c in den Dienst der guten Sache stellen \u2013 f\u00fcr die Menschen in unserer Heimatstadt, aus unserer Region und dar\u00fcber hinaus. Die VfB-Familie bleibt als gro\u00dfe Gemeinschaft weiterhin am Ball.<\/p>\n<p><strong>Der VfB Stuttgart 1893 w\u00fcnscht frohe Weihnachten und einen famosen Jahreswechsel in ein wieder bewegendes 2026.<\/strong><\/p>\n","protected":false},"excerpt":{"rendered":"Mit Dankbarkeit und Stolz blickt der Club aus Cannstatt auf die vergangenen zw\u00f6lf Monate zur\u00fcck. Und hat auch&hellip;\n","protected":false},"author":2,"featured_media":668915,"comment_status":"","ping_status":"","sticky":false,"template":"","format":"standard","meta":{"footnotes":""},"categories":[1830],"tags":[1634,3364,29,30,1441],"class_list":{"0":"post-668914","1":"post","2":"type-post","3":"status-publish","4":"format-standard","5":"has-post-thumbnail","7":"category-stuttgart","8":"tag-baden-wuerttemberg","9":"tag-de","10":"tag-deutschland","11":"tag-germany","12":"tag-stuttgart"},"share_on_mastodon":{"url":"https:\/\/pubeurope.com\/@de\/115774319781269361","error":""},"_links":{"self":[{"href":"https:\/\/www.europesays.com\/de\/wp-json\/wp\/v2\/posts\/668914","targetHints":{"allow":["GET"]}}],"collection":[{"href":"https:\/\/www.europesays.com\/de\/wp-json\/wp\/v2\/posts"}],"about":[{"href":"https:\/\/www.europesays.com\/de\/wp-json\/wp\/v2\/types\/post"}],"author":[{"embeddable":true,"href":"https:\/\/www.europesays.com\/de\/wp-json\/wp\/v2\/users\/2"}],"replies":[{"embeddable":true,"href":"https:\/\/www.europesays.com\/de\/wp-json\/wp\/v2\/comments?post=668914"}],"version-history":[{"count":0,"href":"https:\/\/www.europesays.com\/de\/wp-json\/wp\/v2\/posts\/668914\/revisions"}],"wp:featuredmedia":[{"embeddable":true,"href":"https:\/\/www.europesays.com\/de\/wp-json\/wp\/v2\/media\/668915"}],"wp:attachment":[{"href":"https:\/\/www.europesays.com\/de\/wp-json\/wp\/v2\/media?parent=668914"}],"wp:term":[{"taxonomy":"category","embeddable":true,"href":"https:\/\/www.europesays.com\/de\/wp-json\/wp\/v2\/categories?post=668914"},{"taxonomy":"post_tag","embeddable":true,"href":"https:\/\/www.europesays.com\/de\/wp-json\/wp\/v2\/tags?post=668914"}],"curies":[{"name":"wp","href":"https:\/\/api.w.org\/{rel}","templated":true}]}}