{"id":669260,"date":"2025-12-24T15:55:49","date_gmt":"2025-12-24T15:55:49","guid":{"rendered":"https:\/\/www.europesays.com\/de\/669260\/"},"modified":"2025-12-24T15:55:49","modified_gmt":"2025-12-24T15:55:49","slug":"polizisten-bei-explosion-in-moskau-getoetet","status":"publish","type":"post","link":"https:\/\/www.europesays.com\/de\/669260\/","title":{"rendered":"Polizisten bei Explosion in Moskau get\u00f6tet"},"content":{"rendered":"<p>            <img loading=\"lazy\" decoding=\"async\" class=\"ts-image\" src=\"https:\/\/www.europesays.com\/de\/wp-content\/uploads\/2025\/12\/moskau-384.jpg\" alt=\"Polizisten sperren eine Stra\u00dfe in Moskau.\" title=\"Polizisten sperren eine Stra\u00dfe in Moskau. | dpa\"\/><\/p>\n<p class=\"metatextline\">Stand: 24.12.2025 16:01 Uhr<\/p>\n<p class=\"article-head__shorttext\">\n        <strong>Zum zweiten Mal in dieser Woche hat eine Explosion die russische Hauptstadt ersch\u00fcttert. Beh\u00f6rden zufolge kamen zwei Polizisten und ein weiterer Mann ums Leben. Laut Ermittlern wurde ein Sprengk\u00f6rper gez\u00fcndet.<\/strong>\n    <\/p>\n<p class=\"textabsatz m-ten m-offset-one l-eight l-offset-two columns twelve\">Bei einer Explosion in Moskau sind nach russischen Beh\u00f6rdenangaben zwei Polizisten und ein Unbekannter get\u00f6tet worden. Nach Angaben des Ermittlungsausschusses f\u00fcr schwere Straftaten wurde &#8222;ein Sprengk\u00f6rper gez\u00fcndet&#8220;, als sich die Polizisten am fr\u00fchen Morgen einer verd\u00e4chtigen Person n\u00e4herten.<\/p>\n<p class=\"textabsatz m-ten m-offset-one l-eight l-offset-two columns twelve\">Zeugen zufolge ereignete sich die Explosion gegen 1.30 Uhr Ortszeit. Auf Bildern im russischen Fernsehen waren viele Polizisten zu sehen. Ermittler untersuchten den abgesperrten Tatort. Die Hintergr\u00fcnde sind bislang unklar.<\/p>\n<p>    Mehrere Vorf\u00e4lle seit Beginn des Ukraine-Kriegs<\/p>\n<p class=\"textabsatz m-ten m-offset-one l-eight l-offset-two columns twelve\">Aus Kreisen des ukrainischen Milit\u00e4rgeheimdienstes (HUR) wurde die &#8222;Eliminierung&#8220; der Polizeibeamten begr\u00fc\u00dft, wie die Nachrichtenagentur AFP berichtete. Diese h\u00e4tten in der Ukraine gek\u00e4mpft und &#8222;ukrainische Kriegsgefangene gefoltert&#8220;. Eine Beteiligung an dem Angriff wurde aber nicht best\u00e4tigt. Demnach sei der Angriff von einem &#8222;Einheimischen&#8220; ausgef\u00fchrt worden. Von russischer Seite gab es zun\u00e4chst keine Angaben dazu.<\/p>\n<p class=\"textabsatz m-ten m-offset-one l-eight l-offset-two columns twelve\">Der Vorfall ereignete sich offenbar nahe des Ortes, an dem am Montag bereits ein hochrangiges Mitglied des russischen Generalstabs <a href=\"https:\/\/www.tagesschau.de\/ausland\/europa\/russland-explosion-autobombe-100.html\" title=\"Beh\u00f6rden pr\u00fcfen ukrainische Beteiligung an Explosion in Moskau\" target=\"_blank\" rel=\"noopener\">durch eine Autobombe get\u00f6tet wurde.<\/a> Laut russischen Ermittlern k\u00f6nnte die Ukraine hinter dem Anschlag auf den General Fanil Sarwarow gesteckt haben.<\/p>\n<p class=\"textabsatz m-ten m-offset-one l-eight l-offset-two columns twelve\">Seit Beginn der russischen Offensive in der Ukraine im Februar 2022 wurden bereits mehrere mit dem Milit\u00e4reinsatz in Verbindung stehende Russen bei Sprengstoffanschl\u00e4gen in Russland get\u00f6tet. Kiew hat sich zu einigen der Anschl\u00e4ge bekannt.<\/p>\n","protected":false},"excerpt":{"rendered":"Stand: 24.12.2025 16:01 Uhr Zum zweiten Mal in dieser Woche hat eine Explosion die russische Hauptstadt ersch\u00fcttert. Beh\u00f6rden&hellip;\n","protected":false},"author":2,"featured_media":669261,"comment_status":"","ping_status":"","sticky":false,"template":"","format":"standard","meta":{"footnotes":""},"categories":[3],"tags":[13,14,15,307,12,10,8,9,11,317,103,104],"class_list":{"0":"post-669260","1":"post","2":"type-post","3":"status-publish","4":"format-standard","5":"has-post-thumbnail","7":"category-welt","8":"tag-headlines","9":"tag-nachrichten","10":"tag-news","11":"tag-russland","12":"tag-schlagzeilen","13":"tag-top-news","14":"tag-top-meldungen","15":"tag-topmeldungen","16":"tag-topnews","17":"tag-ukraine","18":"tag-welt","19":"tag-world"},"share_on_mastodon":{"url":"https:\/\/pubeurope.com\/@de\/115775369183822933","error":""},"_links":{"self":[{"href":"https:\/\/www.europesays.com\/de\/wp-json\/wp\/v2\/posts\/669260","targetHints":{"allow":["GET"]}}],"collection":[{"href":"https:\/\/www.europesays.com\/de\/wp-json\/wp\/v2\/posts"}],"about":[{"href":"https:\/\/www.europesays.com\/de\/wp-json\/wp\/v2\/types\/post"}],"author":[{"embeddable":true,"href":"https:\/\/www.europesays.com\/de\/wp-json\/wp\/v2\/users\/2"}],"replies":[{"embeddable":true,"href":"https:\/\/www.europesays.com\/de\/wp-json\/wp\/v2\/comments?post=669260"}],"version-history":[{"count":0,"href":"https:\/\/www.europesays.com\/de\/wp-json\/wp\/v2\/posts\/669260\/revisions"}],"wp:featuredmedia":[{"embeddable":true,"href":"https:\/\/www.europesays.com\/de\/wp-json\/wp\/v2\/media\/669261"}],"wp:attachment":[{"href":"https:\/\/www.europesays.com\/de\/wp-json\/wp\/v2\/media?parent=669260"}],"wp:term":[{"taxonomy":"category","embeddable":true,"href":"https:\/\/www.europesays.com\/de\/wp-json\/wp\/v2\/categories?post=669260"},{"taxonomy":"post_tag","embeddable":true,"href":"https:\/\/www.europesays.com\/de\/wp-json\/wp\/v2\/tags?post=669260"}],"curies":[{"name":"wp","href":"https:\/\/api.w.org\/{rel}","templated":true}]}}