{"id":669329,"date":"2025-12-24T16:45:31","date_gmt":"2025-12-24T16:45:31","guid":{"rendered":"https:\/\/www.europesays.com\/de\/669329\/"},"modified":"2025-12-24T16:45:31","modified_gmt":"2025-12-24T16:45:31","slug":"positive-bilanz-der-nuernberger-polizei","status":"publish","type":"post","link":"https:\/\/www.europesays.com\/de\/669329\/","title":{"rendered":"Positive Bilanz der N\u00fcrnberger Polizei"},"content":{"rendered":"<p>N\u00fcrnberger Christkindlesmarkt <\/p>\n<p>Polizei zieht positives Fazit: &#8222;Die Leute f\u00fchlen sich sicher&#8220;<\/p>\n<ul class=\"grid grid-flow-col gap-4\" aria-label=\"Autorenbilder\">\n<li class=\"leading-0\"><img data-tb-author-image=\"\"  loading=\"lazy\" src=\"https:\/\/www.europesays.com\/de\/wp-content\/uploads\/2025\/11\/1764485653_271_image.jpg\" alt=\"\" title=\"\" width=\"40\" height=\"40\" class=\"\" decoding=\"async\"\/><\/li>\n<\/ul>\n<p>Aktualisiert am 24.12.2025 &#8211; 16:48 UhrLesedauer: 3 Min.<\/p>\n<p><a href=\"#focus-0\" class=\"transition-colors duration-200 block text-current relative\" data-sctrack=\"FocusGalleryImage.Reference\"><img fetchpriority=\"high\" data-testid=\"Opener.Image\" style=\"--lqipURL:url('https:\/\/images.t-online.de\/2025\/12\/DxAZeOoqHxhR\/0x209:4000x2250\/fit-in\/150x0\/filters:blur(25)\/christkindlesmarkt-nuernberg-14-122025-blick-ueber-einen-abgesicherten-platz-waehrend-des-christkindlesmarkts-im-vordergrund-sind-mehrere-mobile-fahrzeugbarrieren-als-sicherheitsmassnahme-gegen-moegliche-amokfahrten-aufgestellt-rechts-steht-ein-polizeifahrzeug-im-hintergrund-bewegen-sich-zahlreiche-besucher-zwischen-festlich-beleuchteten-marktstaenden-und-gebaeuden-weihnachtsbeleuchtung-und-der-marktbetrieb-praegen-die-szene-nuernberg-bayern-deutschland-christkindlesmarkt-nuremberg-14-12-2025-view-over.jpg')\"   loading=\"eager\" src=\"https:\/\/www.europesays.com\/de\/wp-content\/uploads\/2025\/12\/christkindlesmarkt-nuernberg-14-122025-blick-ueber-einen-abgesicherten-platz-waehrend-des-christkind.jpeg\" alt=\"imago images 0842753084\" title=\"imago images 0842753084\" width=\"4000\" height=\"2250\" class=\"bg-[url:var(--lqipURL)] bg-cover bg-center flex h-full w-full max-w-full\" decoding=\"async\"\/><img style=\"--width:32;--height:32\" loading=\"lazy\" src=\"https:\/\/nuernberg.t-online.de\/s\/paper\/_next\/static\/media\/zoom-in.f7dae02f.svg\" alt=\"Vergr\u00f6\u00dfern des Bildes\" title=\"Vergr\u00f6\u00dfern des Bildes\" class=\"block h-[calc(var(--height)_\/_16_*_1rem)] w-[calc(var(--width)_\/_16_*_1rem)] max-w-none absolute bottom-8 right-8 rounded-4 bg-snow p-8\" decoding=\"async\"\/><\/a><\/p>\n<p>Pollersystem und ein Einsatzwagen auf dem Christkindlesmarkt: Die Polizei ist zufrieden mit ihrem Konzept. (Quelle: IMAGO\/Ardan Fuessmann\/imago)<\/p>\n<p class=\"font-bold text-18 leading-17\">Nicht einmal Gl\u00fchwein-Eskapaden: Die Polizei zeigt sich mit dem Verlauf des N\u00fcrnberger Christkindlesmarkts zufrieden.<\/p>\n<p class=\"text-18 leading-17\">Das Polizeipr\u00e4sidium Mittelfranken meldet sich zu Heiligabend mit einer positiven Bilanz zum <a class=\"transition-colors duration-200 cursor-pointer text-inherit no-underline text-salemsfur md:hover:text-magenta md:hover:border-magenta md:focus:text-magenta border-current border-b border-solid break-words\" href=\"https:\/\/www.t-online.de\/themen\/nuernberger-christkindlesmarkt\/\" data-sctrack=\"BodyAnchor\" target=\"_blank\" rel=\"noopener\">N\u00fcrnberger Christkindlesmarkt<\/a>. Der traditionsreiche Markt sei ruhig und friedlich verlaufen, teilte die Beh\u00f6rde mit. Gr\u00f6\u00dfere Zwischenf\u00e4lle habe es nicht gegeben.<\/p>\n<p class=\"text-18 leading-17\">Bereits am Dienstag hatte Einsatzleiter Stefan Thiele der N\u00fcrnberger Lokalredaktion von t-online das erfreuliche Fazit best\u00e4tigt: So habe es seit Er\u00f6ffnung am 28. November bis zum Schluss am 24. Dezember &#8222;keine brenzlige Situation&#8220; gegeben. Zuvor hatten zahlreiche <a class=\"transition-colors duration-200 cursor-pointer text-inherit no-underline text-salemsfur md:hover:text-magenta md:hover:border-magenta md:focus:text-magenta border-current border-b border-solid break-words\" href=\"https:\/\/www.t-online.de\/themen\/weihnachtsmaerkte-nuernberg\/\" data-sctrack=\"BodyAnchor\" target=\"_blank\" rel=\"noopener\">Weihnachtsm\u00e4rkte<\/a> in ganz Deutschland ihre Sicherheitsvorkehrungen erh\u00f6ht, um m\u00f6gliche Terroranschl\u00e4ge zu verhindern.<\/p>\n<p class=\"text-18 leading-17\">Zum Ende des traditionsreichen Weihnachtsmarktes teilte die Polizei am Mittwoch mit, dass nur wenige Straftaten registriert worden seien. Die Zahl der Handtaschendiebst\u00e4hle lag demnach knapp unter zehn F\u00e4llen. Zwei Standbetreiber sollen Anzeige wegen Diebstahls beziehungsweise Sachbesch\u00e4digung erstattet haben. In einem Fall sei die Plane eines Standes aufgeschlitzt worden. Bei einer Taschenkontrolle stellte die Polizei ein verbotenes Einhandmesser sicher.<\/p>\n<p class=\"text-18 leading-17\">Davon abgesehen besch\u00e4ftigten die Einsatzkr\u00e4fte oft im Gemenge verloren gegangene Kinder. Die konnten allerdings innerhalb weniger Minuten wiedergefunden werden. Sogar das Thema Alkohol spielte in diesem Jahr kaum eine Rolle: &#8222;Wir haben keine einzige Streitigkeit erlebt, die auf Gl\u00fchwein zur\u00fcckzuf\u00fchren ist.&#8220;<\/p>\n<p class=\"text-18 leading-17\">Mit der Mischung aus altbew\u00e4hrtem Sicherheitskonzept, baulichen Schutzma\u00dfnahmen und sichtbarer Polizeipr\u00e4senz sei man sehr zufrieden. Neben den klassischen Betonpollern und Blumenk\u00fcbeln sorgten dieses Jahr auch rot markierte \u00dcberfahrsperren f\u00fcr mehr Sicherheit: Einmal, um auch potenzielle Zufahrten zu blockieren, aber auch, um eine deutliche Sicherheit an die Besucher auszustrahlen. Laut Thiele erhielt die Polizei von Besuchern sogar Lob: &#8222;Die sagen dann: &#8218;Ist aber klasse&#8216;.&#8220;<\/p>\n<p class=\"text-18 leading-17\">Nach Angaben der Stadt N\u00fcrnberg standen rund um die Zufahrtsstra\u00dfen des Markts etwa zwei Dutzend solcher Poller. Die Kosten daf\u00fcr beziffere man auf einen niedrigen sechsstelligen Betrag, hei\u00dft es auf Nachfrage aus dem Rathaus.<\/p>\n","protected":false},"excerpt":{"rendered":"N\u00fcrnberger Christkindlesmarkt Polizei zieht positives Fazit: &#8222;Die Leute f\u00fchlen sich sicher&#8220; Aktualisiert am 24.12.2025 &#8211; 16:48 UhrLesedauer: 3&hellip;\n","protected":false},"author":2,"featured_media":669330,"comment_status":"","ping_status":"","sticky":false,"template":"","format":"standard","meta":{"footnotes":""},"categories":[1837],"tags":[772,128107,3364,29,8393,30,5527,4156,3783,128547,121,155844,2552,155843,226],"class_list":{"0":"post-669329","1":"post","2":"type-post","3":"status-publish","4":"format-standard","5":"has-post-thumbnail","7":"category-nuernberg","8":"tag-bayern","9":"tag-christkindlesmarkt","10":"tag-de","11":"tag-deutschland","12":"tag-einsatzwagen","13":"tag-germany","14":"tag-heiligabend","15":"tag-mittelfranken","16":"tag-nuernberg","17":"tag-nuernberger-christkindlesmarkt","18":"tag-polizei","19":"tag-pollersystem","20":"tag-sachbeschaedigung","21":"tag-stefan-thiele","22":"tag-t-online"},"share_on_mastodon":{"url":"https:\/\/pubeurope.com\/@de\/115775560077539485","error":""},"_links":{"self":[{"href":"https:\/\/www.europesays.com\/de\/wp-json\/wp\/v2\/posts\/669329","targetHints":{"allow":["GET"]}}],"collection":[{"href":"https:\/\/www.europesays.com\/de\/wp-json\/wp\/v2\/posts"}],"about":[{"href":"https:\/\/www.europesays.com\/de\/wp-json\/wp\/v2\/types\/post"}],"author":[{"embeddable":true,"href":"https:\/\/www.europesays.com\/de\/wp-json\/wp\/v2\/users\/2"}],"replies":[{"embeddable":true,"href":"https:\/\/www.europesays.com\/de\/wp-json\/wp\/v2\/comments?post=669329"}],"version-history":[{"count":0,"href":"https:\/\/www.europesays.com\/de\/wp-json\/wp\/v2\/posts\/669329\/revisions"}],"wp:featuredmedia":[{"embeddable":true,"href":"https:\/\/www.europesays.com\/de\/wp-json\/wp\/v2\/media\/669330"}],"wp:attachment":[{"href":"https:\/\/www.europesays.com\/de\/wp-json\/wp\/v2\/media?parent=669329"}],"wp:term":[{"taxonomy":"category","embeddable":true,"href":"https:\/\/www.europesays.com\/de\/wp-json\/wp\/v2\/categories?post=669329"},{"taxonomy":"post_tag","embeddable":true,"href":"https:\/\/www.europesays.com\/de\/wp-json\/wp\/v2\/tags?post=669329"}],"curies":[{"name":"wp","href":"https:\/\/api.w.org\/{rel}","templated":true}]}}