{"id":669350,"date":"2025-12-24T17:02:16","date_gmt":"2025-12-24T17:02:16","guid":{"rendered":"https:\/\/www.europesays.com\/de\/669350\/"},"modified":"2025-12-24T17:02:16","modified_gmt":"2025-12-24T17:02:16","slug":"weihnachtsmann-will-sonnenschein-in-den-winter-bringen","status":"publish","type":"post","link":"https:\/\/www.europesays.com\/de\/669350\/","title":{"rendered":"Weihnachtsmann will Sonnenschein in den Winter bringen"},"content":{"rendered":"<p>Brauchtum <\/p>\n<p>Weihnachtsmann will Sonnenschein in den Winter bringen<\/p>\n<p>Aktualisiert am 24.12.2025 &#8211; 14:35 UhrLesedauer: 3 Min.<\/p>\n<p><a href=\"#focus-0\" class=\"transition-colors duration-200 block text-current relative\" data-sctrack=\"FocusGalleryImage.Reference\"><img fetchpriority=\"high\" data-testid=\"Opener.Image\" style=\"--lqipURL:url('https:\/\/images.t-online.de\/2025\/12\/JirQlFDbcrjE\/0x107:2048x1152\/fit-in\/150x0\/filters:blur(25)\/andre-adelinia-ist-als-leipziger-weihnachtsmann-mit-einem-reich-dekorierten-auto-unterwegs.jpg')\"   loading=\"eager\" src=\"https:\/\/www.europesays.com\/de\/wp-content\/uploads\/2025\/12\/andre-adelinia-ist-als-leipziger-weihnachtsmann-mit-einem-reich-dekorierten-auto-unterwegs.jpg\" alt=\"Weihnachtsmann in Aktion\" title=\"Weihnachtsmann in Aktion\" width=\"2048\" height=\"1152\" class=\"bg-[url:var(--lqipURL)] bg-cover bg-center flex h-full w-full max-w-full\" decoding=\"async\"\/><img style=\"--width:32;--height:32\" loading=\"lazy\" src=\"https:\/\/www.t-online.de\/s\/paper\/_next\/static\/media\/zoom-in.f7dae02f.svg\" alt=\"Vergr\u00f6\u00dfern des Bildes\" title=\"Vergr\u00f6\u00dfern des Bildes\" class=\"block h-[calc(var(--height)_\/_16_*_1rem)] w-[calc(var(--width)_\/_16_*_1rem)] max-w-none absolute bottom-8 right-8 rounded-4 bg-snow p-8\" decoding=\"async\"\/><\/a><\/p>\n<p>Andr\u00e9 Adelinia ist als Leipziger Weihnachtsmann mit einem reich dekorierten Auto unterwegs. (Quelle: Sebastian Willnow\/dpa\/dpa-bilder)<\/p>\n<p class=\"font-bold text-18 leading-17\">Eine Zunft hat Heiligabend richtig Stress: M\u00e4nner mit wei\u00dfen B\u00e4rten und roten M\u00e4nteln. In Leipzig ist seit langem ein Weihnachtsmann in einem bunten Gef\u00e4hrt unterwegs und l\u00f6st damit viel Freude aus.<\/p>\n<p class=\"text-18 leading-17\">Vorbei die Zeiten, als der Weihnachtsmann noch mit dem Schlitten kam und erst einmal den Schnee von seinem Mantel absch\u00fctteln musste. Der Weihnachtsmann von heute kann sich weder auf das Wetter noch auf \u00f6ffentliche Verkehrsmittel verlassen. Er muss seine Route genau vorbereiten, um m\u00f6glichst viele Kinderherzen zu erw\u00e4rmen. Der vielleicht bekannteste Weihnachtsmann von Leipzig plant seine Tour mit Google Maps.<\/p>\n<p class=\"text-18 leading-17\">Diesmal hat Andr\u00e9 Adelinia mehr als 40 Kinder an 24 Orten aufzusuchen. Die Dauer der Bescherung gilt es genauso zu berechnen wie die Zeit dazwischen. &#8222;Bis jetzt hat es immer gepasst&#8220;, sagt der Mann, dessen langer Bart inzwischen &#8222;in Ehren ergraut&#8220; ist, wie er es ausdr\u00fcckt. Fr\u00fcher hat der 61-J\u00e4hrige seinen Bart anmalen m\u00fcssen, damit das Markenzeichen des Weihnachtsmannes wirklich wei\u00df wurde. Heute reichen dazu ein paar Minuten Retusche.<\/p>\n<p class=\"text-18 leading-17\">Adelinia arbeitet als Ergotherapeut im Ma\u00dfregelvollzug. Seine Berufung als Weihnachtsmann fand er 2008 eher zuf\u00e4llig. Die achtj\u00e4hrige Tochter seiner Schwester war damals vom Weihnachtsmannglauben abgefallen und drohte anderen Kindern die Freude zu nehmen. Also musste ein &#8222;richtiger&#8220; Vertreter des Fachs her. Adelinia \u00fcbernahm den Auftrag und \u00fcberzeugte \u2013 auch die Achtj\u00e4hrige. Sie hatte den Bart als echt erkannt und wurde so wieder gl\u00e4ubig.<\/p>\n<p class=\"text-18 leading-17\">Seither schl\u00fcpft Andr\u00e9 Adelinia alle Jahre wieder in die Rolle des Weihnachtsmannes. Mit seinem illuminierten VW Polo Harlekin, auf dessen Dach ein gro\u00dfer und ein kleiner Teddy mitfahren, ist er inzwischen bekannt wie ein bunter Hund. Viele z\u00fccken die Handys f\u00fcr ein Foto oder Video. Manchmal legt er spontan einen Zwischenstopp ein, wenn er Leute mit Kindern am Stra\u00dfenrand sieht. &#8222;Ich habe nat\u00fcrlich immer ein paar kleine Sachen dabei.&#8220;<\/p>\n<p class=\"text-18 leading-17\">Seit der Corona-Pandemie beschenkt er die Kinder nur noch vor der Haust\u00fcr. Es sind M\u00e4dchen und Jungen aus Familien des Freundes- oder Bekanntenkreises. Die Geschenke sind in der Regel am Haus oder in der N\u00e4he deponiert.<\/p>\n","protected":false},"excerpt":{"rendered":"Brauchtum Weihnachtsmann will Sonnenschein in den Winter bringen Aktualisiert am 24.12.2025 &#8211; 14:35 UhrLesedauer: 3 Min. Andr\u00e9 Adelinia&hellip;\n","protected":false},"author":2,"featured_media":669351,"comment_status":"","ping_status":"","sticky":false,"template":"","format":"standard","meta":{"footnotes":""},"categories":[1832],"tags":[17274,513,3364,29,30,53292,71,859,603,41324],"class_list":{"0":"post-669350","1":"post","2":"type-post","3":"status-publish","4":"format-standard","5":"has-post-thumbnail","7":"category-leipzig","8":"tag-brauchtum","9":"tag-auto","10":"tag-de","11":"tag-deutschland","12":"tag-germany","13":"tag-google-maps","14":"tag-leipzig","15":"tag-sachsen","16":"tag-vw","17":"tag-vw-polo"},"share_on_mastodon":{"url":"https:\/\/pubeurope.com\/@de\/115775626565941625","error":""},"_links":{"self":[{"href":"https:\/\/www.europesays.com\/de\/wp-json\/wp\/v2\/posts\/669350","targetHints":{"allow":["GET"]}}],"collection":[{"href":"https:\/\/www.europesays.com\/de\/wp-json\/wp\/v2\/posts"}],"about":[{"href":"https:\/\/www.europesays.com\/de\/wp-json\/wp\/v2\/types\/post"}],"author":[{"embeddable":true,"href":"https:\/\/www.europesays.com\/de\/wp-json\/wp\/v2\/users\/2"}],"replies":[{"embeddable":true,"href":"https:\/\/www.europesays.com\/de\/wp-json\/wp\/v2\/comments?post=669350"}],"version-history":[{"count":0,"href":"https:\/\/www.europesays.com\/de\/wp-json\/wp\/v2\/posts\/669350\/revisions"}],"wp:featuredmedia":[{"embeddable":true,"href":"https:\/\/www.europesays.com\/de\/wp-json\/wp\/v2\/media\/669351"}],"wp:attachment":[{"href":"https:\/\/www.europesays.com\/de\/wp-json\/wp\/v2\/media?parent=669350"}],"wp:term":[{"taxonomy":"category","embeddable":true,"href":"https:\/\/www.europesays.com\/de\/wp-json\/wp\/v2\/categories?post=669350"},{"taxonomy":"post_tag","embeddable":true,"href":"https:\/\/www.europesays.com\/de\/wp-json\/wp\/v2\/tags?post=669350"}],"curies":[{"name":"wp","href":"https:\/\/api.w.org\/{rel}","templated":true}]}}