{"id":669418,"date":"2025-12-24T17:42:24","date_gmt":"2025-12-24T17:42:24","guid":{"rendered":"https:\/\/www.europesays.com\/de\/669418\/"},"modified":"2025-12-24T17:42:24","modified_gmt":"2025-12-24T17:42:24","slug":"pol-mg-pkw-ueberschlaegt-sich-nach-zusammenstoss-und-bleibt-auf-dem-dach-liegen","status":"publish","type":"post","link":"https:\/\/www.europesays.com\/de\/669418\/","title":{"rendered":"POL-MG: PKW \u00fcberschl\u00e4gt sich nach Zusammensto\u00df und bleibt auf dem Dach liegen"},"content":{"rendered":"<p class=\"date\">24.12.2025 \u2013 18:10<\/p>\n<p class=\"customer\">\n                        <a class=\"story-customer\" title=\"weiter zum newsroom von Polizei M\u00f6nchengladbach\" href=\"https:\/\/www.presseportal.de\/blaulicht\/nr\/30127\" target=\"_blank\" rel=\"noopener\">Polizei M\u00f6nchengladbach<\/a>\n                    <\/p>\n<p><a class=\"glightbox event-trigger\" href=\"https:\/\/cache.pressmailing.net\/thumbnail\/story_hires\/0f8d54ab-40d4-4b9b-b8b7-c2176241baa7\/TeamwireDatei-Dez24202512_23PM.png.jpg\" data-description=\"PKW bleibt auf dem Dach liegen\" data-category=\"medialightbox\" data-action=\"click\" data-label=\"single\" data-value=\"694c1e8c270000fd2c516087\" target=\"_blank\" rel=\"noopener\"><img decoding=\"async\" height=\"540\" with=\"720\" src=\"https:\/\/www.europesays.com\/de\/wp-content\/uploads\/2025\/12\/pol-mg-pkw-berschl-gt-sich-nach-zusammensto-und-bleibt-auf-dem-dach-liegen.jpeg\"   alt=\"POL-MG: PKW \u00fcberschl\u00e4gt sich nach Zusammensto\u00df und bleibt auf dem Dach liegen\" class=\"single\"\/><\/a><\/p>\n<p><a data-category=\"citylink-story-view\" data-action=\"click\" data-label=\"Citylink in Meldungsansicht\" class=\"story-city event-trigger\" href=\"https:\/\/www.presseportal.de\/regional\/M%F6nchengladbach\" title=\"News aus M\u00f6nchengladbach \" target=\"_blank\" rel=\"noopener\">M\u00f6nchengladbach<\/a> (ots)<\/p>\n<p>Ein 33-J\u00e4hriger M\u00f6nchengladbacher befuhr mit seinem PKW die Landstra\u00dfe 39 aus Fahrtrichtung Bundesautobahn 61 AS G\u00fcdderath kommend und beabsichtigte, nach links in Richtung Wickrathberg abzubiegen. Dabei \u00fcbersah er den auf der Landstra\u00dfe 277 (Auf dem Damm) von rechts kommenden bevorrechtigten PKW der 18-j\u00e4hrigen M\u00f6nchengladbacherin. Infolge der anschlie\u00dfenden Kollision geriet das Fahrzeug der M\u00f6nchengladbacherin derart ins schleudern, dass sich dieses \u00fcberschlug und letztendlich auf dem Dach im Bereich eines angrenzenden Gr\u00fcnstreifens liegen blieb. Nach derzeitigem Stand musste die 18-J\u00e4hrige zur ambulanten Behandlung einem Krankenhaus zugef\u00fchrt werden. Es entstand an beiden Fahrzeugen erheblicher Sachschaden. Das Fahrzeug der M\u00f6nchengladbacherin war nicht mehr fahrbereit und musste von der Unfall\u00f6rtlichkeit abgeschleppt werden. Auslaufende Betriebsstoffe mussten durch ein Spezialfahrzeug entfernt werden. F\u00fcr den Zeitraum der Unfallaufnahme musste die Unfall\u00f6rtlichkeit in beide Fahrtrichtungen gesperrt werden. Es kam lediglich zu leichten Verkehrsbeeintr\u00e4chtigungen. (Bi.)<\/p>\n<p class=\"contact-headline\">R\u00fcckfragen von Journalisten bitte an:<\/p>\n<p class=\"contact-text\">Polizei M\u00f6nchengladbach<br \/>Leitstelle<\/p>\n<p>Telefon: 02161\/29 20 145<br \/>Fax: 02161\/29 20 199<br \/><a target=\"_blank\" class=\"uri-ext outbound\" rel=\"noopener\" href=\"https:\/\/moenchengladbach.polizei.nrw\">https:\/\/moenchengladbach.polizei.nrw<\/a><\/p>\n<p class=\"originator\">Original-Content von: Polizei M\u00f6nchengladbach, \u00fcbermittelt durch news aktuell<\/p>\n","protected":false},"excerpt":{"rendered":"24.12.2025 \u2013 18:10 Polizei M\u00f6nchengladbach M\u00f6nchengladbach (ots) Ein 33-J\u00e4hriger M\u00f6nchengladbacher befuhr mit seinem PKW die Landstra\u00dfe 39 aus&hellip;\n","protected":false},"author":2,"featured_media":669419,"comment_status":"","ping_status":"","sticky":false,"template":"","format":"standard","meta":{"footnotes":""},"categories":[1849],"tags":[3364,29,548,663,3934,30,13,177,4455,14,15,1209,176,121,178,180,179,181,12],"class_list":{"0":"post-669418","1":"post","2":"type-post","3":"status-publish","4":"format-standard","5":"has-post-thumbnail","7":"category-moenchengladbach","8":"tag-de","9":"tag-deutschland","10":"tag-eu","11":"tag-europa","12":"tag-europe","13":"tag-germany","14":"tag-headlines","15":"tag-kriminalitt","16":"tag-moenchengladbach","17":"tag-nachrichten","18":"tag-news","19":"tag-nordrhein-westfalen","20":"tag-nrw","21":"tag-polizei","22":"tag-presse","23":"tag-pressemeldung","24":"tag-pressemitteilung","25":"tag-pressemitteilungen","26":"tag-schlagzeilen"},"share_on_mastodon":{"url":"https:\/\/pubeurope.com\/@de\/115775784487295080","error":""},"_links":{"self":[{"href":"https:\/\/www.europesays.com\/de\/wp-json\/wp\/v2\/posts\/669418","targetHints":{"allow":["GET"]}}],"collection":[{"href":"https:\/\/www.europesays.com\/de\/wp-json\/wp\/v2\/posts"}],"about":[{"href":"https:\/\/www.europesays.com\/de\/wp-json\/wp\/v2\/types\/post"}],"author":[{"embeddable":true,"href":"https:\/\/www.europesays.com\/de\/wp-json\/wp\/v2\/users\/2"}],"replies":[{"embeddable":true,"href":"https:\/\/www.europesays.com\/de\/wp-json\/wp\/v2\/comments?post=669418"}],"version-history":[{"count":0,"href":"https:\/\/www.europesays.com\/de\/wp-json\/wp\/v2\/posts\/669418\/revisions"}],"wp:featuredmedia":[{"embeddable":true,"href":"https:\/\/www.europesays.com\/de\/wp-json\/wp\/v2\/media\/669419"}],"wp:attachment":[{"href":"https:\/\/www.europesays.com\/de\/wp-json\/wp\/v2\/media?parent=669418"}],"wp:term":[{"taxonomy":"category","embeddable":true,"href":"https:\/\/www.europesays.com\/de\/wp-json\/wp\/v2\/categories?post=669418"},{"taxonomy":"post_tag","embeddable":true,"href":"https:\/\/www.europesays.com\/de\/wp-json\/wp\/v2\/tags?post=669418"}],"curies":[{"name":"wp","href":"https:\/\/api.w.org\/{rel}","templated":true}]}}