{"id":669420,"date":"2025-12-24T17:43:17","date_gmt":"2025-12-24T17:43:17","guid":{"rendered":"https:\/\/www.europesays.com\/de\/669420\/"},"modified":"2025-12-24T17:43:17","modified_gmt":"2025-12-24T17:43:17","slug":"neuer-tiger-in-der-zoom-gelsenkirchen-es-sollte-nicht-lange-dauern","status":"publish","type":"post","link":"https:\/\/www.europesays.com\/de\/669420\/","title":{"rendered":"Neuer Tiger in der Zoom Gelsenkirchen \u2013 es sollte nicht lange dauern"},"content":{"rendered":"<p>Was war dieses Jahr alles bei den Zoos in NRW los? Die Zoom Erlebniswelt zum Beispiel konnte sich \u00fcber einen Neuzuwachs freuen. Im Sommer zog \u201eOdraj\u201c in den Zoo in <a href=\"https:\/\/www.derwesten.de\/staedte\/gelsenkirchen\" target=\"_blank\" rel=\"noopener\">Gelsenkirchen <\/a>\u2013 ein besonderer Moment f\u00fcr die Besucher.<\/p>\n<p>Und so wollen wir zum Ende des Jahres dieses Highlight 2025 einmal Revue passieren lassen und blicken noch einmal auf die Ankunft des Tigers in der <a href=\"https:\/\/www.derwesten.de\/themen\/zoo-gelsenkirchen\" target=\"_blank\" rel=\"noopener\">Zoom Erlebniswelt Gelsenkirchen<\/a> zur\u00fcck.<\/p>\n<p> Zoom Gelsenkirchen begr\u00fc\u00dft neuen Tiger <\/p>\n<p>Ein Jahr zuvor hatte das Tiger-M\u00e4nnchen \u201eThrax\u201c den Gelsenkirchener Zoo nach seinem Ableben in Trauer versetzt. Doch im Sommer begr\u00fc\u00dften die Mitarbeiter und Besucher Neuzugang Odraj aus Polen. Der stattliche Nachfolger war zum Zeitpunkt seiner Ankunft zwar erst zwei Jahre alt, doch wie es sich f\u00fcr einen Sibirischen Tiger oder auch Amurtiger genannt geh\u00f6rt, bereits ausgewachsen.<\/p>\n<p>Ein Tier kommt ein Tier geht: <a href=\"https:\/\/www.derwesten.de\/region\/zoom-gelsenkirchen-krefeld-schimpanse-yumma-umzug-besucher-id301874598.html\" target=\"_blank\" rel=\"noopener\">Zoom Gelsenkirchen muss Besucher-Liebling verabschieden \u2013 \u201eLass es dir gutgehen\u201c<\/a><\/p>\n<p>Doch damit das M\u00e4nnchen auch richtig im Pott ankommen konnte, hatten sich die Pfleger einen neuen Namen ausgedacht: Tian \u2013 \u00fcbersetzt bedeutet das: Himmel. Ein sch\u00f6ner Name und ganz der Gelsenkirchener Anfangsbuchstaben-Tradition folgend. Nach Thrax kommt Tian, der mit Tiger-Weibchen Tamika Nachwuchs zeugen soll.<\/p>\n<p> Zoom Gelsenkirchen-Besucher k\u00f6nnen Tian nun auch sehen <\/p>\n<p>Die Ankunft f\u00fcr Tian in Gelsenkirchen lief im \u00dcbrigen glatt und der Tiger \u00fcberstand die \u00dcberfahrt aus dem Nachbarland gut. Zur Eingew\u00f6hnung war der Kater die erste Zeit nicht zu sehen. Er hielt sich erst einmal hinter den Kulissen auf und die Besucher mussten sich lange Zeit gedulden. Die Zoom Erlebniswelt konnte Anfang Juli zun\u00e4chst nur mit Fotos und Videos \u00fcber diese Phase hinwegtr\u00f6sten.<\/p>\n<p class=\"has-text-align-center\"><strong>Auch interessant<\/strong>: Themen zu deutschen Zoos<\/p>\n<p>Mittlerweile k\u00f6nnen die Besucher Tamika und Tian gemeinsam im Gelsenkirchener Zoo besuchen und sie mit etwas Gl\u00fcck auch beim Schwimmen und Spielen beobachten.<\/p>\n","protected":false},"excerpt":{"rendered":"Was war dieses Jahr alles bei den Zoos in NRW los? Die Zoom Erlebniswelt zum Beispiel konnte sich&hellip;\n","protected":false},"author":2,"featured_media":669421,"comment_status":"","ping_status":"","sticky":false,"template":"","format":"standard","meta":{"footnotes":""},"categories":[1848],"tags":[3364,29,548,663,3934,3658,30,13,14,15,1209,12,17705],"class_list":{"0":"post-669420","1":"post","2":"type-post","3":"status-publish","4":"format-standard","5":"has-post-thumbnail","7":"category-gelsenkirchen","8":"tag-de","9":"tag-deutschland","10":"tag-eu","11":"tag-europa","12":"tag-europe","13":"tag-gelsenkirchen","14":"tag-germany","15":"tag-headlines","16":"tag-nachrichten","17":"tag-news","18":"tag-nordrhein-westfalen","19":"tag-schlagzeilen","20":"tag-zoo-gelsenkirchen"},"share_on_mastodon":{"url":"https:\/\/pubeurope.com\/@de\/115775786393844231","error":""},"_links":{"self":[{"href":"https:\/\/www.europesays.com\/de\/wp-json\/wp\/v2\/posts\/669420","targetHints":{"allow":["GET"]}}],"collection":[{"href":"https:\/\/www.europesays.com\/de\/wp-json\/wp\/v2\/posts"}],"about":[{"href":"https:\/\/www.europesays.com\/de\/wp-json\/wp\/v2\/types\/post"}],"author":[{"embeddable":true,"href":"https:\/\/www.europesays.com\/de\/wp-json\/wp\/v2\/users\/2"}],"replies":[{"embeddable":true,"href":"https:\/\/www.europesays.com\/de\/wp-json\/wp\/v2\/comments?post=669420"}],"version-history":[{"count":0,"href":"https:\/\/www.europesays.com\/de\/wp-json\/wp\/v2\/posts\/669420\/revisions"}],"wp:featuredmedia":[{"embeddable":true,"href":"https:\/\/www.europesays.com\/de\/wp-json\/wp\/v2\/media\/669421"}],"wp:attachment":[{"href":"https:\/\/www.europesays.com\/de\/wp-json\/wp\/v2\/media?parent=669420"}],"wp:term":[{"taxonomy":"category","embeddable":true,"href":"https:\/\/www.europesays.com\/de\/wp-json\/wp\/v2\/categories?post=669420"},{"taxonomy":"post_tag","embeddable":true,"href":"https:\/\/www.europesays.com\/de\/wp-json\/wp\/v2\/tags?post=669420"}],"curies":[{"name":"wp","href":"https:\/\/api.w.org\/{rel}","templated":true}]}}