{"id":669427,"date":"2025-12-24T17:49:19","date_gmt":"2025-12-24T17:49:19","guid":{"rendered":"https:\/\/www.europesays.com\/de\/669427\/"},"modified":"2025-12-24T17:49:19","modified_gmt":"2025-12-24T17:49:19","slug":"landratsamt-uebernimmt-aufgaben-der-waffen-und-sprengstoffbehoerde","status":"publish","type":"post","link":"https:\/\/www.europesays.com\/de\/669427\/","title":{"rendered":"Landratsamt \u00fcbernimmt Aufgaben der Waffen- und Sprengstoffbeh\u00f6rde"},"content":{"rendered":"<p><strong>Ab dem 1. Januar 2026 wird das Landratsamt Karlsruhe die Sachbearbeitung im Waffen- und Sprengstoffrecht f\u00fcr die Einwohnerinnen und Einwohner aus Stutensee \u00fcbernehmen.<\/strong><\/p>\n<p>Seit der Ernennung zur Gro\u00dfen Kreisstadt im Jahr 1997 ist Stutensee f\u00fcr das Waffen- und Sprengstoffrecht zust\u00e4ndig. Angegliedert ist dieser Aufgabenbereich an das Ordnungsamt. Da die Zahl der Vorg\u00e4nge laut Stadtverwaltung vernachl\u00e4ssigbar ist, war lediglich ein Sachbearbeiter in einem Drittel seiner Arbeitszeit mit entsprechenden Themen befasst.<\/p>\n<p>Das geringe Aufkommen f\u00fchre dazu, dass sich keine Routine einstelle und bei vom Standardfall abweichenden F\u00e4llen stets wieder ein zeitaufw\u00e4ndiges Einlesen in die Vorschriften erforderlich sei.<\/p>\n<p>Bei der vorhanden Personalkapazit\u00e4t k\u00f6nnten die notwendigen Kontrollen zur Waffenaufbewahrung nicht in der gebotenen Regelm\u00e4\u00dfigkeit durchgef\u00fchrt werden, so die Stadtverwaltung. Kontrolliert werde aus Gr\u00fcnden der Eigensicherung und aus Beweisgr\u00fcnden stets zu zweit, Sachbearbeitung zusammen mit dem Gemeindevollzugsdienst. \u201cEtwa nur ein Viertel der registrierten Waffenbesitzer konnte bislang kontrolliert werden\u201d, so die Verwaltung.<\/p>\n<p>Das Ordnungsamt hatte deshalb vorgeschlagen, diesen Aufgabenbereich an das Landratsamt zu verlagern. Der Gemeinderat war dem im November 2024 gefolgt. Nach Erlass der erforderlichen Verordnung der Landesregierung Baden-W\u00fcrttemberg wird dies nun zum Jahreswechsel umgesetzt.<\/p>\n<p>Das bedeutet, dass waffen- und sprengstoffrechtliche Angelegenheiten ab Januar nicht mehr bei der Waffen- und Sprengstoffbeh\u00f6rde Stutensee bearbeitet werden. Eine pers\u00f6nliche Vorsprache ist von da an nicht mehr m\u00f6glich. Bereits gestellte Antr\u00e4ge, beispielsweise f\u00fcr eine Waffenbesitzkarte oder eine Sprengstofferlaubnis, werden, sofern sie bis zum Monatswechsel nicht abschlie\u00dfend bearbeitet werden k\u00f6nnen, an das Landratsamt Karlsruhe weitergeleitet, teilt die Stadtverwaltung mit.<\/p>\n","protected":false},"excerpt":{"rendered":"Ab dem 1. Januar 2026 wird das Landratsamt Karlsruhe die Sachbearbeitung im Waffen- und Sprengstoffrecht f\u00fcr die Einwohnerinnen&hellip;\n","protected":false},"author":2,"featured_media":669428,"comment_status":"","ping_status":"","sticky":false,"template":"","format":"standard","meta":{"footnotes":""},"categories":[1844],"tags":[1634,3364,29,30,8903],"class_list":{"0":"post-669427","1":"post","2":"type-post","3":"status-publish","4":"format-standard","5":"has-post-thumbnail","7":"category-karlsruhe","8":"tag-baden-wuerttemberg","9":"tag-de","10":"tag-deutschland","11":"tag-germany","12":"tag-karlsruhe"},"share_on_mastodon":{"url":"","error":""},"_links":{"self":[{"href":"https:\/\/www.europesays.com\/de\/wp-json\/wp\/v2\/posts\/669427","targetHints":{"allow":["GET"]}}],"collection":[{"href":"https:\/\/www.europesays.com\/de\/wp-json\/wp\/v2\/posts"}],"about":[{"href":"https:\/\/www.europesays.com\/de\/wp-json\/wp\/v2\/types\/post"}],"author":[{"embeddable":true,"href":"https:\/\/www.europesays.com\/de\/wp-json\/wp\/v2\/users\/2"}],"replies":[{"embeddable":true,"href":"https:\/\/www.europesays.com\/de\/wp-json\/wp\/v2\/comments?post=669427"}],"version-history":[{"count":0,"href":"https:\/\/www.europesays.com\/de\/wp-json\/wp\/v2\/posts\/669427\/revisions"}],"wp:featuredmedia":[{"embeddable":true,"href":"https:\/\/www.europesays.com\/de\/wp-json\/wp\/v2\/media\/669428"}],"wp:attachment":[{"href":"https:\/\/www.europesays.com\/de\/wp-json\/wp\/v2\/media?parent=669427"}],"wp:term":[{"taxonomy":"category","embeddable":true,"href":"https:\/\/www.europesays.com\/de\/wp-json\/wp\/v2\/categories?post=669427"},{"taxonomy":"post_tag","embeddable":true,"href":"https:\/\/www.europesays.com\/de\/wp-json\/wp\/v2\/tags?post=669427"}],"curies":[{"name":"wp","href":"https:\/\/api.w.org\/{rel}","templated":true}]}}