{"id":669439,"date":"2025-12-24T17:59:23","date_gmt":"2025-12-24T17:59:23","guid":{"rendered":"https:\/\/www.europesays.com\/de\/669439\/"},"modified":"2025-12-24T17:59:23","modified_gmt":"2025-12-24T17:59:23","slug":"von-rheinischer-strecke-zum-wohnen-an-nordbahntrasse","status":"publish","type":"post","link":"https:\/\/www.europesays.com\/de\/669439\/","title":{"rendered":"Von Rheinischer Strecke zum Wohnen an Nordbahntrasse"},"content":{"rendered":"<p class=\"text_ohne_einzug richtext text-em-55 !leading-serif mx-6 desktop:mx-0\">2016 war ein st\u00e4dtebauliches Konzept f\u00fcr die Quartiersentwicklung durchgef\u00fchrt worden. Teile der Pl\u00e4ne wurden bereits auf der Nordseite, dem Goldammerweg, umgesetzt. Auf der S\u00fcdseite, dem einstigen Personenbahnhof und dem \u00d6l- und Rohstofflager, laufen in der Stadtverwaltung die Planungen mit der Bahnfl\u00e4chen-Entwicklungsgesellschaft Aurelis.<\/p>\n<p class=\"text_ohne_einzug richtext text-em-55 !leading-serif mx-6 desktop:mx-0\">Die Firma Ten Brinke hat sich f\u00fcr das \u201eParkquartier Heubruch\u201d viel Investitionsvolumen vorgenommen. Die Gesamtfl\u00e4che ist 5,5 Hektar (55.000 Quadratmeter) gro\u00df. Etwa 300 neue Wohneinheiten sind geplant. Ten Brinke realisiert im n\u00f6rdlichen Teil 160 Wohneinheiten, darunter Reihenh\u00e4user und Eigentumswohnungen.<\/p>\n<p class=\"text_ohne_einzug richtext text-em-55 !leading-serif mx-6 desktop:mx-0\">Der westliche Teil ist weitgehend fertig, die Einheiten wurden an die Familien \u00fcbergeben. 100 Prozent sind verkauft. Der zweite Bauabschnitt Richtung Osten ist im Bau. Die Verkaufsquote liegt bei 50 Prozent. Rund die H\u00e4lfte der Wohneinheiten sind ver\u00e4u\u00dfert. Es entstehen \u00fcberwiegend barrierefreie Eigentumswohnungen in verschiedenen Gr\u00f6\u00dfen mit einer Tiefgarage.<\/p>\n<p class=\"text_ohne_einzug richtext text-em-55 !leading-serif mx-6 desktop:mx-0\">Bleibt der noch unbebaute mittlere Teil, dessen Realisierung in diesem Sommer begann. Lutz Ackermann verspricht, dass die Sichtachse von der Nordbahntrasse Richtung des ehemaligen Kontor- und Verwaltungsgeb\u00e4udes (1905-1909) der fr\u00fcheren Konsumgenossenschaft \u201eVorw\u00e4rts\u201d (mit B\u00e4ckerei, genossenschaftlicher Broterzeugung, und Fleischerei) erhalten bleibt. Das \u201eKonsum\u201d-Geb\u00e4ude geh\u00f6rt der Stadt Wuppertal und steht unter Denkmalschutz. Ten Brinke plant f\u00fcr das n\u00f6rdliche Heubruch-Gel\u00e4nde Ende 2027 einen Bauabschluss.<\/p>\n<p class=\"text_ohne_einzug richtext text-em-55 !leading-serif mx-6 desktop:mx-0\">Auf dem s\u00fcdlich gelegenen \u201eFelssporn Heubruch\u201d soll eine neue Kindertagesst\u00e4tte mit einem 3.000 Quadratmeter gro\u00dfen Spielplatz, der von allen Kindern genutzt werden darf, entstehen. Er befindet sich in Randlage zur Hochhaussiedlung Krautsberg. Pl\u00e4ne f\u00fcr die neue Nutzung des s\u00fcdlichen Abschnittes entlang der Nordbahntrasse entwickelt gegenw\u00e4rtig die Stadtverwaltung. Projektentwicklerin ist die Bahnfl\u00e4chen-Entwicklungsgesellschaft Aurelis, die Teilfl\u00e4chen an verschiedene Bautr\u00e4ger vermarktet.<\/p>\n","protected":false},"excerpt":{"rendered":"2016 war ein st\u00e4dtebauliches Konzept f\u00fcr die Quartiersentwicklung durchgef\u00fchrt worden. Teile der Pl\u00e4ne wurden bereits auf der Nordseite,&hellip;\n","protected":false},"author":2,"featured_media":669440,"comment_status":"","ping_status":"","sticky":false,"template":"","format":"standard","meta":{"footnotes":""},"categories":[1840],"tags":[3364,29,30,1209,4418],"class_list":{"0":"post-669439","1":"post","2":"type-post","3":"status-publish","4":"format-standard","5":"has-post-thumbnail","7":"category-wuppertal","8":"tag-de","9":"tag-deutschland","10":"tag-germany","11":"tag-nordrhein-westfalen","12":"tag-wuppertal"},"share_on_mastodon":{"url":"https:\/\/pubeurope.com\/@de\/115775849477937726","error":""},"_links":{"self":[{"href":"https:\/\/www.europesays.com\/de\/wp-json\/wp\/v2\/posts\/669439","targetHints":{"allow":["GET"]}}],"collection":[{"href":"https:\/\/www.europesays.com\/de\/wp-json\/wp\/v2\/posts"}],"about":[{"href":"https:\/\/www.europesays.com\/de\/wp-json\/wp\/v2\/types\/post"}],"author":[{"embeddable":true,"href":"https:\/\/www.europesays.com\/de\/wp-json\/wp\/v2\/users\/2"}],"replies":[{"embeddable":true,"href":"https:\/\/www.europesays.com\/de\/wp-json\/wp\/v2\/comments?post=669439"}],"version-history":[{"count":0,"href":"https:\/\/www.europesays.com\/de\/wp-json\/wp\/v2\/posts\/669439\/revisions"}],"wp:featuredmedia":[{"embeddable":true,"href":"https:\/\/www.europesays.com\/de\/wp-json\/wp\/v2\/media\/669440"}],"wp:attachment":[{"href":"https:\/\/www.europesays.com\/de\/wp-json\/wp\/v2\/media?parent=669439"}],"wp:term":[{"taxonomy":"category","embeddable":true,"href":"https:\/\/www.europesays.com\/de\/wp-json\/wp\/v2\/categories?post=669439"},{"taxonomy":"post_tag","embeddable":true,"href":"https:\/\/www.europesays.com\/de\/wp-json\/wp\/v2\/tags?post=669439"}],"curies":[{"name":"wp","href":"https:\/\/api.w.org\/{rel}","templated":true}]}}