{"id":669466,"date":"2025-12-24T18:44:43","date_gmt":"2025-12-24T18:44:43","guid":{"rendered":"https:\/\/www.europesays.com\/de\/669466\/"},"modified":"2025-12-24T18:44:43","modified_gmt":"2025-12-24T18:44:43","slug":"evangelischer-kirchenkreis-duisburg-heiligabend-und-weihnachten-in-du-sued","status":"publish","type":"post","link":"https:\/\/www.europesays.com\/de\/669466\/","title":{"rendered":"Evangelischer Kirchenkreis Duisburg: Heiligabend und Weihnachten in DU-S\u00fcd"},"content":{"rendered":"<p><b>Der Evangelische Kirchenkreis Duisburg l\u00e4dt an Heiligabend und den Weihnachtsfeiertagen zu einer Vielzahl an Gottesdiensten im Stadtbezirk Duisburg-S\u00fcd ein. Die Weihnachtsgeschichte steht in unterschiedlichen Lesungen und Darbietungen im Mittelpunkt, begleitet von Liedern zum Zuh\u00f6ren und Mitsingen.<br \/><\/b><\/p>\n<p>Vers\u00f6hnungsgemeinde<\/p>\n<p>Die Evangelische Vers\u00f6hnungsgemeinde Duisburg-S\u00fcd hat allein f\u00fcr den Heiligen Abend neun verschiedene festliche Gottesdienste organisiert und l\u00e4dt herzlich zum Mitfeiern ein. Den Start macht zum Christfest am 24. Dezember um 11 Uhr die Kinderweihnacht f\u00fcr die J\u00fcngsten in der Vers\u00f6hnungskirche Gro\u00dfenbaum, bei der gerne gekrabbelt werden darf. <\/p>\n<p>Ihr folgt um 15 Uhr der Familiengottesdienst in der Huckinger Kirche mit dem Weihnachtsst\u00fcck der Konfirmandinnen und Konfirmanden und dem Familiengottesdienst mit dem Krippenspiel der Kinderch\u00f6re um 15 Uhr in der Ungelsheimer Auferstehungskirche. Zeitgleich gibt es einen Familiengottesdienst mit Weihnachtsst\u00fcck und Kinderchor in der Vers\u00f6hnungskirche Gro\u00dfenbaum.<\/p>\n<p>\u201eRice up voices\u201c<\/p>\n<p>Um 17 Uhr wir die Christvesper mit dem Chor \u201eRice up voices\u201c in Ungelsheim gefeiert, ebenso die musikalisch-meditative Christvesper in Huckingen und die Christvesper mit der Kantorei in der Vers\u00f6hnungskirche. Die Gemeinde l\u00e4dt au\u00dferdem zum Ende des Heiligen Abends zur Christmette mit Instrumentalkreis in die Herz-Jesu-Kirche um 22.30 nach Serm und zur Christmette mit Posaunenchor um 23 Uhr in der Vers\u00f6hnungskirche ein.\u00a0<\/p>\n<p>Es folgen am 1. Weihnachtstag der Gottesdienst mit Abendmahl um 11 Uhr in St. Dionysius M\u00fcndelheim mit evangelischen Nachbargemeinden und am 2. Weihnachtstag der gemeinsame Gottesdienstdienst der S\u00fcdgemeinden um 10.30 Uhr in der Buchholzer Jesus-Christus-Kirche. Mehr Infos zur Gemeinde gibt im Netz unter www.evgds.de.<br \/>\u00a0<\/p>\n<p>Gemeinde Trinitatis<\/p>\n<p>An Heiligabend l\u00e4dt die Evangelische Kirchengemeinde Trinitatis zu f\u00fcnf verschiedenen Gottesdiensten in die Buchholzer Jesus-Christus-Kirche an der Arlberger Stra\u00dfe ein, so dass alle Generationen Weihnachten passend f\u00fcr sich mitfeiern k\u00f6nnen.<\/p>\n<p>Um 11 Uhr gibt es in der Buchholzer Jesus-Christus-Kirche einen Weihnachtsgottesdienst f\u00fcr Familien mit kleinen Kindern. Im Gottessdienst f\u00fcr Familien um 14 Uhr hat der Kinderchor einen gro\u00dfen Auftritt. Um 15.30 Uhr singt hingegen im Familiengottesdienst der Jugendchor.<\/p>\n<p>F\u00fcr 17 Uhr l\u00e4dt die Gemeinde zur Christvesper mit dem Kirchenchor, und f\u00fcr 23 Uhr l\u00e4dt sie zur Christmette ebenfalls in das Buchholzer Gotteshaus. Hier sorgt eine Band zur sp\u00e4ten Stunde f\u00fcr Musik. Mehr Infos zur Anmeldung f\u00fcr die Heiligabendgottesdienste und zu weiteren Gottesdiensten gibt es im Netz auf der Gemeindehomepage www.trinitatis-duisburg.de.<\/p>\n<p>Wanheimerort und Wanheim<\/p>\n<p>In der Evangelischen Rheingemeinde Duisburg wird an Heiligabend Gottesdienst an drei Orten und gleich sechs Mal gefeiert: In der Wanheimer Kirche an der Friemersheimer Stra\u00dfe kommen um 15 Uhr im Familiengottesdienst die Kinder beim Weihnachtsspiel ganz gro\u00df raus.<\/p>\n<p>\u00c4hnlich gro\u00df wird das Lampenfieber bei den Kleinen sein, die in den Familiengottesdiensten um 15 Uhr in der Gnadenkirche und im Gemeindehaus am Vogelsangplatz um 15.30 Uhr Krippenspiele auff\u00fchren. Um 17 Uhr feiert die Gemeinde Christvespern in der Wanheimer Kirche und der Gnadenkirche. Die Christnacht schlie\u00dft mit der Mette um 22.30 Uhr in der Gnadenkirche &#8211; mit vielen bekannten Liedern, aber auch mit weihnachtlichen Popsongs.\u00a0<\/p>\n<p>Gemeinsam<\/p>\n<p>Am 1. Weihnachtsfeiertag feiern die S\u00fcdgemeinden um 11 Uhr gemeinsam Gottesdienst in St. Dionysius in M\u00fcndelheim, am 2. Weihnachtstag ebenfalls gemeinsam, aber diesmal um 10.30 Uhr in der Jesus-Christus-Kirche in Buchholz.<\/p>\n","protected":false},"excerpt":{"rendered":"Der Evangelische Kirchenkreis Duisburg l\u00e4dt an Heiligabend und den Weihnachtsfeiertagen zu einer Vielzahl an Gottesdiensten im Stadtbezirk Duisburg-S\u00fcd&hellip;\n","protected":false},"author":2,"featured_media":669467,"comment_status":"","ping_status":"","sticky":false,"template":"","format":"standard","meta":{"footnotes":""},"categories":[1838],"tags":[3364,29,3715,30,1209],"class_list":{"0":"post-669466","1":"post","2":"type-post","3":"status-publish","4":"format-standard","5":"has-post-thumbnail","7":"category-duisburg","8":"tag-de","9":"tag-deutschland","10":"tag-duisburg","11":"tag-germany","12":"tag-nordrhein-westfalen"},"share_on_mastodon":{"url":"https:\/\/pubeurope.com\/@de\/115776026464431652","error":""},"_links":{"self":[{"href":"https:\/\/www.europesays.com\/de\/wp-json\/wp\/v2\/posts\/669466","targetHints":{"allow":["GET"]}}],"collection":[{"href":"https:\/\/www.europesays.com\/de\/wp-json\/wp\/v2\/posts"}],"about":[{"href":"https:\/\/www.europesays.com\/de\/wp-json\/wp\/v2\/types\/post"}],"author":[{"embeddable":true,"href":"https:\/\/www.europesays.com\/de\/wp-json\/wp\/v2\/users\/2"}],"replies":[{"embeddable":true,"href":"https:\/\/www.europesays.com\/de\/wp-json\/wp\/v2\/comments?post=669466"}],"version-history":[{"count":0,"href":"https:\/\/www.europesays.com\/de\/wp-json\/wp\/v2\/posts\/669466\/revisions"}],"wp:featuredmedia":[{"embeddable":true,"href":"https:\/\/www.europesays.com\/de\/wp-json\/wp\/v2\/media\/669467"}],"wp:attachment":[{"href":"https:\/\/www.europesays.com\/de\/wp-json\/wp\/v2\/media?parent=669466"}],"wp:term":[{"taxonomy":"category","embeddable":true,"href":"https:\/\/www.europesays.com\/de\/wp-json\/wp\/v2\/categories?post=669466"},{"taxonomy":"post_tag","embeddable":true,"href":"https:\/\/www.europesays.com\/de\/wp-json\/wp\/v2\/tags?post=669466"}],"curies":[{"name":"wp","href":"https:\/\/api.w.org\/{rel}","templated":true}]}}