{"id":669521,"date":"2025-12-24T19:22:02","date_gmt":"2025-12-24T19:22:02","guid":{"rendered":"https:\/\/www.europesays.com\/de\/669521\/"},"modified":"2025-12-24T19:22:02","modified_gmt":"2025-12-24T19:22:02","slug":"weihnachtszauber-in-berlin-arche-beschenkt-tausend-kinder-regional","status":"publish","type":"post","link":"https:\/\/www.europesays.com\/de\/669521\/","title":{"rendered":"Weihnachtszauber in Berlin: Arche beschenkt tausend Kinder | Regional"},"content":{"rendered":"<p>Berlin \u2013 <b>Ganz im Sinne von Weihnachten. Mehr als 1000 Kinder lachten und staunten, als sich an Heiligabend der Saal des Hofbr\u00e4uhaus in ein festliches Wunderland verwandelte.<\/b><\/p>\n<p>Das Hilfswerk \u201eDie Arche\u201c hatte dort finanziell benachteiligte Familien zu einem kostenlosen Weihnachtsessen eingeladen. Sie sollten so gemeinsam ein sch\u00f6nes Fest feiern k\u00f6nnen.<\/p>\n<p><img decoding=\"async\" width=\"992\" height=\"558\" alt=\"Die Kinder und ihre Familien lie\u00dfen sich das weihnachtliche Mahl schmecken\" src=\"https:\/\/www.europesays.com\/de\/wp-content\/uploads\/2025\/12\/e9a2b7854f8c20c79b8304f8feb068b8,d7c095cd\"   class=\"landscape\" loading=\"lazy\"\/><\/p>\n<p class=\"fig__caption__text\">Die Kinder und ihre Familien lie\u00dfen sich das weihnachtliche Mahl schmecken <\/p>\n<p>Foto: EPA<\/p>\n<p>Neben einem warmen Festtagsmen\u00fc gab es weihnachtliche Live-Musik sowie einen Besuch vom Weihnachtsmann. Er verteilte zuvor gespendete Geschenke an die M\u00e4dchen und Jungen. <a href=\"https:\/\/www.bild.de\/ratgeber\/kind-familie\/kind-und-familie\/home-15721934.bild.html\" class=\"text-link\" target=\"_blank\" rel=\"noopener\">Kinder<\/a> aus unterschiedlichen kulturellen Hintergr\u00fcnden konnten so <a href=\"https:\/\/www.bild.de\/news\/saisonal\/weihnachten\/news-und-videos-zum-weihnachtsfest-53888236.bild.html\" class=\"text-link\" target=\"_blank\" rel=\"noopener\">Weihnachten<\/a> in einem gemeinsamen Rahmen erleben.<\/p>\n<p>Weihnachtsessen ist zur Tradition geworden<\/p>\n<p>Die Mitarbeiter des Hofbr\u00e4uhauses in <a href=\"https:\/\/www.bild.de\/regional\/berlin\/berlin-regional\/home-15823246.bild.html\" class=\"text-link\" target=\"_blank\" rel=\"noopener\">Berlin<\/a> arbeiteten an diesem Nachmittag ehrenamtlich. Serviert wurden H\u00e4hnchen mit Rotkohl, Kl\u00f6\u00dfen und So\u00dfe. \u201eImmer mehr Kinder kommen zu uns und ben\u00f6tigen Hilfe\u201c, erkl\u00e4rte Arche-Gr\u00fcnder Bernd Siggelkow im Vorfeld der Veranstaltung. \u201eVielen Familien fehlt schlicht das Geld f\u00fcr Geschenke oder ein festliches Essen an Weihnachten.\u201c<\/p>\n<p><img decoding=\"async\" width=\"992\" height=\"558\" alt=\"Der Weihnachtsmann \u00fcberreichte jedem Kind ein Geschenk\" src=\"https:\/\/www.europesays.com\/de\/wp-content\/uploads\/2025\/12\/7720583a973220c4a751fed8ba7dee88,7ed9acc9\"   class=\"landscape\" loading=\"lazy\"\/><\/p>\n<p class=\"fig__caption__text\">Der Weihnachtsmann \u00fcberreichte jedem Kind ein Geschenk<\/p>\n<p>Foto: EPA<\/p>\n<p>Geschenke f\u00fcr 1000 Kinder<\/p>\n<p>Das Weihnachtsessen f\u00fcr die Kinderstiftung \u201eDie Arche\u201c findet im Hofbr\u00e4uhaus seit 2012 jedes Jahr am Heiligabend statt und ist inzwischen zu einer festen Tradition geworden. Es soll Kindern aus schwierigen sozialen Verh\u00e4ltnissen zumindest f\u00fcr einige Stunden Normalit\u00e4t und Teilhabe erm\u00f6glichen.<\/p>\n<p><img decoding=\"async\" width=\"992\" height=\"622\" alt=\"Gl\u00fccklich stehen die Kinder vor dem gro\u00dfen Berg aus gespendeten Geschenken\" src=\"https:\/\/www.europesays.com\/de\/wp-content\/uploads\/2025\/12\/10844385f079b9a07c61b9a949a49724,3ec4d217\"   class=\"dynamic\" loading=\"lazy\"\/><\/p>\n<p class=\"fig__caption__text\">\u201eArche\u201c-Gr\u00fcnder Bernd Siggelkow beim Spielen mit Kindern <\/p>\n<p>Foto: picture alliance\/dpa<\/p>\n<p>Das Engagement der Arche f\u00fcgt sich ein in eine gro\u00dfe Kultur der N\u00e4chstenliebe in Berlin. So organisiert Musiker Frank Zander (83) seit Jahrzehnten sein bekanntes G\u00e4nseessen f\u00fcr bed\u00fcrftige Menschen, bei dem auch in diesem Jahr wieder tausende Mahlzeiten ausgegeben wurden. Solche Aktionen erz\u00e4hlen von einer Stadt, in der nicht nur die Not w\u00e4chst, sondern auch die Bereitschaft, einander beizustehen. <\/p>\n<p><b>Und vielleicht liegt genau darin der eigentliche Weihnachtszauber: Dass Menschen f\u00fcreinander da sind \u2013 besonders f\u00fcr die, deren W\u00fcnsche oft unerf\u00fcllt bleiben.<\/b><\/p>\n","protected":false},"excerpt":{"rendered":"Berlin \u2013 Ganz im Sinne von Weihnachten. Mehr als 1000 Kinder lachten und staunten, als sich an Heiligabend&hellip;\n","protected":false},"author":2,"featured_media":669522,"comment_status":"","ping_status":"","sticky":false,"template":"","format":"standard","meta":{"footnotes":""},"categories":[1825],"tags":[95402,296,29,30,13327,70284,1114,45,12289],"class_list":{"0":"post-669521","1":"post","2":"type-post","3":"status-publish","4":"format-standard","5":"has-post-thumbnail","7":"category-berlin","8":"tag-advent","9":"tag-berlin","10":"tag-deutschland","11":"tag-germany","12":"tag-geschenke","13":"tag-heiliger-abend","14":"tag-kinder","15":"tag-texttospeech","16":"tag-weihnachten"},"share_on_mastodon":{"url":"https:\/\/pubeurope.com\/@de\/115776178156131027","error":""},"_links":{"self":[{"href":"https:\/\/www.europesays.com\/de\/wp-json\/wp\/v2\/posts\/669521","targetHints":{"allow":["GET"]}}],"collection":[{"href":"https:\/\/www.europesays.com\/de\/wp-json\/wp\/v2\/posts"}],"about":[{"href":"https:\/\/www.europesays.com\/de\/wp-json\/wp\/v2\/types\/post"}],"author":[{"embeddable":true,"href":"https:\/\/www.europesays.com\/de\/wp-json\/wp\/v2\/users\/2"}],"replies":[{"embeddable":true,"href":"https:\/\/www.europesays.com\/de\/wp-json\/wp\/v2\/comments?post=669521"}],"version-history":[{"count":0,"href":"https:\/\/www.europesays.com\/de\/wp-json\/wp\/v2\/posts\/669521\/revisions"}],"wp:featuredmedia":[{"embeddable":true,"href":"https:\/\/www.europesays.com\/de\/wp-json\/wp\/v2\/media\/669522"}],"wp:attachment":[{"href":"https:\/\/www.europesays.com\/de\/wp-json\/wp\/v2\/media?parent=669521"}],"wp:term":[{"taxonomy":"category","embeddable":true,"href":"https:\/\/www.europesays.com\/de\/wp-json\/wp\/v2\/categories?post=669521"},{"taxonomy":"post_tag","embeddable":true,"href":"https:\/\/www.europesays.com\/de\/wp-json\/wp\/v2\/tags?post=669521"}],"curies":[{"name":"wp","href":"https:\/\/api.w.org\/{rel}","templated":true}]}}