{"id":669543,"date":"2025-12-24T19:43:12","date_gmt":"2025-12-24T19:43:12","guid":{"rendered":"https:\/\/www.europesays.com\/de\/669543\/"},"modified":"2025-12-24T19:43:12","modified_gmt":"2025-12-24T19:43:12","slug":"massenklage-nach-bgh-urteil-bekommen-tesla-kunden-ihr-geld-zurueck-news","status":"publish","type":"post","link":"https:\/\/www.europesays.com\/de\/669543\/","title":{"rendered":"Massenklage nach BGH-Urteil: Bekommen Tesla-Kunden ihr Geld zur\u00fcck? | News"},"content":{"rendered":"<p>Ein falscher Bestell-Button f\u00fcr Online-K\u00e4ufe kann f\u00fcr Tesla in Deutschland teuer werden. Denn laut eines Urteils des Bundesgerichtshofs sollen Zehntausende Kaufvertr\u00e4ge f\u00fcr die E-Autos rechtswidrig und damit ung\u00fcltig sein. Bereits 300 Tesla-Kunden haben sich einer Sammelklage gegen den US-Konzern angeschlossen.<\/p>\n<p><b>Erfahren Sie mit BILDplus, welchen gravierenden Fehler Tesla gemacht hat, wie viele Autos betroffen sind und welche Kunden jetzt klagen k\u00f6nnen. <\/b><\/p>\n","protected":false},"excerpt":{"rendered":"Ein falscher Bestell-Button f\u00fcr Online-K\u00e4ufe kann f\u00fcr Tesla in Deutschland teuer werden. Denn laut eines Urteils des Bundesgerichtshofs&hellip;\n","protected":false},"author":2,"featured_media":669544,"comment_status":"","ping_status":"","sticky":false,"template":"","format":"standard","meta":{"footnotes":""},"categories":[134],"tags":[54398,1270,6644,175,170,169,29,1138,30,171,174,155885,760,147279,45,173,172],"class_list":{"0":"post-669543","1":"post","2":"type-post","3":"status-publish","4":"format-standard","5":"has-post-thumbnail","7":"category-unternehmen-maerkte","8":"tag-alternativer-antrieb","9":"tag-andreas-bachner","10":"tag-bundesgerichtshof","11":"tag-business","12":"tag-companies","13":"tag-companies-markets","14":"tag-deutschland","15":"tag-elektroauto","16":"tag-germany","17":"tag-markets","18":"tag-maerkte","19":"tag-online-bestelldienst","20":"tag-tesla","21":"tag-tesla-model-s","22":"tag-texttospeech","23":"tag-unternehmen","24":"tag-unternehmen-maerkte"},"share_on_mastodon":{"url":"https:\/\/pubeurope.com\/@de\/115776258335309738","error":""},"_links":{"self":[{"href":"https:\/\/www.europesays.com\/de\/wp-json\/wp\/v2\/posts\/669543","targetHints":{"allow":["GET"]}}],"collection":[{"href":"https:\/\/www.europesays.com\/de\/wp-json\/wp\/v2\/posts"}],"about":[{"href":"https:\/\/www.europesays.com\/de\/wp-json\/wp\/v2\/types\/post"}],"author":[{"embeddable":true,"href":"https:\/\/www.europesays.com\/de\/wp-json\/wp\/v2\/users\/2"}],"replies":[{"embeddable":true,"href":"https:\/\/www.europesays.com\/de\/wp-json\/wp\/v2\/comments?post=669543"}],"version-history":[{"count":0,"href":"https:\/\/www.europesays.com\/de\/wp-json\/wp\/v2\/posts\/669543\/revisions"}],"wp:featuredmedia":[{"embeddable":true,"href":"https:\/\/www.europesays.com\/de\/wp-json\/wp\/v2\/media\/669544"}],"wp:attachment":[{"href":"https:\/\/www.europesays.com\/de\/wp-json\/wp\/v2\/media?parent=669543"}],"wp:term":[{"taxonomy":"category","embeddable":true,"href":"https:\/\/www.europesays.com\/de\/wp-json\/wp\/v2\/categories?post=669543"},{"taxonomy":"post_tag","embeddable":true,"href":"https:\/\/www.europesays.com\/de\/wp-json\/wp\/v2\/tags?post=669543"}],"curies":[{"name":"wp","href":"https:\/\/api.w.org\/{rel}","templated":true}]}}