{"id":669545,"date":"2025-12-24T19:44:19","date_gmt":"2025-12-24T19:44:19","guid":{"rendered":"https:\/\/www.europesays.com\/de\/669545\/"},"modified":"2025-12-24T19:44:19","modified_gmt":"2025-12-24T19:44:19","slug":"ciro-andolfi-mafia-boss-in-mauerversteck-in-neapel-gefasst-panorama","status":"publish","type":"post","link":"https:\/\/www.europesays.com\/de\/669545\/","title":{"rendered":"Ciro Andolfi: Mafia-Boss in Mauerversteck in Neapel gefasst &#8211; Panorama"},"content":{"rendered":"<p data-manual=\"paragraph\" data-schema-org-speakable=\"true\" class=\"css-1eosz7k\">Ein seit Jahren gesuchter Boss der <a href=\"https:\/\/www.sueddeutsche.de\/thema\/Mafia\" rel=\"nofollow noopener\" target=\"_blank\">Mafia<\/a> Camorra ist in Neapel in einem gemauerten Versteck festgenommen worden. Ciro Andolfi, der auf der Liste der 100 gef\u00e4hrlichsten Straft\u00e4ter des italienischen Innenministeriums steht, war den Beamten zufolge mit Haftbefehl gesucht worden. Die Beamten fassten ihn in einer Wohnung im Stadtteil Barra von Neapel.<\/p>\n<p data-manual=\"paragraph\" data-schema-org-speakable=\"true\" class=\"css-1eosz7k\">Der 49-J\u00e4hrige war seit 2022 auf der Flucht. Er hat den Ermittlern zufolge noch eine Gef\u00e4ngnisstrafe von acht Jahren und gut drei Monaten abzusitzen, unter anderem wegen seiner Zugeh\u00f6rigkeit zu einer Mafiaorganisation, Erpressung mit mafi\u00f6sen Methoden und Korruption.<\/p>\n<p>Mit Madonna und Vogelk\u00e4fig<\/p>\n<p data-manual=\"paragraph\" data-schema-org-speakable=\"true\" class=\"css-1eosz7k\"><a href=\"https:\/\/www.tgcom24.mediaset.it\/cronaca\/camorra-arrestato-napoli-ciro-andolfi_107339102-202502k.shtml\" target=\"_blank\" rel=\"nofollow noopener\">Ein Video der Carabinieri, das unter anderem beim Sender \u201eTGcom 24\u201c zu sehen ist,<\/a> zeigt, wie die Beamten bei Dunkelheit das Geb\u00e4ude mit der Wohnung des Gesuchten betreten. Dann ist ein Loch in der Mauer eines Zimmers zu sehen. Das Versteck war geschickt in die Wand eingebaut: Der Zugang war durch einen Heizk\u00f6rper verdeckt, den die Beamten abnahmen.<\/p>\n<p>Plattform XDie SZ-Redaktion hat diesen Artikel mit einem Inhalt von X Corp. angereichert<\/p>\n<p class=\"css-kxe210\">Um Ihre Daten zu sch\u00fctzen, wurde er nicht ohne Ihre Zustimmung geladen.<\/p>\n<p>Inhalt jetzt laden<\/p>\n<p class=\"css-orh8zx\">Ich bin damit einverstanden, dass mir Inhalte von X Corp. angezeigt werden. Damit werden personenbezogene Daten an den Betreiber des Portals zur Nutzungsanalyse \u00fcbermittelt. Mehr Informationen und eine Widerrufsm\u00f6glichkeit finden Sie unter\u00a0<a href=\"https:\/\/datenschutz.sueddeutsche.de\/sz\" class=\"css-lqefuc\" rel=\"nofollow noopener\" target=\"_blank\">sz.de\/datenschutz<\/a>.<\/p>\n<p data-manual=\"paragraph\" data-schema-org-speakable=\"true\" class=\"css-1eosz7k\">Dahinter \u2013 so zeigt das Video \u2013 ging es einen Gang entlang. Der Camorra-Boss hatte in seinem Versteck den Bildern zufolge auch einen kleinen Vogelk\u00e4fig und eine Madonnen-Figur.<\/p>\n<p data-manual=\"paragraph\" data-schema-org-speakable=\"true\" class=\"css-1eosz7k\">Banden der Camorra operieren vor allem in Neapel und in Kampanien. Die Camorra besteht aus autonomen Clans \u2013 anders als die von oben gef\u00fchrte Cosa Nostra.<\/p>\n","protected":false},"excerpt":{"rendered":"Ein seit Jahren gesuchter Boss der Mafia Camorra ist in Neapel in einem gemauerten Versteck festgenommen worden. Ciro&hellip;\n","protected":false},"author":2,"featured_media":669546,"comment_status":"","ping_status":"","sticky":false,"template":"","format":"standard","meta":{"footnotes":""},"categories":[3],"tags":[147,13,355,1439,14,15,1974,16,12,149,10,8,9,11,103,104],"class_list":{"0":"post-669545","1":"post","2":"type-post","3":"status-publish","4":"format-standard","5":"has-post-thumbnail","7":"category-welt","8":"tag-ausland","9":"tag-headlines","10":"tag-italien","11":"tag-mafia","12":"tag-nachrichten","13":"tag-news","14":"tag-panorama","15":"tag-politik","16":"tag-schlagzeilen","17":"tag-sueddeutsche-zeitung","18":"tag-top-news","19":"tag-top-meldungen","20":"tag-topmeldungen","21":"tag-topnews","22":"tag-welt","23":"tag-world"},"share_on_mastodon":{"url":"https:\/\/pubeurope.com\/@de\/115776262354760116","error":""},"_links":{"self":[{"href":"https:\/\/www.europesays.com\/de\/wp-json\/wp\/v2\/posts\/669545","targetHints":{"allow":["GET"]}}],"collection":[{"href":"https:\/\/www.europesays.com\/de\/wp-json\/wp\/v2\/posts"}],"about":[{"href":"https:\/\/www.europesays.com\/de\/wp-json\/wp\/v2\/types\/post"}],"author":[{"embeddable":true,"href":"https:\/\/www.europesays.com\/de\/wp-json\/wp\/v2\/users\/2"}],"replies":[{"embeddable":true,"href":"https:\/\/www.europesays.com\/de\/wp-json\/wp\/v2\/comments?post=669545"}],"version-history":[{"count":0,"href":"https:\/\/www.europesays.com\/de\/wp-json\/wp\/v2\/posts\/669545\/revisions"}],"wp:featuredmedia":[{"embeddable":true,"href":"https:\/\/www.europesays.com\/de\/wp-json\/wp\/v2\/media\/669546"}],"wp:attachment":[{"href":"https:\/\/www.europesays.com\/de\/wp-json\/wp\/v2\/media?parent=669545"}],"wp:term":[{"taxonomy":"category","embeddable":true,"href":"https:\/\/www.europesays.com\/de\/wp-json\/wp\/v2\/categories?post=669545"},{"taxonomy":"post_tag","embeddable":true,"href":"https:\/\/www.europesays.com\/de\/wp-json\/wp\/v2\/tags?post=669545"}],"curies":[{"name":"wp","href":"https:\/\/api.w.org\/{rel}","templated":true}]}}